{"id":132206,"date":"2026-01-08T16:20:09","date_gmt":"2026-01-08T16:20:09","guid":{"rendered":"https:\/\/www.europesays.com\/no\/132206\/"},"modified":"2026-01-08T16:20:09","modified_gmt":"2026-01-08T16:20:09","slug":"politiet-med-nye-detaljer-om-drapssiktedes-flukt-til-oslo-nrk-innlandet-lokale-nyheter-tv-og-radio","status":"publish","type":"post","link":"https:\/\/www.europesays.com\/no\/132206\/","title":{"rendered":"Politiet med nye detaljer om drapssiktedes flukt til Oslo \u2013 NRK Innlandet \u2013 Lokale nyheter, TV og radio"},"content":{"rendered":"<p>Onsdag ble en mann i 60-\u00e5rene, som er siktet for drapet p\u00e5 May Torill Eriksen (48), som ble funnet d\u00f8d i en leilighet i desember, avh\u00f8rt av politiet.<\/p>\n<p>Det opplyser politiinspekt\u00f8r Henning Klauseie til NRK, og legger til at avh\u00f8ret ikke er ferdigstilt.<\/p>\n<p><strong>\u2013 Det vil v\u00e6re behov for ytterligere avtaler om avh\u00f8ret da g\u00e5rsdagens avh\u00f8r var et innledende avh\u00f8r. Vi kan ikke kommentere noe fra avh\u00f8ret, men siktede er kjent med den anklagen som er rettet mot ham.<\/strong><\/p>\n<p>N\u00e5 kommer politiet med nye detaljer om reisen til siktede, som f\u00f8rst tre dager etter kvinnen ble funnet d\u00f8d, ble p\u00e5grepet i Oslo.<\/p>\n<p>Mannen forsvarer, advokat John Christian Elden, har ikke besvart NRKs henvendelse i saken. Det er ikke kjent hvordan mannen stiller seg til siktelsen. <\/p>\n<p><img decoding=\"async\"   src=\"data:image\/gif;base64,R0lGODlhAQABAIAAAAAAAP\/\/\/yH5BAEAAAAALAAAAAABAAEAAAIBRAA7\" loading=\"eager\" alt=\"Innlandet politidistrikt\" title=\"Foto: Innlandet politidistrikt\"\/><\/p>\n<p class=\"\">TRENGER HJELP: Politiet ber om tips fra folk som kan ha sett den drapssiktede og denne hunden, eller som har overv\u00e5kning hvor disse vises.<\/p>\n<p>Foto: Innlandet politidistrikt<\/p>\n<p>Reiseruten til Oslo<\/p>\n<p>Den 27. desember ble kvinnen funnet d\u00f8d i sin leilighet p\u00e5 Kirken\u00e6r i Innlandet.<\/p>\n<p>F\u00f8rst tre dager senere, tirsdag 30. desember, ble mannen <a href=\"https:\/\/www.nrk.no\/innlandet\/kvinne-funnet-dod-i-grue---ettersokt-siktet-er-tatt-1.17708718\" ec-id=\"pp:article:1.17708718\" ec-name=\"p\u00e5grepet i en leilighet i Oslo\" rel=\"nofollow noopener\" target=\"_blank\">p\u00e5grepet i en leilighet i Oslo<\/a>.<\/p>\n<p>\u2013 Vi antar at siktede har beveget seg til Oslo med kollektivtransport, men det er fortsatt flere detaljer som ikke er avklart om dette, b\u00e5de n\u00e5r det gjelder tidspunkt og ruten han har beveget seg langs, skriver Klauseie i en e-post. <\/p>\n<p><img decoding=\"async\"   src=\"data:image\/gif;base64,R0lGODlhAQABAIAAAAAAAP\/\/\/yH5BAEAAAAALAAAAAABAAEAAAIBRAA7\" loading=\"eager\" alt=\"En mann st\u00e5r i et kontorlandskap med glassvegger, if\u00f8rt en rutete skjorte. Han har et svart sekker med en identifikasjonslapp rundt halsen. I bakgrunnen er det d\u00f8ren til et kontor merket &quot;POLITIDISTRIKT&quot;. Lysforholdene er klare, og rommet ser ut til \u00e5 v\u00e6re godt vedlikeholdt. (Bildebeskrivelsen er laget av en KI-tjeneste)\" title=\"Foto: Aleksandr Nedbaev \/ NRK\"\/><\/p>\n<p class=\"\">Politiinspekt\u00f8r Henning Klauseie.<\/p>\n<p>Foto: Aleksandr Nedbaev \/ NRK<\/p>\n<p><strong>Klauseie opplyser at politiet i Oslo gjenkjente den siktede, og etter a<\/strong><strong>vtale med Innlandet politidistrikt igangsatte en p\u00e5gripelse.<\/strong><\/p>\n<p>Under p\u00e5gripelsen ble to andre personer, som befant seg i leiligheten da p\u00e5gripelsen fant sted, tatt med til politihuset p\u00e5 Gr\u00f8nland.<\/p>\n<p>\u2013 De er begge l\u00f8slatt etter avh\u00f8r. Ingen av dem er mistenkt for noe med selve drapssaken \u00e5 gj\u00f8re, p\u00e5peker Klauseie.<\/p>\n<p> \u2003\u2003\u2003\u2003\u2003\u2003\u2003\u2003\u2003\u2003\u2003\u2003\u2003\u2003\u2003\u2003\u2003\u2003\u2003\u2003<\/p>\n<p>Ber om hjelp<\/p>\n<p>Politiet jobber n\u00e5 med \u00e5 skaffe seg et s\u00e5 godt bilde som overhodet mulig av mannens reiserute.<\/p>\n<p>\u2013 Politiet antar at siktede har g\u00e5tt langs Sol\u00f8rvegen\/Riksveg 2 s\u00f8rover til Grue R\u00e5dhus, ned til Finnskogvegen. Nordover har han sannsynligvis g\u00e5tt enten Meierivegen eller Bruksvegen til Kornsiloen. Videre har han g\u00e5tt Jernbanevegen til Skaslien gjestgiveri og deretter Sol\u00f8rvegen\/rv2 s\u00f8rover igjen, skriver Klauseie. <\/p>\n<p><strong>Personer som har befunnet seg p\u00e5 Kirken\u00e6r i tidsrommet mellom 23. desember klokken 17.00 og 24. desember klokken 13.00, eller som har overv\u00e5kning, bilder eller film, om \u00e5 ta kontakt.<\/strong><\/p>\n<p>\u2013 Det er snakk om en gr\u00e5h\u00e5ret mann p\u00e5 60 \u00e5r som hadde med en st\u00f8rre hund. Hunden har hvite poter, hvitt ansikt og hadde sannsynligvis p\u00e5 et dekken, opplyser Klauseie, og viser til bildet \u00f8verst i saken.<\/p>\n<p>Publisert<\/p>\n<p>08.01.2026, kl. 14.57<\/p>\n<p>Oppdatert<\/p>\n<p>08.01.2026, kl. 16.42<\/p>\n","protected":false},"excerpt":{"rendered":"Onsdag ble en mann i 60-\u00e5rene, som er siktet for drapet p\u00e5 May Torill Eriksen (48), som ble&hellip;\n","protected":false},"author":2,"featured_media":125428,"comment_status":"","ping_status":"","sticky":false,"template":"","format":"standard","meta":{"footnotes":""},"categories":[10],"tags":[20,21,24,25,15,22,23,13,30,28,29,14,16,26,27],"class_list":{"0":"post-132206","1":"post","2":"type-post","3":"status-publish","4":"format-standard","5":"has-post-thumbnail","7":"category-norge","8":"tag-breaking-news","9":"tag-breakingnews","10":"tag-featured-news","11":"tag-featurednews","12":"tag-headlines","13":"tag-latest-news","14":"tag-latestnews","15":"tag-news","16":"tag-no","17":"tag-norge","18":"tag-norway","19":"tag-nyheter","20":"tag-overskrifter","21":"tag-top-stories","22":"tag-topstories"},"share_on_mastodon":{"url":"https:\/\/pubeurope.com\/@no\/115860394777456004","error":""},"_links":{"self":[{"href":"https:\/\/www.europesays.com\/no\/wp-json\/wp\/v2\/posts\/132206","targetHints":{"allow":["GET"]}}],"collection":[{"href":"https:\/\/www.europesays.com\/no\/wp-json\/wp\/v2\/posts"}],"about":[{"href":"https:\/\/www.europesays.com\/no\/wp-json\/wp\/v2\/types\/post"}],"author":[{"embeddable":true,"href":"https:\/\/www.europesays.com\/no\/wp-json\/wp\/v2\/users\/2"}],"replies":[{"embeddable":true,"href":"https:\/\/www.europesays.com\/no\/wp-json\/wp\/v2\/comments?post=132206"}],"version-history":[{"count":0,"href":"https:\/\/www.europesays.com\/no\/wp-json\/wp\/v2\/posts\/132206\/revisions"}],"wp:featuredmedia":[{"embeddable":true,"href":"https:\/\/www.europesays.com\/no\/wp-json\/wp\/v2\/media\/125428"}],"wp:attachment":[{"href":"https:\/\/www.europesays.com\/no\/wp-json\/wp\/v2\/media?parent=132206"}],"wp:term":[{"taxonomy":"category","embeddable":true,"href":"https:\/\/www.europesays.com\/no\/wp-json\/wp\/v2\/categories?post=132206"},{"taxonomy":"post_tag","embeddable":true,"href":"https:\/\/www.europesays.com\/no\/wp-json\/wp\/v2\/tags?post=132206"}],"curies":[{"name":"wp","href":"https:\/\/api.w.org\/{rel}","templated":true}]}}