{"id":132207,"date":"2026-01-08T16:21:10","date_gmt":"2026-01-08T16:21:10","guid":{"rendered":"https:\/\/www.europesays.com\/no\/132207\/"},"modified":"2026-01-08T16:21:10","modified_gmt":"2026-01-08T16:21:10","slug":"tv-2-erfarer-selges-til-italia","status":"publish","type":"post","link":"https:\/\/www.europesays.com\/no\/132207\/","title":{"rendered":"TV 2 erfarer: Selges til Italia"},"content":{"rendered":"<p>Marko Farjio har over lengre tid v\u00e6rt \u00f8nsket av flere klubber b\u00e5de i Norge og utlandet.<\/p>\n<p class=\"bold m-bold\" data-lab-font_weight=\"bold\">Italienske Venezia skal n\u00e5 etter hva TV 2 er kjent med ha kommet til enighet med Str\u00f8msgodset om en overgang.<\/p>\n<p data-lab-font_weight=\"\">Han skal allerede ha reist til Italia for \u00e5 fullf\u00f8re overgangen.<\/p>\n<p>Klubben har over lengre tid fors\u00f8kt seg med flere bud p\u00e5 kantspilleren.<\/p>\n<p>Til slutt sto det mellom den italienske klubben og en annen, men det er klubben p\u00e5 nest \u00f8verste niv\u00e5 i Italia som sikrer seg hans tjenester.\u00a0<\/p>\n<p>        <img class=\"image__img lazyload\" itemprop=\"image\" title=\"Foto: Christoffer Andersen \/ NTB\" alt=\"I ITALIA: Etter hva TV 2 er kjent med er Marko Farji allerede p\u00e5 plass i Italia for \u00e5 fullf\u00f8re overgangen. Foto: Christoffer Andersen \/ NTB\" width=\"978\" height=\"656\" bad-src=\"https:\/\/www.europesays.com\/no\/wp-content\/uploads\/2026\/01\/18207320.webp.jpeg\" fetchpriority=\"auto\" \/><\/p>\n<p>      I ITALIA: Etter hva TV 2 er kjent med er Marko Farji allerede p\u00e5 plass i Italia for \u00e5 fullf\u00f8re overgangen.<br \/>\n         Foto: Christoffer Andersen \/ NTB<\/p>\n<p>I slutten november bekreftet Farji selv interessen fra den italienske klubben til <a href=\"https:\/\/www.tv2.no\/direkte\/0nr51\/sportsdognet-live\/692ca903c63296402c2d7604\/tv-2-erfarer-stromsgodsetjuvel-pa-vei-til-italia\" rel=\"nofollow noopener\" target=\"_blank\">TV 2.<\/a><\/p>\n<p>Han endte til med ni scoringer og fire m\u00e5lgivende pasninger fra sin kantposisjon i fjor\u00e5rets eliteserie for Str\u00f8msgodset som rykket ned til OBOS-ligaen.<\/p>\n<p> Ogs\u00e5 p\u00e5 Irak sitt landslag har han f\u00e5tt en viktig rolle. Farji startet i Iraks to siste landskamper i den asiatiske VM-kvalifiseringen, og i \u00e5r kan det fort bli spill i VM. Irak skal nemlig spille playoff i mars der plass i neste \u00e5rs VM ligger i potten. <\/p>\n<p>Str\u00f8msgodsets sportssjef Jackie Rasmussen har ikke besvart TV 2s henvendelse torsdag.<\/p>\n<p class=\"italic m-italic\" data-lab-italic=\"italic\">Artikkelen oppdateres.<\/p>\n","protected":false},"excerpt":{"rendered":"Marko Farjio har over lengre tid v\u00e6rt \u00f8nsket av flere klubber b\u00e5de i Norge og utlandet. Italienske Venezia&hellip;\n","protected":false},"author":2,"featured_media":132208,"comment_status":"","ping_status":"","sticky":false,"template":"","format":"standard","meta":{"footnotes":""},"categories":[5],"tags":[20,21,24,25,15,19,22,23,17,18,13,30,28,29,14,16,26,27],"class_list":{"0":"post-132207","1":"post","2":"type-post","3":"status-publish","4":"format-standard","5":"has-post-thumbnail","7":"category-overskrifter","8":"tag-breaking-news","9":"tag-breakingnews","10":"tag-featured-news","11":"tag-featurednews","12":"tag-headlines","13":"tag-hovedoppslag","14":"tag-latest-news","15":"tag-latestnews","16":"tag-main-news","17":"tag-mainnews","18":"tag-news","19":"tag-no","20":"tag-norge","21":"tag-norway","22":"tag-nyheter","23":"tag-overskrifter","24":"tag-top-stories","25":"tag-topstories"},"share_on_mastodon":{"url":"https:\/\/pubeurope.com\/@no\/115860398645040477","error":""},"_links":{"self":[{"href":"https:\/\/www.europesays.com\/no\/wp-json\/wp\/v2\/posts\/132207","targetHints":{"allow":["GET"]}}],"collection":[{"href":"https:\/\/www.europesays.com\/no\/wp-json\/wp\/v2\/posts"}],"about":[{"href":"https:\/\/www.europesays.com\/no\/wp-json\/wp\/v2\/types\/post"}],"author":[{"embeddable":true,"href":"https:\/\/www.europesays.com\/no\/wp-json\/wp\/v2\/users\/2"}],"replies":[{"embeddable":true,"href":"https:\/\/www.europesays.com\/no\/wp-json\/wp\/v2\/comments?post=132207"}],"version-history":[{"count":0,"href":"https:\/\/www.europesays.com\/no\/wp-json\/wp\/v2\/posts\/132207\/revisions"}],"wp:featuredmedia":[{"embeddable":true,"href":"https:\/\/www.europesays.com\/no\/wp-json\/wp\/v2\/media\/132208"}],"wp:attachment":[{"href":"https:\/\/www.europesays.com\/no\/wp-json\/wp\/v2\/media?parent=132207"}],"wp:term":[{"taxonomy":"category","embeddable":true,"href":"https:\/\/www.europesays.com\/no\/wp-json\/wp\/v2\/categories?post=132207"},{"taxonomy":"post_tag","embeddable":true,"href":"https:\/\/www.europesays.com\/no\/wp-json\/wp\/v2\/tags?post=132207"}],"curies":[{"name":"wp","href":"https:\/\/api.w.org\/{rel}","templated":true}]}}