{"id":132217,"date":"2026-01-08T16:28:08","date_gmt":"2026-01-08T16:28:08","guid":{"rendered":"https:\/\/www.europesays.com\/no\/132217\/"},"modified":"2026-01-08T16:28:08","modified_gmt":"2026-01-08T16:28:08","slug":"forelopig-ingen-formening-om-hvor-pengene-stammer-fra","status":"publish","type":"post","link":"https:\/\/www.europesays.com\/no\/132217\/","title":{"rendered":"\u2013 Forel\u00f8pig ingen formening om hvor pengene stammer fra"},"content":{"rendered":"\n<p class=\"_lead_o9xde_2 _lead_xtcu6_50 layout-component text-serif-m layout-normal text-serif-l layout-component layout-wide layout-padded _wide_17hqh_1 layout-padded\">Politiet vil forel\u00f8pig ikke kommentere n\u00f8yaktig bel\u00f8p. Politikilder sier til NRK at de ikke tror funnet stammet fra Nokas-ranet. <\/p>\n<p><img alt=\"Denne sekken full av penger ble funnet i Sandnes tirsdag.  Foto: Privat \/ NTB\" class=\"_image_qp4xg_65 layout-component layout-wide\" data-fullscreen- data-track-element-type=\"Article image fullscreen\" data-track-name=\"ImageFullscreen\" fetchpriority=\"high\" decoding=\"sync\" loading=\"eager\" height=\"552\" itemprop=\"image\"  src=\"https:\/\/www.europesays.com\/no\/wp-content\/uploads\/2026\/01\/4653b377-750e-453c-bcdf-0a83fc27761f.jpeg\"  style=\"object-position:0% 0%\" width=\"414\"\/>Denne sekken full av penger ble funnet i Sandnes tirsdag.  Foto: Privat \/ NTB<\/p>\n<ul aria-hidden=\"true\" class=\"_images_ntbth_112\">\n<li><a class=\"_link_ntbth_117\" href=\"https:\/\/www.vg.no\/forfatter\/ntb\" style=\"z-index:1\" title=\"NTB\" rel=\"nofollow noopener\" target=\"_blank\"><img alt=\"Bilde av NTB\" class=\"_image_ntbth_93\" fetchpriority=\"low\" loading=\"lazy\" decoding=\"async\" itemprop=\"image\"  src=\"https:\/\/www.europesays.com\/no\/wp-content\/uploads\/2026\/01\/1767889688_671_c33980b0-5d07-4027-84a1-813f90a7c8d6.png\"  width=\"480\"\/><\/a><\/li>\n<\/ul>\n<p> Oppdatert torsdag 8. januar kl. 16:54    <\/p>\n<ul class=\"_list_o9xde_3 _list_64s2r_85 _unordered_o9xde_106 text-sans-m\">\n<li class=\"_item_o9xde_30\">Politiet har funnet en betydelig sum penger nedgravd i Sandnes, men vil ikke avsl\u00f8re bel\u00f8p av hensyn til etterforskningen.<\/li>\n<li class=\"_item_o9xde_30\">En operasjonsleder har sagt at det kan dreie seg om flere millioner kroner.<\/li>\n<li class=\"_item_o9xde_30\">Spekulasjoner om en kobling til Nokas-ranet blir avvist av uavhengige politikilder.<\/li>\n<\/ul>\n<p>Vis mer <\/p>\n<p class=\"_paragraph_o9xde_4 _paragraph_xtcu6_10 layout-component text-serif-m layout-normal text-serif-m layout-padded\">Onsdag ble det kjent at en betydelig pengesum hadde v\u00e6rt nedgravd p\u00e5 en tomt i <a href=\"https:\/\/www.vg.no\/tag\/sandnes?utm_source=vg-article&amp;utm_medium=auto-tagger&amp;utm_campaign=2pGMWq\" class=\"_link_o9xde_39\" rel=\"nofollow noopener\" target=\"_blank\">Sandnes<\/a>.<\/p>\n<p class=\"_paragraph_o9xde_4 _paragraph_xtcu6_10 layout-component text-serif-m layout-normal text-serif-m layout-padded\"><strong class=\"_strong_o9xde_25\">Sekken, som var full av penger, ble <a href=\"https:\/\/www.vg.no\/nyheter\/i\/5p09E6\/fant-stoerre-pengesum-under-graving-i-sandnes\" data-track-element-type=\"Link\" data-track-id=\"link:5p09E6\" class=\"_link_o9xde_39\" rel=\"nofollow noopener\" target=\"_blank\">funnet i forbindelse med gravearbeid<\/a> i Oalsgata, som er en hovedfarts\u00e5re i Sandnes.<\/strong><\/p>\n<p class=\"_paragraph_o9xde_4 _paragraph_xtcu6_10 layout-component text-serif-m layout-normal text-serif-m layout-padded\">Politiet reiste ut til stedet med b\u00e5de patrulje og kriminalteknikere. <\/p>\n<p class=\"_paragraph_o9xde_4 _paragraph_xtcu6_10 layout-component text-serif-m layout-normal text-serif-m layout-padded\">Men forel\u00f8pig holder de kortene tett til brystet. Politiet vil ikke si konkret hvor mye penger det er snakk om.<\/p>\n<p class=\"_paragraph_o9xde_4 _paragraph_xtcu6_10 layout-component text-serif-m layout-normal text-serif-m layout-padded\">\u2013 Dette er av hensyn til etterforskningen, da vi blant annet skal gj\u00f8re flere vitneavh\u00f8r, sier politiadvokat Isa Linn Ravndal i en pressemelding torsdag.<\/p>\n<p class=\"_paragraph_o9xde_4 _paragraph_xtcu6_10 layout-component text-serif-m layout-normal text-serif-m layout-padded\"><strong class=\"_strong_o9xde_25\">If\u00f8lge operasjonsleder i politiet Victor Fenne kan det \u00abv\u00e6re snakk om flere millioner kroner\u00bb. <\/strong><\/p>\n<p class=\"_paragraph_o9xde_4 _paragraph_xtcu6_10 layout-component text-serif-m layout-normal text-serif-m layout-padded\">Det sa han til <a href=\"https:\/\/www.aftenbladet.no\/lokalt\/i\/43qyq9\/fant-betydelig-pengesum-nedgravd-i-oalsgata\" class=\"_link_o9xde_39\" rel=\"nofollow noopener\" target=\"_blank\">Stavanger Aftenblad<\/a> onsdag kveld. <\/p>\n<p>Spekulerer i Nokas<\/p>\n<p class=\"_paragraph_o9xde_4 _paragraph_xtcu6_10 layout-component text-serif-m layout-normal text-serif-m layout-padded\">Det har blitt stilt sp\u00f8rsm\u00e5l om hvorvidt pengene kan stamme fra Nokas-ranet i 2004, siden det er snakk om betydelige mengder. Under ranet forsvant 57 millioner kroner, og mye av det ble aldri funnet. <\/p>\n<p class=\"_paragraph_o9xde_4 _paragraph_xtcu6_10 layout-component text-serif-m layout-normal text-serif-m layout-padded\">\u2013 Vi har ingen formening per n\u00e5 om hvor pengene stammer fra. Det er ikke vanlig \u00e5 finne penger nedgravd, sa operasjonsleder Roger Litlatun i S\u00f8rvest politidistrikt til Aftenbladet onsdag. <\/p>\n<p class=\"_paragraph_o9xde_4 _paragraph_xtcu6_10 layout-component text-serif-m layout-normal text-serif-m layout-padded\">P\u00e5 sp\u00f8rsm\u00e5l om pengene kan ha ligget der i 20 \u00e5r, p\u00e5pekte han at det bare ville bli gjetting \u00e5 svare.<\/p>\n<p class=\"_paragraph_o9xde_4 _paragraph_xtcu6_10 layout-component text-serif-m layout-normal text-serif-m layout-padded\">Bilder avisen har publisert, viser en sekk med blant annet 200- og 500-lapper fra seddelserien som ble utgitt mellom 1994 og 2020. <\/p>\n<p class=\"_paragraph_o9xde_4 _paragraph_xtcu6_10 layout-component text-serif-m layout-normal text-serif-m layout-padded\">If\u00f8lge <a href=\"https:\/\/www.nrk.no\/rogaland\/pengene-skal-ikke-stamme-fra-nokas-ranet-1.17718909\" class=\"_link_o9xde_39\" rel=\"nofollow noopener\" target=\"_blank\">NRK<\/a> sier uavhengige politikilder at pengene ikke kan ha noe med Nokas-ranet \u00e5 gj\u00f8re, fordi sedler skal v\u00e6re datert etter ranet i 2004. <\/p>\n<p>Gj\u00f8r avh\u00f8r<\/p>\n<p class=\"_paragraph_o9xde_4 _paragraph_xtcu6_10 layout-component text-serif-m layout-normal text-serif-m layout-padded\">Kriminalteknikere i S\u00f8rvest politidistrikt unders\u00f8ker sedlene og r\u00e5df\u00f8rer seg l\u00f8pende med Kripos og Oslo universitetssykehus ved behov. <\/p>\n<p class=\"_paragraph_o9xde_4 _paragraph_xtcu6_10 layout-component text-serif-m layout-normal text-serif-m layout-padded\">Det skal gj\u00f8res avh\u00f8r av personer med tilknytning til huset som sto p\u00e5 stedet tidligere. <\/p>\n<p class=\"_paragraph_o9xde_4 _paragraph_xtcu6_10 layout-component text-serif-m layout-normal text-serif-m layout-padded\">Ravndal vil ikke si noe om bel\u00f8p eller \u00e5rstall p\u00e5 sedlene og begrunner det med risiko for at vitner blir p\u00e5virket.<\/p>\n<p class=\"_paragraph_o9xde_4 _paragraph_xtcu6_10 layout-component text-serif-m layout-normal text-serif-m layout-padded\">Politiet teller pengene, sjekker \u00e5rstallene p\u00e5 dem og om det finnes DNA eller fingeravtrykk p\u00e5 sedlene.<\/p>\n","protected":false},"excerpt":{"rendered":"Politiet vil forel\u00f8pig ikke kommentere n\u00f8yaktig bel\u00f8p. Politikilder sier til NRK at de ikke tror funnet stammet fra&hellip;\n","protected":false},"author":2,"featured_media":132218,"comment_status":"","ping_status":"","sticky":false,"template":"","format":"standard","meta":{"footnotes":""},"categories":[5],"tags":[20,21,24,25,15,19,22,23,17,18,13,30,15294,28,29,14,16,1319,26,27],"class_list":{"0":"post-132217","1":"post","2":"type-post","3":"status-publish","4":"format-standard","5":"has-post-thumbnail","7":"category-overskrifter","8":"tag-breaking-news","9":"tag-breakingnews","10":"tag-featured-news","11":"tag-featurednews","12":"tag-headlines","13":"tag-hovedoppslag","14":"tag-latest-news","15":"tag-latestnews","16":"tag-main-news","17":"tag-mainnews","18":"tag-news","19":"tag-no","20":"tag-nokas","21":"tag-norge","22":"tag-norway","23":"tag-nyheter","24":"tag-overskrifter","25":"tag-sandnes","26":"tag-top-stories","27":"tag-topstories"},"share_on_mastodon":{"url":"https:\/\/pubeurope.com\/@no\/115860426200883007","error":""},"_links":{"self":[{"href":"https:\/\/www.europesays.com\/no\/wp-json\/wp\/v2\/posts\/132217","targetHints":{"allow":["GET"]}}],"collection":[{"href":"https:\/\/www.europesays.com\/no\/wp-json\/wp\/v2\/posts"}],"about":[{"href":"https:\/\/www.europesays.com\/no\/wp-json\/wp\/v2\/types\/post"}],"author":[{"embeddable":true,"href":"https:\/\/www.europesays.com\/no\/wp-json\/wp\/v2\/users\/2"}],"replies":[{"embeddable":true,"href":"https:\/\/www.europesays.com\/no\/wp-json\/wp\/v2\/comments?post=132217"}],"version-history":[{"count":0,"href":"https:\/\/www.europesays.com\/no\/wp-json\/wp\/v2\/posts\/132217\/revisions"}],"wp:featuredmedia":[{"embeddable":true,"href":"https:\/\/www.europesays.com\/no\/wp-json\/wp\/v2\/media\/132218"}],"wp:attachment":[{"href":"https:\/\/www.europesays.com\/no\/wp-json\/wp\/v2\/media?parent=132217"}],"wp:term":[{"taxonomy":"category","embeddable":true,"href":"https:\/\/www.europesays.com\/no\/wp-json\/wp\/v2\/categories?post=132217"},{"taxonomy":"post_tag","embeddable":true,"href":"https:\/\/www.europesays.com\/no\/wp-json\/wp\/v2\/tags?post=132217"}],"curies":[{"name":"wp","href":"https:\/\/api.w.org\/{rel}","templated":true}]}}