{"id":132221,"date":"2026-01-08T16:30:09","date_gmt":"2026-01-08T16:30:09","guid":{"rendered":"https:\/\/www.europesays.com\/no\/132221\/"},"modified":"2026-01-08T16:30:09","modified_gmt":"2026-01-08T16:30:09","slug":"id-tyveri-chand-torsvik-hvis-chand-ringer-for-a-selge-deg-varmepumpe-er-det-noe-som-skurrer-jeg-har-ikke-fatt-meg-selgerjobb-pa-si-nei","status":"publish","type":"post","link":"https:\/\/www.europesays.com\/no\/132221\/","title":{"rendered":"ID-tyveri, Chand Torsvik | Hvis Chand ringer for \u00e5 selge deg varmepumpe, er det noe som skurrer: \u2013 Jeg har ikke f\u00e5tt meg selgerjobb p\u00e5 si, nei"},"content":{"rendered":"<p>   <img decoding=\"async\" width=\"4032\" height=\"3024\" fetchpriority=\"high\"  loading=\"eager\"  src=\"https:\/\/www.europesays.com\/no\/wp-content\/uploads\/2026\/01\/image0.jpeg\" alt=\"\" class=\"brick-c-cFOWSL\" style=\"--brick-image-ratio: 4032 \/ 3024;\"\/><\/p>\n<p>      VARMT OG GODT: Chand Torsvik melder om full guffe p\u00e5 sin egen varmepumpe, men avviser at han har skaffet seg en ekstrajobb med \u00e5 selge varmepumper.<br \/>\n      Foto: Privat\n    <\/p>\n<p>Oppdatert: 08.01.26 14:11Publisert: 08.01.26 13:48<\/p>\n<p data-content=\"lead-text\" class=\"lead-text story brick-c-eOZvhA\">\n<p>          \u2013 Jeg skj\u00f8nner at timinga er bra med tanke p\u00e5 kulda, men dette er alts\u00e5 snakk om et ID-tyveri.\n      <\/p>\n<p>    Plussmerking. Denne artikkelen kan bare leses av abonenter<\/p>\n<p>  For abonnenter<\/p>\n<p>    ]]]]>]]><\/p>\n","protected":false},"excerpt":{"rendered":"VARMT OG GODT: Chand Torsvik melder om full guffe p\u00e5 sin egen varmepumpe, men avviser at han har&hellip;\n","protected":false},"author":2,"featured_media":132222,"comment_status":"","ping_status":"","sticky":false,"template":"","format":"standard","meta":{"footnotes":""},"categories":[58],"tags":[71,30,28,29,72],"class_list":{"0":"post-132221","1":"post","2":"type-post","3":"status-publish","4":"format-standard","5":"has-post-thumbnail","7":"category-underholdning","8":"tag-entertainment","9":"tag-no","10":"tag-norge","11":"tag-norway","12":"tag-underholdning"},"share_on_mastodon":{"url":"https:\/\/pubeurope.com\/@no\/115860433968139494","error":""},"_links":{"self":[{"href":"https:\/\/www.europesays.com\/no\/wp-json\/wp\/v2\/posts\/132221","targetHints":{"allow":["GET"]}}],"collection":[{"href":"https:\/\/www.europesays.com\/no\/wp-json\/wp\/v2\/posts"}],"about":[{"href":"https:\/\/www.europesays.com\/no\/wp-json\/wp\/v2\/types\/post"}],"author":[{"embeddable":true,"href":"https:\/\/www.europesays.com\/no\/wp-json\/wp\/v2\/users\/2"}],"replies":[{"embeddable":true,"href":"https:\/\/www.europesays.com\/no\/wp-json\/wp\/v2\/comments?post=132221"}],"version-history":[{"count":0,"href":"https:\/\/www.europesays.com\/no\/wp-json\/wp\/v2\/posts\/132221\/revisions"}],"wp:featuredmedia":[{"embeddable":true,"href":"https:\/\/www.europesays.com\/no\/wp-json\/wp\/v2\/media\/132222"}],"wp:attachment":[{"href":"https:\/\/www.europesays.com\/no\/wp-json\/wp\/v2\/media?parent=132221"}],"wp:term":[{"taxonomy":"category","embeddable":true,"href":"https:\/\/www.europesays.com\/no\/wp-json\/wp\/v2\/categories?post=132221"},{"taxonomy":"post_tag","embeddable":true,"href":"https:\/\/www.europesays.com\/no\/wp-json\/wp\/v2\/tags?post=132221"}],"curies":[{"name":"wp","href":"https:\/\/api.w.org\/{rel}","templated":true}]}}