{"id":132223,"date":"2026-01-08T16:33:38","date_gmt":"2026-01-08T16:33:38","guid":{"rendered":"https:\/\/www.europesays.com\/no\/132223\/"},"modified":"2026-01-08T16:33:38","modified_gmt":"2026-01-08T16:33:38","slug":"die-welt-stromkaos-far-tyskland-til-a-fremsta-som-en-bananrepublikk","status":"publish","type":"post","link":"https:\/\/www.europesays.com\/no\/132223\/","title":{"rendered":"Die Welt: \u2013 Str\u00f8mkaos f\u00e5r Tyskland til \u00e5 fremst\u00e5 som en bananrepublikk"},"content":{"rendered":"<p><b>Dette skriver utenlandske aviser p\u00e5 lederplass<\/b><\/p>\n<p><b><a href=\"https:\/\/www.welt.de\/debatte\/plus695e04c2af760025de95cd3b\/blackout-in-berlin-deutschland-2026-ist-ein-sanierungsfall.html\" target=\"_blank\" rel=\"nofollow noopener\">Die Welt<\/a><\/b><\/p>\n<p>Brann i en kraftstasjon f\u00f8rte til at rundt 45.000 husstander i Berlin var uten str\u00f8m i flere dager. Kaoset viser at Tyskland fremst\u00e5r som et rivningsklart hus og en bananrepublikk. I hvert fall b\u00f8r vi klare bedre i verdens tredje st\u00f8rste \u00f8konomi.<\/p>\n<p>Heltene i krisen er frivillig brannvesen og sivilforsvar, f\u00f8derale politifolk og de innsatsstyrkene som har st\u00e5tt p\u00e5 siden forrige l\u00f8rdag.\u00a0<\/p>\n<p>Den regjerende borgermesteren lar seg derimot feire bare for \u00e5 ta noen telefoner.\u00a0<\/p>\n<p>Innenrikspolitisk er det blitt tydelig hvor s\u00e5rbart Tyskland er. Planene for str\u00f8mledningene var tilgjengelige p\u00e5 nettet, fordi nettselskapene er\u00a0p\u00e5lagt \u00e5 gj\u00f8re dem offentlig tilgjengelige.\u00a0<\/p>\n<p>Dette er ingen sp\u00f8k, men virkelighetssatire, selv om grensene n\u00e5 flyter over i hverandre.\u00a0<\/p>\n<p>Akademiske eliter og tankesmier holder endel\u00f8se bel\u00e6rende tirader om betydningen av sikker energiforsyning og infrastruktur, og disse videreformidles i mediene med bekymret mine.\u00a0<\/p>\n<p>Men det bringer ikke saken \u00e9n meter videre.<\/p>\n<p>Lignende tendenser finnes i utenrikspolitikken: Resonneringer, bel\u00e6ringer om folkeretten, feministisk utenrikspolitikk og formaninger om \u00e5 ta hensyn til begge sider.\u00a0<\/p>\n<p>Tyskerne opptrer som en pratsom moralsk instans, og mindre som en ordensmakt som skaper fakta.\u00a0<\/p>\n<p>Den rake motsetningen er Donald Trump, som handler, og hans handlinger og tale henger \u00e5rsaksmessig sammen.\u00a0<\/p>\n<p>Det trengs et disruptivt nydesign av forbundsrepublikken Tyskland. Staten m\u00e5 krympes radikalt, og vende tilbake til kjerneoppgavene: Sikre trygghet og orden, fastsette og h\u00e5ndheve rett, samt beskytte fellesskapet og borgernes grunnrettigheter. Det er det det handler om. Alt annet kan tas bort.<\/p>\n<p><img decoding=\"async\" class=\"lazyload \" src=\"https:\/\/www.europesays.com\/no\/wp-content\/uploads\/2026\/01\/1767890016_486_pipe.jpeg\"  data- alt=\"\"\/><\/p>\n<p>STENGTE BUTIKKER: Handlevogner er dekket av sn\u00f8 foran et supermarked som er stengt p\u00e5 grunn av massivt str\u00f8mbrudd. Politiet i Berlin mistenker den ytterligg\u00e5ende Vulkangruppen for \u00e5 st\u00e5 bak angrepet. <strong>Foto: NTB<\/strong><\/p>\n<p><b style=\"letter-spacing: 0.003em;\"><a href=\"https:\/\/www.wsj.com\/opinion\/donald-trump-venezuela-oil-tankers-nicolas-maduro-67c4775c?mod=opinion_lead_pos1\" target=\"_blank\" rel=\"nofollow noopener\">The Wall Street Journal<\/a><\/b><\/p>\n<p>Donald Trump erkl\u00e6rer at USA vil selge sanksjonert venezuelansk olje. Trekket kan v\u00e6re nyttig, men bare dersom det bidrar til det avgj\u00f8rende m\u00e5let om \u00e5 skape et fritt og velst\u00e5ende Venezuela. Trumps stadige snakk om \u00e5 tjene penger p\u00e5 Venezuelas olje spiller kritikerne i hendene, de som hevder at alt handler om olje.<\/p>\n<p><b><a href=\"https:\/\/www.ft.com\/content\/53aca7af-d800-4dc7-ae50-b247e0fa6d3c\" target=\"_blank\" rel=\"nofollow noopener\">Financial Times<\/a><\/b><\/p>\n<p>Det sier mye at p\u00e5gripelsen av Venezuelas president Nicol\u00e1s Maduro bare var Donald Trumps nest mest alarmerende handling denne uken. Et amerikansk trekk mot Gr\u00f8nland vil v\u00e6re et brudd p\u00e5 den transatlantiske alliansen.<\/p>\n<p><b style=\"letter-spacing: 0.003em;\"><a href=\"https:\/\/www.di.se\/ledare\/usa-behover-inte-gronland\/\" target=\"_blank\" rel=\"nofollow noopener\">Dagens Industri<\/a><\/b><\/p>\n<p>Det hvite hus\u2019 snakk om \u00e5 overta Gr\u00f8nland med milit\u00e6rmakt er ubehagelig. Likevel finnes det et h\u00e5p i den manglende logikken bak trusselen. Det er helt tillatt for USA \u00e5 opprette milit\u00e6rbaser p\u00e5 Gr\u00f8nland.<\/p>\n<p><img decoding=\"async\" class=\"lazyload \" src=\"https:\/\/www.europesays.com\/no\/wp-content\/uploads\/2026\/01\/1767890018_54_pipe.jpeg\"  data- alt=\"\"\/><\/p>\n<p>FRI TILGANG: Amerikanske transportfly p\u00e5 Pituffik Space Base p\u00e5 Gr\u00f8nland. <strong>Foto: NTB<\/strong><\/p>\n","protected":false},"excerpt":{"rendered":"Dette skriver utenlandske aviser p\u00e5 lederplass Die Welt Brann i en kraftstasjon f\u00f8rte til at rundt 45.000 husstander&hellip;\n","protected":false},"author":2,"featured_media":132224,"comment_status":"","ping_status":"","sticky":false,"template":"","format":"standard","meta":{"footnotes":""},"categories":[12],"tags":[20,21,24,25,15,22,23,13,30,28,29,14,16,26,27,42,43,44,45],"class_list":{"0":"post-132223","1":"post","2":"type-post","3":"status-publish","4":"format-standard","5":"has-post-thumbnail","7":"category-verden","8":"tag-breaking-news","9":"tag-breakingnews","10":"tag-featured-news","11":"tag-featurednews","12":"tag-headlines","13":"tag-latest-news","14":"tag-latestnews","15":"tag-news","16":"tag-no","17":"tag-norge","18":"tag-norway","19":"tag-nyheter","20":"tag-overskrifter","21":"tag-top-stories","22":"tag-topstories","23":"tag-verden","24":"tag-world","25":"tag-world-news","26":"tag-worldnews"},"share_on_mastodon":{"url":"https:\/\/pubeurope.com\/@no\/115860445886220205","error":""},"_links":{"self":[{"href":"https:\/\/www.europesays.com\/no\/wp-json\/wp\/v2\/posts\/132223","targetHints":{"allow":["GET"]}}],"collection":[{"href":"https:\/\/www.europesays.com\/no\/wp-json\/wp\/v2\/posts"}],"about":[{"href":"https:\/\/www.europesays.com\/no\/wp-json\/wp\/v2\/types\/post"}],"author":[{"embeddable":true,"href":"https:\/\/www.europesays.com\/no\/wp-json\/wp\/v2\/users\/2"}],"replies":[{"embeddable":true,"href":"https:\/\/www.europesays.com\/no\/wp-json\/wp\/v2\/comments?post=132223"}],"version-history":[{"count":0,"href":"https:\/\/www.europesays.com\/no\/wp-json\/wp\/v2\/posts\/132223\/revisions"}],"wp:featuredmedia":[{"embeddable":true,"href":"https:\/\/www.europesays.com\/no\/wp-json\/wp\/v2\/media\/132224"}],"wp:attachment":[{"href":"https:\/\/www.europesays.com\/no\/wp-json\/wp\/v2\/media?parent=132223"}],"wp:term":[{"taxonomy":"category","embeddable":true,"href":"https:\/\/www.europesays.com\/no\/wp-json\/wp\/v2\/categories?post=132223"},{"taxonomy":"post_tag","embeddable":true,"href":"https:\/\/www.europesays.com\/no\/wp-json\/wp\/v2\/tags?post=132223"}],"curies":[{"name":"wp","href":"https:\/\/api.w.org\/{rel}","templated":true}]}}