{"id":132231,"date":"2026-01-08T16:40:46","date_gmt":"2026-01-08T16:40:46","guid":{"rendered":"https:\/\/www.europesays.com\/no\/132231\/"},"modified":"2026-01-08T16:40:46","modified_gmt":"2026-01-08T16:40:46","slug":"det-er-en-glitrende-tid-for-kina-a-markere-seg-slik-de-onsker","status":"publish","type":"post","link":"https:\/\/www.europesays.com\/no\/132231\/","title":{"rendered":"\u2013 Det er en glitrende tid for Kina \u00e5 markere seg slik de \u00f8nsker"},"content":{"rendered":"<p>    I en tid preget av internasjonal uro pr\u00f8ver Kina \u00e5 fremst\u00e5 som en motvekt til USA.<\/p>\n<p>\n        Kinas president Xi Jinping og S\u00f8r-Koreas president Lee Jae-myung i Beijing mandag.<br \/>\n        Han Sang-kyun \/ AP \/ NTB\n    <\/p>\n<p data-lab-font_weight=\"font-weight-bold\" class=\"font-weight-bold m-font-weight-bold\">\u2013 Regionen og nabolandene er ekstremt viktige for Kina. Selv om S\u00f8r-Korea ikke har verdens st\u00f8rste \u00f8konomi, er det en meget sentral relasjon for Kina, sier Hans J\u00f8rgen G\u00e5semyr, seniorforsker ved Norsk utenrikspolitisk institutt, til ABC Nyheter.<\/p>\n<p>                <img decoding=\"async\" src=\"https:\/\/www.europesays.com\/no\/wp-content\/uploads\/2026\/01\/1364473.webp.jpeg\" width=\"480\" height=\"471\" title=\"Seniorforsker Hans J\u00f8rgen G\u00e5semyr.\" alt=\"\" loading=\"lazy\" style=\"\"\/><\/p>\n<p>\n            Seniorforsker Hans J\u00f8rgen G\u00e5semyr.<br \/>\n            Norsk utenrikspolitisk institutt\n        <\/p>\n<p>S\u00f8r-Koreas president avslutter onsdag et fire dager langt statsbes\u00f8k til Kina. Der har\u00a0Lee Jae-myung m\u00f8tt president Xi Jinping.<\/p>\n<p>De m\u00f8ttes sist i november.\u00a0<\/p>\n<p>Da s\u00e5 en tydelige tegn p\u00e5 at stemningen mellom de to landene er bedre enn p\u00e5 lenge. Blant annet h\u00f8stet <a href=\"https:\/\/www.abcnyheter.no\/nyheter\/xi-med-sjelden-spionasjespok-du-bor-sjekke\/1275880\" target=\"_blank\" rel=\"nofollow noopener\">en sjelden spionasje-sp\u00f8k fra Xi<\/a> latter hos Lee.<\/p>\n<p class=\"font-weight-bold m-font-weight-bold\" data-lab-font_weight=\"font-weight-bold\">Det er ikke lenge siden det var utenkelig.<\/p>\n<p>Da\u00a0Yoon Suk-yeol var president i S\u00f8r-Korea, var forholdet mellom landene anstrengt. Etterf\u00f8lgeren har valgt en annen linje.<\/p>\n<p class=\"font-weight-bold m-font-weight-bold\" data-lab-font_weight=\"font-weight-bold\">\u2013 President Lee sier n\u00e5 at han vil fullstendig gjenopprette og utvikle de diplomatiske relasjonene, og fremhever det som et steg mot et strategisk samarbeid som er varig og omfattende, sier Vladimir Tikhonov til ABC Nyheter.<\/p>\n<p>Han er professor i Korea-studier.<\/p>\n<p>Mye \u00e5 diskutere<\/p>\n<p>        <a itemprop=\"url\" class=\"\" href=\"https:\/\/www.abcnyheter.no\/nyheter\/kinas-demografiske-krise-kan-bli-xis-storste-provelse-i-2026\/1344707\" data-k5a-url=\"https:\/\/www.abcnyheter.no\/a\/1344707\" rel=\"nofollow noopener\" target=\"_blank\"><\/p>\n<p>            Dette kan bli Xis st\u00f8rste problem<\/p>\n<p itemprop=\"section\" class=\"section\" data-tag=\"nyheter\">nyheter<\/p>\n<p>        <\/a><\/p>\n<p>Bes\u00f8ket har f\u00e5tt bred dekning i kinesiske medier de siste dagene.<\/p>\n<p>De to presidentene har neppe g\u00e5tt tom for temaer \u00e5 snakke om i l\u00f8pet av statsbes\u00f8ket.\u00a0<\/p>\n<p>Kina har et bredt spekter av interesser det er nyttig \u00e5 diskutere med naboen p\u00e5 andre siden av Gulehavet, sier G\u00e5semyr.<\/p>\n<p class=\"font-weight-bold m-font-weight-bold\" data-lab-font_weight=\"font-weight-bold\">Seniorforskeren ved Nupi trekker frem Taiwan, et anspent forhold til Japan, USA, handel og teknologi som eksempler.<\/p>\n<p data-lab-font_weight=\"\">\u2013\u00a0Alt dette er forhold hvor S\u00f8r-Korea utgj\u00f8r en veldig viktig relasjon for Kina, sier G\u00e5semyr.<\/p>\n<p>                <img decoding=\"async\" src=\"https:\/\/www.europesays.com\/no\/wp-content\/uploads\/2026\/01\/1364495.webp.jpeg\" width=\"480\" height=\"437\" title=\"Vladimir Tikhonov er professor i Korea-studier.\" alt=\"\" loading=\"lazy\" style=\"\"\/><\/p>\n<p>\n            Vladimir Tikhonov er professor i Korea-studier.<br \/>\n            Universitet i Oslo\n        <\/p>\n<p>\u2013\u00a0Jeg tror Lee mener det han sier, og at b\u00e5de han og de koreanske forretningsfolkene som akkompagnerer ham, \u00f8nsker \u00e5 plassere S\u00f8r-Korea som et viktig ledd i det Kina-sentriske regionale \u00f8konomiske samarbeidet, sier Tikhonov.<\/p>\n<p>\u2013 Forferdelig d\u00e5rlig<\/p>\n<p>Landene deler ogs\u00e5 en felles nabo, Nord-Korea, som volder begge mye hodebry.<\/p>\n<p>Onsdag sier Lee at han <a href=\"https:\/\/www.abcnyheter.no\/nyheter\/sor-korea-ber-kina-mekle-med-nord-korea-om-atomvapen\/1364362\" target=\"_blank\" rel=\"nofollow noopener\">har bedt Xi om hjelp<\/a>.<\/p>\n<p> \u2013 Jeg \u00f8nsker at Kina skal spille en meklerrolle i saker knyttet til Koreahalv\u00f8ya, inkludert Nord-Koreas atomv\u00e5penprogram. Alle kanalene v\u00e5re er fullstendig blokkert, sier Lee.<\/p>\n<p class=\"font-weight-bold m-font-weight-bold\" data-lab-font_weight=\"font-weight-bold\">\u2013 Det er forferdelig d\u00e5rlig n\u00e5, sier Tikhonov om forholdet mellom nord og s\u00f8r.<\/p>\n<p>        <a itemprop=\"url\" class=\"\" href=\"https:\/\/www.abcnyheter.no\/nyheter\/13-aringen-kan-vaere-utpekt-som-nord-koreas-neste-diktator\/1356845\" data-k5a-url=\"https:\/\/www.abcnyheter.no\/a\/1356845\" rel=\"nofollow noopener\" target=\"_blank\"><\/p>\n<p>            13-\u00e5ringen kan v\u00e6re utpekt som Nord-Koreas neste diktator<\/p>\n<p itemprop=\"section\" class=\"section\" data-tag=\"nyheter\">nyheter<\/p>\n<p>        <\/a><\/p>\n<p>S\u00e5 sent som i helgen avfyrte Nord-Korea flere ballistiske missiler mot \u00d8sthavet. If\u00f8lge S\u00f8r-Koreas forsvarsstab falt missilene ned etter \u00e5 ha flydd rundt 900 kilometer.<\/p>\n<p>Nord-Korea frustrerer ogs\u00e5 Kina.<\/p>\n<p class=\"font-weight-bold m-font-weight-bold\" data-lab-font_weight=\"font-weight-bold\">\u2013 Kina vil fortsatt v\u00e6re en partner for Nord-Korea, men skulle \u00f8nske seg et mer forutsigbart Nord-Korea, sier G\u00e5semyr.<\/p>\n<p>\u2013 Kina har strategiske og taktiske relasjoner, men m\u00e5 respondere p\u00e5 mange ting som er utenfor deres kontroll. Det gjelder i tilfellet Nord-Korea og tilfellet Russland, fortsetter seniorforskeren.<\/p>\n<p>God timing for Kina<\/p>\n<p>        <a itemprop=\"url\" class=\"\" href=\"https:\/\/www.abcnyheter.no\/nyheter\/sor-korea-skal-utvikle-atomubat-et-vapenkapplop-er-uunngaelig\/1318642\" data-k5a-url=\"https:\/\/www.abcnyheter.no\/a\/1318642\" rel=\"nofollow noopener\" target=\"_blank\"><\/p>\n<p>            S\u00f8r-Korea skal utvikle atomub\u00e5t:  \u2013 Et v\u00e5penkappl\u00f8p er uunng\u00e5elig<\/p>\n<p itemprop=\"section\" class=\"section\" data-tag=\"nyheter\">nyheter<\/p>\n<p>        <\/a><\/p>\n<p>S\u00f8r-Korea har ikke den samme grad av territorielle tvister med Kina som mange andre land i regionen, men S\u00f8r-Koreas allianse med USA er en kilde til splid.<\/p>\n<p>S\u00f8r-Korea \u00f8nsker ogs\u00e5 \u00e5 ha et godt forhold til Japan, som Kina har en p\u00e5g\u00e5ende diplomatisk konflikt med.\u00a0<\/p>\n<p>Konflikten skyldes Taiwan-uttalelser.<\/p>\n<p>\u2013 Kina erkjenner at Lee ogs\u00e5 balanserer mange interesser, men alt\u00a0som kan bygge opp under et inntrykk av at de er p\u00e5 samme lag, vil tjene Kinas sammensatte interesser, sier G\u00e5semyr.<\/p>\n<p>Han mener timingen p\u00e5 statsbes\u00f8ket har v\u00e6rt spesielt god for Kina.<\/p>\n<p class=\"font-weight-bold m-font-weight-bold\" data-lab-font_weight=\"font-weight-bold\">\u2013 Den internasjonale usikkerheten og m\u00f8nsteret USA f\u00f8lger, gj\u00f8r at det er en glitrende tid for Kina \u00e5 markere seg slik de \u00f8nsker \u2013 som en forutsigbar, trygg og regelbundet partner, sier G\u00e5semyr.<\/p>\n","protected":false},"excerpt":{"rendered":"I en tid preget av internasjonal uro pr\u00f8ver Kina \u00e5 fremst\u00e5 som en motvekt til USA. Kinas president&hellip;\n","protected":false},"author":2,"featured_media":132232,"comment_status":"","ping_status":"","sticky":false,"template":"","format":"standard","meta":{"footnotes":""},"categories":[12],"tags":[20,21,24,25,15,22,23,13,30,28,29,14,16,26,27,42,43,44,45],"class_list":{"0":"post-132231","1":"post","2":"type-post","3":"status-publish","4":"format-standard","5":"has-post-thumbnail","7":"category-verden","8":"tag-breaking-news","9":"tag-breakingnews","10":"tag-featured-news","11":"tag-featurednews","12":"tag-headlines","13":"tag-latest-news","14":"tag-latestnews","15":"tag-news","16":"tag-no","17":"tag-norge","18":"tag-norway","19":"tag-nyheter","20":"tag-overskrifter","21":"tag-top-stories","22":"tag-topstories","23":"tag-verden","24":"tag-world","25":"tag-world-news","26":"tag-worldnews"},"share_on_mastodon":{"url":"https:\/\/pubeurope.com\/@no\/115860477374459622","error":""},"_links":{"self":[{"href":"https:\/\/www.europesays.com\/no\/wp-json\/wp\/v2\/posts\/132231","targetHints":{"allow":["GET"]}}],"collection":[{"href":"https:\/\/www.europesays.com\/no\/wp-json\/wp\/v2\/posts"}],"about":[{"href":"https:\/\/www.europesays.com\/no\/wp-json\/wp\/v2\/types\/post"}],"author":[{"embeddable":true,"href":"https:\/\/www.europesays.com\/no\/wp-json\/wp\/v2\/users\/2"}],"replies":[{"embeddable":true,"href":"https:\/\/www.europesays.com\/no\/wp-json\/wp\/v2\/comments?post=132231"}],"version-history":[{"count":0,"href":"https:\/\/www.europesays.com\/no\/wp-json\/wp\/v2\/posts\/132231\/revisions"}],"wp:featuredmedia":[{"embeddable":true,"href":"https:\/\/www.europesays.com\/no\/wp-json\/wp\/v2\/media\/132232"}],"wp:attachment":[{"href":"https:\/\/www.europesays.com\/no\/wp-json\/wp\/v2\/media?parent=132231"}],"wp:term":[{"taxonomy":"category","embeddable":true,"href":"https:\/\/www.europesays.com\/no\/wp-json\/wp\/v2\/categories?post=132231"},{"taxonomy":"post_tag","embeddable":true,"href":"https:\/\/www.europesays.com\/no\/wp-json\/wp\/v2\/tags?post=132231"}],"curies":[{"name":"wp","href":"https:\/\/api.w.org\/{rel}","templated":true}]}}