{"id":13224,"date":"2025-08-20T13:48:11","date_gmt":"2025-08-20T13:48:11","guid":{"rendered":"https:\/\/www.europesays.com\/no\/13224\/"},"modified":"2025-08-20T13:48:11","modified_gmt":"2025-08-20T13:48:11","slug":"sport-handball-skademareritt-for-storhamars-nokkelspiller-det-blir-toft","status":"publish","type":"post","link":"https:\/\/www.europesays.com\/no\/13224\/","title":{"rendered":"Sport, H\u00e5ndball | Skademareritt for Storhamars n\u00f8kkelspiller: \u2013 Det blir t\u00f8ft"},"content":{"rendered":"\n<p>Kjerstin Boge Sol\u00e5s har slitt med et kne.<\/p>\n<p>Nykommer Sanne L\u00f8kka Hagen p\u00e5dro seg nesebrudd.<\/p>\n<p>Og Anniken Obaidli sto over kampene mot Team Esbjerg og Larvik p\u00e5 grunn av korona.<\/p>\n<p>Blant annet.<\/p>\n<p>Ting var i ferd med normalisere seg, men mandag kom en ny smell.<\/p>\n<p>Trolig ute hele sesongen<\/p>\n<p>Kristin Venn (31) har slitt mye med en skulder \u2013 over lengre tid. Det har v\u00e6rt tr\u00f8bbel i oppkj\u00f8ringen n\u00e5 ogs\u00e5, men hun spilte mot Team Esbjerg i Fjellhammer Arena fredag.<\/p>\n<p>Men ikke mot Larvik dagen etter. Det var etter planen, forteller trener Kenneth Gabrielsen.<\/p>\n<p>P\u00e5 mandagens trening var Venn uheldig \u2013 igjen.<\/p>\n<p>Skulderen gikk ut av ledd p\u00e5 ny under en pasnings\u00f8velse.<\/p>\n<p>\u2013 F\u00f8rste gangen skulderen gikk ut av ledd var i mars i 2023. Jeg trente meg opp igjen, uten operasjon, og kom tilbake. S\u00e5 gikk det akkurat to \u00e5r \u2013 til mars i \u00e5r. Da skjedde det igjen. Jeg trente meg opp igjen, og var tilbake til sluttspillet. Det fungerte bra, sier Kristin Venn til HA-sporten.<\/p>\n<p>Hun fortsetter:<\/p>\n<p>\u2013 Jeg trente bra i sommer, og startet oppkj\u00f8ringen til ny sesong p\u00e5 vanlig m\u00e5te. S\u00e5 skjedde det alts\u00e5 igjen p\u00e5 en av de f\u00f8rste h\u00e5ndball\u00f8ktene. Og s\u00e5 p\u00e5 treninga mandag, sier Kristin Venn.<\/p>\n<p>N\u00e5 blir det operasjon \u2013 torsdag morgen.<\/p>\n<p>Trolig er hun ute hele sesongen.<\/p>\n<p>  <a href=\"https:\/\/www.h-a.no\/5-139-1804307\" class=\"related-teaser has-image default-story-teaser article--c-eRUmMG article--c-eRUmMG-jKCPdD-design-default\" rel=\"nofollow noopener\" target=\"_blank\"><\/p>\n<p>    <img decoding=\"async\" loading=\"lazy\"  src=\"https:\/\/www.europesays.com\/no\/wp-content\/uploads\/2025\/08\/1755697691_924_nestguro.jpg\" alt=\"\" class=\"brick-c-cFOWSL\" style=\"\"\/><\/p>\n<p>\n            Les ogs\u00e5<\/p>\n<p>              Storskytteren har signert for Champions League-rival: \u2013 Jeg er utrolig skuffet\n        <\/p>\n<p>  <\/a><br \/>\n  \u2013 Skj\u00f8nte at nok var nok<\/p>\n<p>\u2013 Hva tenkte du da det skjedde igjen mandag?<\/p>\n<p>\u2013 Da skj\u00f8nte jeg at nok var nok. Det var stopp. Det er generelt vondt \u00e5 f\u00e5 skulderen ut av ledd, men tanken p\u00e5 at dette ville ende med en lang pause var vondere, sier Kristin Venn.<\/p>\n<p>\u2013 Har det v\u00e6rt noe usikkerhet rundt skulderen n\u00e5r du har spilt?<\/p>\n<p>\u2013 Jeg har jobbet mye med \u00e5 ikke holde igjen noe. Jeg f\u00f8ler det har g\u00e5tt bra. Det er mye mental trening. Der har jeg veldig god hjelp gjennom Olympiatoppen.<\/p>\n<p>\u2013 Hva tenker du om perioden etter operasjon n\u00e5?<\/p>\n<p>\u2013 Det blir mye alternativ trening. Det blir t\u00f8ft. Det er en mental utfordring \u00e5 sitte p\u00e5 sidelinja ogs\u00e5. Dette er jobben min og mye av livet mitt. Da er det utrolig kjedelig \u00e5 ikke kunne v\u00e6re med \u2013 og ikke kunne bidra sammen med lagvenninnene, sier Kristin Venn.<\/p>\n<p>Hun avslutter:<\/p>\n<p>\u2013 Jeg vet ikke hvor lenge jeg er ute. Jeg f\u00e5r h\u00f8re hva legen sier. Uansett er dette en langtidsskade. N\u00e5r det n\u00e5 blir operasjon vil jeg ha det 100 prosent, v\u00e6re helt sikker, og forh\u00e5pentlig forlenge karrieren, sier Kristin Venn, som roser det medisinske apparatet i klubben.<\/p>\n<p>\u2013 De er suverene og veldig viktige.<\/p>\n<p>VM ryker<\/p>\n<p>Storhamar-spilleren var veldig aktuell for en VM-tropp i november\/desember:<\/p>\n<p>\u2013 Det er jo og har v\u00e6rt knallt\u00f8ff konkurranse om venstrekanten p\u00e5 landslaget, men det har dessverre v\u00e6rt s\u00e5nn at n\u00e5r muligheten har bydd seg, s\u00e5 har det skjedd noe. Og n\u00e5 skjer det igjen. Det er t\u00f8ft og vanskelig \u00e5 forholde seg til, sier Kristin Venn.<\/p>\n<p>Storhamar-trener Kenneth Gabrielsen bekrefter at de jobber med \u00e5 f\u00e5 inn en venstrekant.<\/p>\n<p>Storhamar spiller mot By\u00e5sen p\u00e5 Tynset torsdag kveld.<\/p>\n<p>Det er seriestart borte mot Haslum onsdag.<\/p>\n","protected":false},"excerpt":{"rendered":"Kjerstin Boge Sol\u00e5s har slitt med et kne. Nykommer Sanne L\u00f8kka Hagen p\u00e5dro seg nesebrudd. Og Anniken Obaidli&hellip;\n","protected":false},"author":2,"featured_media":13225,"comment_status":"","ping_status":"","sticky":false,"template":"","format":"standard","meta":{"footnotes":""},"categories":[59],"tags":[36,105,30,28,29,218,83,82,1361,1510],"class_list":{"0":"post-13224","1":"post","2":"type-post","3":"status-publish","4":"format-standard","5":"has-post-thumbnail","7":"category-sport","8":"tag-art","9":"tag-handball","10":"tag-no","11":"tag-norge","12":"tag-norway","13":"tag-pluss","14":"tag-sport","15":"tag-sports","16":"tag-storhamar-handball","17":"tag-story"},"share_on_mastodon":{"url":"","error":""},"_links":{"self":[{"href":"https:\/\/www.europesays.com\/no\/wp-json\/wp\/v2\/posts\/13224","targetHints":{"allow":["GET"]}}],"collection":[{"href":"https:\/\/www.europesays.com\/no\/wp-json\/wp\/v2\/posts"}],"about":[{"href":"https:\/\/www.europesays.com\/no\/wp-json\/wp\/v2\/types\/post"}],"author":[{"embeddable":true,"href":"https:\/\/www.europesays.com\/no\/wp-json\/wp\/v2\/users\/2"}],"replies":[{"embeddable":true,"href":"https:\/\/www.europesays.com\/no\/wp-json\/wp\/v2\/comments?post=13224"}],"version-history":[{"count":0,"href":"https:\/\/www.europesays.com\/no\/wp-json\/wp\/v2\/posts\/13224\/revisions"}],"wp:featuredmedia":[{"embeddable":true,"href":"https:\/\/www.europesays.com\/no\/wp-json\/wp\/v2\/media\/13225"}],"wp:attachment":[{"href":"https:\/\/www.europesays.com\/no\/wp-json\/wp\/v2\/media?parent=13224"}],"wp:term":[{"taxonomy":"category","embeddable":true,"href":"https:\/\/www.europesays.com\/no\/wp-json\/wp\/v2\/categories?post=13224"},{"taxonomy":"post_tag","embeddable":true,"href":"https:\/\/www.europesays.com\/no\/wp-json\/wp\/v2\/tags?post=13224"}],"curies":[{"name":"wp","href":"https:\/\/api.w.org\/{rel}","templated":true}]}}