{"id":132241,"date":"2026-01-08T16:49:21","date_gmt":"2026-01-08T16:49:21","guid":{"rendered":"https:\/\/www.europesays.com\/no\/132241\/"},"modified":"2026-01-08T16:49:21","modified_gmt":"2026-01-08T16:49:21","slug":"natthuset-nyheter-hjemlose-ma-tilbringe-natten-i-kulden-man-vet-ikke-hvor-man-skal-ga-bergensavisen","status":"publish","type":"post","link":"https:\/\/www.europesays.com\/no\/132241\/","title":{"rendered":"Natthuset, Nyheter | Hjeml\u00f8se m\u00e5 tilbringe natten i kulden: \u2013 Man vet ikke hvor man skal g\u00e5 &#8211; Bergensavisen"},"content":{"rendered":"<ol>\n<li><a href=\"https:\/\/news.google.com\/rss\/articles\/CBMioAFBVV95cUxQVlRGYTlReGp6b3NXdmo1ZzN0VnhGT2FYUHp0SDJXMHdzZG9BT2xYOHFybWRsSjBNSlZDNjNwaDZERTNlVXhtU3VTVHVxcmIybGQ1cG5FcUZSYkpSNUlkREVIX3JpT1IyY1pOSUtvbFpZRmdvc0tydWMxemVITDNacWF1VHJRWEhuNDZiaGxTckdkZFBnRnFVMlI1aGItcW85?oc=5\" target=\"_blank\" rel=\"nofollow noopener\">Natthuset, Nyheter | Hjeml\u00f8se m\u00e5 tilbringe natten i kulden: \u2013 Man vet ikke hvor man skal g\u00e5<\/a>&nbsp;&nbsp;Bergensavisen<\/li>\n<li><a href=\"https:\/\/news.google.com\/rss\/articles\/CBMioAFBVV95cUxOanVHaG1BYVFMLVVzMHBaN3RkT1FnTE5mNk5LZ2c2ZkpSOHNfVmFHVnVZbk00QjVmdFJpbVFka1FZbTdCSC1NVkdUcy1VLUxOLWVMSVpleEVzZlFzb0FUWnhmLVdHaHo3UEpkVnRhZmVPZzhIdmRnVEk4dWt3OWFXYWtiTDMxTk1zRExaSHc5UmVEWEk3UzdDejR3empKVXo1?oc=5\" target=\"_blank\" rel=\"nofollow noopener\">Bergen oppretter \u00e5tte nye akuttovernattingsplasser i kulden<\/a>&nbsp;&nbsp;NRK<\/li>\n<li><a href=\"https:\/\/news.google.com\/rss\/articles\/CBMikAFBVV95cUxNV2t6SlJ0eVFiUklqUlJrYURtdkdwNXlKQmRJMzN4S0ZJeWpuMnNUYUxYNGhjRHpWWkdYdVh4RllvdjJZOGJubXdhbFVZNVd4a0ZYMGVTOGVVZEVTeU1tTVpydFI5Zk5yaVFJNHFCVkh1dVVvMlpHTlZSb2ZYdGRrYlBXSktDT1Z1N1FPVUJPb3I?oc=5\" target=\"_blank\" rel=\"nofollow noopener\">Slo alarm om hjeml\u00f8se: \u2013 Har funnet en midlertidig l\u00f8sning<\/a>&nbsp;&nbsp;Bergensavisen<\/li>\n<li><a href=\"https:\/\/news.google.com\/rss\/articles\/CBMisgFBVV95cUxPeGVQT2ZzWVZpLW9XdHpobm5ZamFvcDRZOGVJLXhFZmpUUWk0Z05aWlVrdjRJcS1pdUNpNkNRTEV6MmdvOFltTTJwQ21QRms4Y0FlUFlFSGFFWkdZRm5qWlRtaUtfamw1M0h2T25xdmwtODJYNFZEZHJnT3hZeDRVM1lpX1Rzb3B3Nm9mZjZCZDQ4VU5rc05nczFUU2RqdGN3SVVsZDJ4VzhGSVBVUU9UVVVn?oc=5\" target=\"_blank\" rel=\"nofollow noopener\">Flere mangler soveplass i kulden \u2013 foresl\u00e5r kontor og r\u00e5dhuskantine som n\u00f8dl\u00f8sning<\/a>&nbsp;&nbsp;NRK<\/li>\n<li><a href=\"https:\/\/news.google.com\/rss\/articles\/CBMihwFBVV95cUxQOC1XXy00RlB3RkpLU1JmMEFyLUxsQnJoZi1zX0g0R0ZUYzJXTnR5X204YTNpbGJhNTBIU2I0UEFleUl6WGtIT0VVS2ZvdndzQ2ZkdGlfa1p6c1NJelBxdVBDdnV5R1F3VE9vd1VzQldiaHVJT1l6U3ptTjVtaHZiSG1GYVpjTFk?oc=5\" target=\"_blank\" rel=\"nofollow noopener\">Bostedsl\u00f8se, Nyheter | Sl\u00e5r alarm: \u2013 Folk skal ikke fryse i hjel om natten<\/a>&nbsp;&nbsp;Bergensavisen<\/li>\n<\/ol>\n","protected":false},"excerpt":{"rendered":"Natthuset, Nyheter | Hjeml\u00f8se m\u00e5 tilbringe natten i kulden: \u2013 Man vet ikke hvor man skal g\u00e5&nbsp;&nbsp;Bergensavisen Bergen&hellip;\n","protected":false},"author":2,"featured_media":132242,"comment_status":"","ping_status":"","sticky":false,"template":"","format":"standard","meta":{"footnotes":""},"categories":[10],"tags":[20,21,24,25,15,22,23,13,30,28,29,14,16,26,27],"class_list":{"0":"post-132241","1":"post","2":"type-post","3":"status-publish","4":"format-standard","5":"has-post-thumbnail","7":"category-norge","8":"tag-breaking-news","9":"tag-breakingnews","10":"tag-featured-news","11":"tag-featurednews","12":"tag-headlines","13":"tag-latest-news","14":"tag-latestnews","15":"tag-news","16":"tag-no","17":"tag-norge","18":"tag-norway","19":"tag-nyheter","20":"tag-overskrifter","21":"tag-top-stories","22":"tag-topstories"},"share_on_mastodon":{"url":"https:\/\/pubeurope.com\/@no\/115860508751333832","error":""},"_links":{"self":[{"href":"https:\/\/www.europesays.com\/no\/wp-json\/wp\/v2\/posts\/132241","targetHints":{"allow":["GET"]}}],"collection":[{"href":"https:\/\/www.europesays.com\/no\/wp-json\/wp\/v2\/posts"}],"about":[{"href":"https:\/\/www.europesays.com\/no\/wp-json\/wp\/v2\/types\/post"}],"author":[{"embeddable":true,"href":"https:\/\/www.europesays.com\/no\/wp-json\/wp\/v2\/users\/2"}],"replies":[{"embeddable":true,"href":"https:\/\/www.europesays.com\/no\/wp-json\/wp\/v2\/comments?post=132241"}],"version-history":[{"count":0,"href":"https:\/\/www.europesays.com\/no\/wp-json\/wp\/v2\/posts\/132241\/revisions"}],"wp:featuredmedia":[{"embeddable":true,"href":"https:\/\/www.europesays.com\/no\/wp-json\/wp\/v2\/media\/132242"}],"wp:attachment":[{"href":"https:\/\/www.europesays.com\/no\/wp-json\/wp\/v2\/media?parent=132241"}],"wp:term":[{"taxonomy":"category","embeddable":true,"href":"https:\/\/www.europesays.com\/no\/wp-json\/wp\/v2\/categories?post=132241"},{"taxonomy":"post_tag","embeddable":true,"href":"https:\/\/www.europesays.com\/no\/wp-json\/wp\/v2\/tags?post=132241"}],"curies":[{"name":"wp","href":"https:\/\/api.w.org\/{rel}","templated":true}]}}