{"id":132247,"date":"2026-01-08T16:53:08","date_gmt":"2026-01-08T16:53:08","guid":{"rendered":"https:\/\/www.europesays.com\/no\/132247\/"},"modified":"2026-01-08T16:53:08","modified_gmt":"2026-01-08T16:53:08","slug":"final-fantasy-tactics-the-ivalice-chronicles-har-solgt-en-million","status":"publish","type":"post","link":"https:\/\/www.europesays.com\/no\/132247\/","title":{"rendered":"Final Fantasy Tactics &#8211; The Ivalice Chronicles har solgt \u00e9n million"},"content":{"rendered":"<p>Oppussingsprosjektet Final Fantasy Tactics &#8211; The Ivalice Chronicles har v\u00e6rt god butikk for Square Enix. Utvikleren kunngjorde onsdag at spillet kan skryte av \u00e9n million solgte eksemplarer.<\/p>\n<p>Milep\u00e6len ble n\u00e5dd p\u00e5 rundt tre m\u00e5neder. Nyversjonen av Final Fantasy Tactics kom i september, med overhalt grafikk, diverse forbedringer til spillingen og helt nytt stemmeskuespill. <\/p>\n<p>        <a href=\"https:\/\/i.bo3.no\/image\/389450\/G98fDriawAA-Kmp.jpg?c=0&amp;h=1500&amp;w=1200\" rel=\"nofollow noopener\" target=\"_blank\"><\/p>\n<p>        <img decoding=\"async\" onload=\"this.style = null\" src=\"https:\/\/www.europesays.com\/no\/wp-content\/uploads\/2026\/01\/G98fDriawAA-Kmp.jpg\" style=\"background-image: url('data:image\/jpeg;base64,\/9j\/4QC8RXhpZgAASUkqAAgAAAAGABIBAwABAAAAAQAAABoBBQABAAAAVgAAABsBBQABAAAAXgAAACgBAwABAAAAAgAAABMCAwABAAAAAQAAAGmHBAABAAAAZgAAAAAAAABIAAAAAQAAAEgAAAABAAAABgAAkAcABAAAADAyMTABkQcABAAAAAECAwAAoAcABAAAADAxMDABoAMAAQAAAP\/\/AAACoAQAAQAAABAAAAADoAQAAQAAABQAAAAAAAAA\/9sAQwAIBgYHBgUIBwcHCQkICgwUDQwLCwwZEhMPFB0aHx4dGhwcICQuJyAiLCMcHCg3KSwwMTQ0NB8nOT04MjwuMzQy\/9sAQwEJCQkMCwwYDQ0YMiEcITIyMjIyMjIyMjIyMjIyMjIyMjIyMjIyMjIyMjIyMjIyMjIyMjIyMjIyMjIyMjIyMjIy\/8AAEQgAFAAQAwEiAAIRAQMRAf\/EAB8AAAEFAQEBAQEBAAAAAAAAAAABAgMEBQYHCAkKC\/\/EALUQAAIBAwMCBAMFBQQEAAABfQECAwAEEQUSITFBBhNRYQcicRQygZGhCCNCscEVUtHwJDNicoIJChYXGBkaJSYnKCkqNDU2Nzg5OkNERUZHSElKU1RVVldYWVpjZGVmZ2hpanN0dXZ3eHl6g4SFhoeIiYqSk5SVlpeYmZqio6Slpqeoqaqys7S1tre4ubrCw8TFxsfIycrS09TV1tfY2drh4uPk5ebn6Onq8fLz9PX29\/j5+v\/EAB8BAAMBAQEBAQEBAQEAAAAAAAABAgMEBQYHCAkKC\/\/EALURAAIBAgQEAwQHBQQEAAECdwABAgMRBAUhMQYSQVEHYXETIjKBCBRCkaGxwQkjM1LwFWJy0QoWJDThJfEXGBkaJicoKSo1Njc4OTpDREVGR0hJSlNUVVZXWFlaY2RlZmdoaWpzdHV2d3h5eoKDhIWGh4iJipKTlJWWl5iZmqKjpKWmp6ipqrKztLW2t7i5usLDxMXGx8jJytLT1NXW19jZ2uLj5OXm5+jp6vLz9PX29\/j5+v\/aAAwDAQACEQMRAD8A6y6s743AaCQkelFnaag1+GnkKqvb1rP1HWL2GN3tweuBVnRtUu7lFe8O1gan2nQ2dO2pJfwxqrALUFggZ8HpRRR1Ef\/Z');background-size:cover;background-position:50% 50%;\" class=\"image-container__image \" width=\"1000\" height=\"1250\" loading=\"lazy\" fetchpriority=\"auto\" \/><\/p>\n<p>        <\/a><\/p>\n<p>                                    Final Fantasy Tactics &#8211; The Ivalice Chronicles.<\/p>\n<p>                        Square Enix\n                    <\/p>\n<p>V\u00e5r egen \u00d8ystein Furevik falt pladask, og beskrev The Ivalice Chronicles som \u00ab<a role=\"link\" href=\"https:\/\/www.gamer.no\/artikler\/frustrerande-bra\/519311\" rel=\"nofollow noopener\" target=\"_blank\">den beste versjonen av et legendarisk spill<\/a>\u00bb. <\/p>\n<p>\u2013 Denne versjonen av spillet gj\u00f8r hele opplevelsen bedre. Hele brukeropplevelsen er smidigere og lettere i bruk, men b\u00e5de sm\u00e5 og store endringer gj\u00f8r mye for \u00e5 gj\u00f8re selve spillet triveligere \u00e5 spille, l\u00f8d konklusjonen i v\u00e5r anmeldelse.<\/p>\n<p><strong>LES OGS\u00c5: <a role=\"link\" href=\"https:\/\/www.gamer.no\/artikler\/dispatch-har-solgt-over-tre-millioner\/519770\" rel=\"nofollow noopener\" target=\"_blank\">Salgssuksess for Dispatch \u00bb<\/a><\/strong><\/p>\n","protected":false},"excerpt":{"rendered":"Oppussingsprosjektet Final Fantasy Tactics &#8211; The Ivalice Chronicles har v\u00e6rt god butikk for Square Enix. Utvikleren kunngjorde onsdag&hellip;\n","protected":false},"author":2,"featured_media":132248,"comment_status":"","ping_status":"","sticky":false,"template":"","format":"standard","meta":{"footnotes":""},"categories":[57],"tags":[30,28,29,65,63,64,66,70,69,67,68],"class_list":{"0":"post-132247","1":"post","2":"type-post","3":"status-publish","4":"format-standard","5":"has-post-thumbnail","7":"category-vitenskap-og-teknologi","8":"tag-no","9":"tag-norge","10":"tag-norway","11":"tag-science","12":"tag-science-and-technology","13":"tag-scienceandtechnology","14":"tag-technology","15":"tag-teknologi","16":"tag-vitenskap","17":"tag-vitenskap-og-teknologi","18":"tag-vitenskapteknologi"},"share_on_mastodon":{"url":"https:\/\/pubeurope.com\/@no\/115860524409412921","error":""},"_links":{"self":[{"href":"https:\/\/www.europesays.com\/no\/wp-json\/wp\/v2\/posts\/132247","targetHints":{"allow":["GET"]}}],"collection":[{"href":"https:\/\/www.europesays.com\/no\/wp-json\/wp\/v2\/posts"}],"about":[{"href":"https:\/\/www.europesays.com\/no\/wp-json\/wp\/v2\/types\/post"}],"author":[{"embeddable":true,"href":"https:\/\/www.europesays.com\/no\/wp-json\/wp\/v2\/users\/2"}],"replies":[{"embeddable":true,"href":"https:\/\/www.europesays.com\/no\/wp-json\/wp\/v2\/comments?post=132247"}],"version-history":[{"count":0,"href":"https:\/\/www.europesays.com\/no\/wp-json\/wp\/v2\/posts\/132247\/revisions"}],"wp:featuredmedia":[{"embeddable":true,"href":"https:\/\/www.europesays.com\/no\/wp-json\/wp\/v2\/media\/132248"}],"wp:attachment":[{"href":"https:\/\/www.europesays.com\/no\/wp-json\/wp\/v2\/media?parent=132247"}],"wp:term":[{"taxonomy":"category","embeddable":true,"href":"https:\/\/www.europesays.com\/no\/wp-json\/wp\/v2\/categories?post=132247"},{"taxonomy":"post_tag","embeddable":true,"href":"https:\/\/www.europesays.com\/no\/wp-json\/wp\/v2\/tags?post=132247"}],"curies":[{"name":"wp","href":"https:\/\/api.w.org\/{rel}","templated":true}]}}