{"id":132251,"date":"2026-01-08T16:56:09","date_gmt":"2026-01-08T16:56:09","guid":{"rendered":"https:\/\/www.europesays.com\/no\/132251\/"},"modified":"2026-01-08T16:56:09","modified_gmt":"2026-01-08T16:56:09","slug":"jeg-har-ingen-erkefiender","status":"publish","type":"post","link":"https:\/\/www.europesays.com\/no\/132251\/","title":{"rendered":"&#8211; Jeg har ingen erkefiender"},"content":{"rendered":"<p class=\"font-weight-bold m-font-weight-bold\" data-lab-font_weight=\"font-weight-bold\">LILLESTR\u00d8M (B\u00f8rsen): &#8211; Jeg har ingen erkefiender.\u00a0<\/p>\n<p>I god tabloid \u00e5nd har B\u00f8rsen plantet ordet\u00a0\u00aberkefiende\u00bb i sp\u00f8rsm\u00e5let til Rema-topp Ole Robert Reitan n\u00e5r vi treffer ham p\u00e5 vei inn p\u00e5 NHOs \u00e5rskonferanse i Nova Spektrum p\u00e5 Lillestr\u00f8m.<\/p>\n<p>Men at R\u00f8dts finanspolitiske talsperson, Mimir Kristjansson, er en eller annen form for erkefiende, g\u00e5r en munter og lattermild Reitan ikke med p\u00e5.<\/p>\n<p>    <a itemprop=\"url\" href=\"https:\/\/borsen.dagbladet.no\/nyheter\/blir-mindre-utskjelling-i-ost-og-vest\/83707159\" rel=\"nofollow noopener\" target=\"_blank\"><\/p>\n<p>        <img loading=\"lazy\" decoding=\"async\" src=\"https:\/\/www.europesays.com\/no\/wp-content\/uploads\/2026\/01\/83708417.webp.webp\" width=\"980\" height=\"441\" title=\"- Blir mindre utskjelling i \u00f8st og vest\" alt=\"\" class=\"lazyload\" style=\"--aspect-ratio-image: 2.22; \"\/><\/p>\n<p>        &#8211; Blir mindre utskjelling i \u00f8st og vest<\/p>\n<p>    <\/a><\/p>\n<p>Mimirs nytt\u00e5rsl\u00f8fte\t<\/p>\n<p>Bakgrunnen for formuleringen er at Kristjansson nylig gikk ut p\u00e5 Facebook, der han skrev at hans nytt\u00e5rsforsett for 2026 \u00aber \u00e5 ta et politisk oppgj\u00f8r med de store dagligvaregigantene\u00bb. <\/p>\n<p>Det er ikke akkurat nye toner fra den profilerte R\u00f8dt-politikeren. Partiet hans er kjent for \u00e5 v\u00e6re de argeste kritikerne av dagligvaregigantene, som de mener tjener i overkant godt.\u00a0<\/p>\n<p class=\"font-weight-bold m-font-weight-bold\" data-lab-font_weight=\"font-weight-bold\">Kristjansson mener at dagligvaregigantenes priskrig p\u00e5 sunne matvarer i januar ikke handler om at de vil v\u00e6re greie med kundene, men at de vil\u00a0\u00abtjene mer penger\u00bb.<\/p>\n<p>    <a itemprop=\"url\" href=\"https:\/\/borsen.dagbladet.no\/nyheter\/mafiatilstander-i-dagligvarebransjen\/83488547\" rel=\"nofollow noopener\" target=\"_blank\"><\/p>\n<p>        <img loading=\"lazy\" decoding=\"async\" src=\"https:\/\/www.europesays.com\/no\/wp-content\/uploads\/2026\/01\/83490489.webp.webp\" width=\"980\" height=\"441\" title=\"- Mafiatilstander i dagligvarebransjen\" alt=\"\" class=\"lazyload\" style=\"--aspect-ratio-image: 2.22; \"\/><\/p>\n<p>        &#8211; Mafiatilstander i dagligvarebransjen<\/p>\n<p>    <\/a><\/p>\n<p>&#8211; Manglende innsikt\t<\/p>\n<p>At Kristjansson \u00f8nsker \u00e5 bruke 2026 til et politisk oppgj\u00f8r mot gigantene i dagligvarebransjen, later ikke til \u00e5 bekymre Reitan.\u00a0<\/p>\n<p>&#8211; Jeg tenker at jeg setter meg gjerne ned og snakker med ham og alle andre som ikke har inng\u00e5ende kunnskap om dagligvarebransjen, s\u00e5 vi kan f\u00e5 en bedre forst\u00e5else. S\u00e5 er det helt sikkert ting som kan gj\u00f8res bedre, men jeg er helt sikker p\u00e5 at han har mye \u00e5 l\u00e6re han ogs\u00e5, sier Reitan.<\/p>\n<p class=\"italic m-italic\" data-lab-italic=\"italic\">&#8211; Mener du at han har et litt feil syn p\u00e5 hvordan ting henger sammen?<\/p>\n<p>&#8211; Han har i alle fall manglende innsikt.<\/p>\n<p>    <a itemprop=\"url\" href=\"https:\/\/borsen.dagbladet.no\/nyheter\/styrtrike-arvinger-frontkollisjon-med-demokratiet\/83930500\" rel=\"nofollow noopener\" target=\"_blank\"><\/p>\n<p>        <img loading=\"lazy\" decoding=\"async\" src=\"https:\/\/www.europesays.com\/no\/wp-content\/uploads\/2026\/01\/83932806.webp.webp\" width=\"980\" height=\"441\" title=\"Styrtrike arvinger: - Frontkollisjon med demokratiet\" alt=\"\" class=\"lazyload\" style=\"--aspect-ratio-image: 2.22; \"\/><\/p>\n<p>        Styrtrike arvinger: &#8211; Frontkollisjon med demokratiet<\/p>\n<p>    <\/a><\/p>\n<p>Mener han har innsikten\t<\/p>\n<p>Det g\u00e5r ikke R\u00f8dts mann med p\u00e5. Ogs\u00e5 han har tatt turen til Lillestr\u00f8m p\u00e5 NHO-konferansen for\u00a0\u00ab\u00e5 spre litt d\u00e5rlig stemning\u00bb, som han sier med glimt i \u00f8yet.<\/p>\n<p class=\"font-weight-bold m-font-weight-bold\" data-lab-font_weight=\"font-weight-bold\">&#8211; Jeg tar gjerne en prat med Ole Robert Reitan, men jeg har den innsikten som er den aller mest verdifulle i hele dagligvarebransjen: Jeg er kunde i en dagligvarebutikk. Dette handler ikke om kunnskap, det handler om interessemotsetninger, sier Kristjansson til B\u00f8rsen.<\/p>\n<p>        <img loading=\"lazy\" decoding=\"async\" src=\"https:\/\/www.europesays.com\/no\/wp-content\/uploads\/2026\/01\/84067617.webp.webp\" width=\"980\" height=\"559\" title=\"KRITIKER: Mimir Kristjansson er ikke med i dagligvaregigantenes heiegjeng, og mener det m\u00e5 tas politiske grep for \u00e5 f\u00e5 ned matprisene. Foto: Ole Berg-Rusten \/ NTB\" alt=\"\" class=\"\" style=\"--aspect-ratio-image: 1.75; \"\/><\/p>\n<p>\n        KRITIKER: Mimir Kristjansson er ikke med i dagligvaregigantenes heiegjeng, og mener det m\u00e5 tas politiske grep for \u00e5 f\u00e5 ned matprisene. Foto: Ole Berg-Rusten \/ NTB\n    <\/p>\n<p>Bakgrunnen for Kristjanssons harme kan vi nok finne i Remas \u00e5rsresultat. Tallene for 2024 viste at de gikk med et overskudd p\u00e5 2,1 milliarder kroner p\u00e5 den norske butikkdriften.<\/p>\n<p>Ogs\u00e5 Norgesgruppen, som st\u00e5r bak Kiwi, Joker, Spar og Meny, samt grossisten Asko, tjente gode penger. Der var overskuddet tett p\u00e5 fem milliarder kroner.<\/p>\n<p>    <a itemprop=\"url\" href=\"https:\/\/borsen.dagbladet.no\/nyheter\/snur-etter-kraftige-protester\/84048806\" rel=\"nofollow noopener\" target=\"_blank\"><\/p>\n<p>        <img loading=\"lazy\" decoding=\"async\" src=\"https:\/\/www.europesays.com\/no\/wp-content\/uploads\/2026\/01\/84048866.webp.webp\" width=\"980\" height=\"441\" title=\"Snur etter kraftige protester\" alt=\"\" class=\"lazyload\" style=\"--aspect-ratio-image: 2.22; \"\/><\/p>\n<p>        Snur etter kraftige protester<\/p>\n<p>    <\/a><\/p>\n<p>Vil ta store grep\t<\/p>\n<p>Kristjansson mener at b\u00e5de kunder, matprodusenter og ogs\u00e5 de ansatte i butikkene har andre interesser enn eierne.<\/p>\n<p>&#8211; Ingen mengde kunnskap forandrer p\u00e5 at Ole Robert Reitans m\u00e5l er \u00e5 tjene mest mulig penger p\u00e5 Rema. V\u00e5rt m\u00e5l som kunder er at han skal tjene mindre penger, og vi vil ha billigere mat, sl\u00e5r Kristjansson fast.<\/p>\n<p>For R\u00f8dts del handler det politiske oppgj\u00f8ret om at de mener man m\u00e5 bryte opp kjedene.<\/p>\n<p class=\"font-weight-bold m-font-weight-bold\" data-lab-font_weight=\"font-weight-bold\">&#8211; Det krever store grep, og det er en t\u00f8ff kamp, men det er det p\u00e5 tide at vi gj\u00f8r, fordi matprisene har \u00f8kt dobbelt s\u00e5 mye som andre priser de siste tre \u00e5ra. Det er den st\u00f8rste utfordringen for privat\u00f8konomien til folk, sier Kristjansson.<\/p>\n<p>R\u00f8dt-politikeren mener matvareprisene i Norge\u00a0\u00abfortsatt er altfor h\u00f8ye\u00bb.<\/p>\n<p>&#8211; De pengene g\u00e5r ikke til b\u00f8ndene, de g\u00e5r ikke til lavtl\u00f8nte butikkansatte, de g\u00e5r til \u00e5 bygge opp noen av Norges st\u00f8rste formyer i Reitan-familien og Johannsson-familien, sier Kristjansson, som likevel gjerne tar en prat med Reitan:<\/p>\n<p>&#8211; Jeg har sikkert noe \u00e5 l\u00e6re ogs\u00e5, men jeg tror ikke at det holder \u00e5 tilf\u00f8re meg kunnskap for at vi skal bli enige. Det handler om noen ganske motstridende m\u00e5l, uansett hva slags kunnskap man sitter med.<\/p>\n<p>    <a itemprop=\"url\" href=\"https:\/\/borsen.dagbladet.no\/nyheter\/politikerne-bor-sperre-opp-oynene\/83840843\" rel=\"nofollow noopener\" target=\"_blank\"><\/p>\n<p>        <img loading=\"lazy\" decoding=\"async\" src=\"https:\/\/www.europesays.com\/no\/wp-content\/uploads\/2026\/01\/83870292.webp.webp\" width=\"980\" height=\"441\" title=\"- Politikerne b\u00f8r sperre opp \u00f8ynene\" alt=\"\" class=\"lazyload\" style=\"--aspect-ratio-image: 2.22; \"\/><\/p>\n<p>        &#8211; Politikerne b\u00f8r sperre opp \u00f8ynene<\/p>\n<p>    <\/a><\/p>\n<p>Inviterer til prat\t<\/p>\n<p>At det er en interessekonflikt mellom dem og kunder og produsenter, er ikke Reitan helt enig i.\u00a0<\/p>\n<p class=\"font-weight-bold m-font-weight-bold\" data-lab-font_weight=\"font-weight-bold\">&#8211; Det tror jeg ikke han har rett i. Jeg tror vi har en felles interesse i \u00e5 lage s\u00e5 effektive og gode verdikjeder som mulig, s\u00e5nn at folk ikke betaler mer enn n\u00f8dvendig for maten, sier Reitan.<\/p>\n<p>Rema-toppen sier han er nysgjerrig p\u00e5 \u00e5 f\u00e5 vite hva Kristjansson mener. Reitan har invitert Kristjansson til podkasten sin, men fikk nei til det.<\/p>\n<p>&#8211; S\u00e5 kanskje vi m\u00e5 finne en annen arena for \u00e5 diskutere, sier Reitan.<\/p>\n<p class=\"italic m-italic\" data-lab-italic=\"italic\">&#8211; Kristjansson sier at han gjerne tar en prat.<\/p>\n<p>&#8211; Da er han herved invitert, s\u00e5 da kan vi ta det hjemme p\u00e5<br \/>\nkj\u00f8kkenet mitt, eller vi kan ta det et annet sted.<\/p>\n<p>    <a itemprop=\"url\" href=\"https:\/\/borsen.dagbladet.no\/nyheter\/totalt-ikke-interesse\/83883526\" rel=\"nofollow noopener\" target=\"_blank\"><\/p>\n<p>        <img loading=\"lazy\" decoding=\"async\" src=\"https:\/\/www.europesays.com\/no\/wp-content\/uploads\/2026\/01\/83887909.webp.webp\" width=\"980\" height=\"441\" title=\"- Totalt ikke interesse\" alt=\"\" class=\"lazyload\" style=\"--aspect-ratio-image: 2.22; \"\/><\/p>\n<p>        &#8211; Totalt ikke interesse<\/p>\n<p>    <\/a><\/p>\n<p>Innr\u00f8mmer: Blir neppe helt enige\t<\/p>\n<p>For Reitan tilst\u00e5r at det sikkert er ting de kan bli bedre p\u00e5, og at Kristjansson sikkert har poenger han har rett i.<\/p>\n<p>&#8211; S\u00e5 kan vi diskutere det. Det er jo det som er g\u00f8y med livet, at man kan v\u00e6re uenig og s\u00e5 finne kompromisser.<\/p>\n<p class=\"italic m-italic\" data-lab-italic=\"italic\">&#8211; Men helt enige kommer vel ikke Mimir Kristjansson og Ole Robert Reitan til \u00e5 bli?<\/p>\n<p class=\"font-weight-bold m-font-weight-bold\" data-lab-font_weight=\"font-weight-bold\">&#8211; Det er d\u00e5rlige odds for det, humrer Rema-toppen.<\/p>\n","protected":false},"excerpt":{"rendered":"LILLESTR\u00d8M (B\u00f8rsen): &#8211; Jeg har ingen erkefiender.\u00a0 I god tabloid \u00e5nd har B\u00f8rsen plantet ordet\u00a0\u00aberkefiende\u00bb i sp\u00f8rsm\u00e5let til&hellip;\n","protected":false},"author":2,"featured_media":132252,"comment_status":"","ping_status":"","sticky":false,"template":"","format":"standard","meta":{"footnotes":""},"categories":[10],"tags":[20,21,24,25,15,22,23,13,30,28,29,14,16,26,27],"class_list":{"0":"post-132251","1":"post","2":"type-post","3":"status-publish","4":"format-standard","5":"has-post-thumbnail","7":"category-norge","8":"tag-breaking-news","9":"tag-breakingnews","10":"tag-featured-news","11":"tag-featurednews","12":"tag-headlines","13":"tag-latest-news","14":"tag-latestnews","15":"tag-news","16":"tag-no","17":"tag-norge","18":"tag-norway","19":"tag-nyheter","20":"tag-overskrifter","21":"tag-top-stories","22":"tag-topstories"},"share_on_mastodon":{"url":"https:\/\/pubeurope.com\/@no\/115860536391698378","error":""},"_links":{"self":[{"href":"https:\/\/www.europesays.com\/no\/wp-json\/wp\/v2\/posts\/132251","targetHints":{"allow":["GET"]}}],"collection":[{"href":"https:\/\/www.europesays.com\/no\/wp-json\/wp\/v2\/posts"}],"about":[{"href":"https:\/\/www.europesays.com\/no\/wp-json\/wp\/v2\/types\/post"}],"author":[{"embeddable":true,"href":"https:\/\/www.europesays.com\/no\/wp-json\/wp\/v2\/users\/2"}],"replies":[{"embeddable":true,"href":"https:\/\/www.europesays.com\/no\/wp-json\/wp\/v2\/comments?post=132251"}],"version-history":[{"count":0,"href":"https:\/\/www.europesays.com\/no\/wp-json\/wp\/v2\/posts\/132251\/revisions"}],"wp:featuredmedia":[{"embeddable":true,"href":"https:\/\/www.europesays.com\/no\/wp-json\/wp\/v2\/media\/132252"}],"wp:attachment":[{"href":"https:\/\/www.europesays.com\/no\/wp-json\/wp\/v2\/media?parent=132251"}],"wp:term":[{"taxonomy":"category","embeddable":true,"href":"https:\/\/www.europesays.com\/no\/wp-json\/wp\/v2\/categories?post=132251"},{"taxonomy":"post_tag","embeddable":true,"href":"https:\/\/www.europesays.com\/no\/wp-json\/wp\/v2\/tags?post=132251"}],"curies":[{"name":"wp","href":"https:\/\/api.w.org\/{rel}","templated":true}]}}