{"id":132253,"date":"2026-01-08T16:57:08","date_gmt":"2026-01-08T16:57:08","guid":{"rendered":"https:\/\/www.europesays.com\/no\/132253\/"},"modified":"2026-01-08T16:57:08","modified_gmt":"2026-01-08T16:57:08","slug":"olaug-tvedten-klar-for-brighton","status":"publish","type":"post","link":"https:\/\/www.europesays.com\/no\/132253\/","title":{"rendered":"Olaug Tvedten klar for Brighton"},"content":{"rendered":"<p>Det bekrefter V\u00e5lerenga til TV 2.<\/p>\n<p>Tvedten har selv ogs\u00e5 lagt ut en melding p\u00e5 <a href=\"https:\/\/www.instagram.com\/p\/DTQWHdUDEZa\/?utm_source=ig_web_copy_link&amp;igsh=NTc4MTIwNjQ2YQ==\" target=\"_blank\" rel=\"nofollow noopener\">sin Instagram-profil <\/a>der hun takker for seg i Oslo-klubben.\u00a0<\/p>\n<p>\u2013 Evig takknemlig for alle i og rundt klubben som har gjort at disse \u00e5rene har blitt s\u00e5 utrolig bra. Og stolt over alt vi har oppn\u00e5dd sammen. P\u00e5 gjensyn. skriver Tvedten.<\/p>\n<p>Tvedten var V\u00e5lerengas toppscorer forrige sesong med 19 m\u00e5l. Hun hadde opprinnelig kontrakt ut 2026 med Oslo-klubben.\u00a0<\/p>\n<p>25-\u00e5ringen har v\u00e6rt i VIF i fire og et halvt \u00e5r.\u00a0<\/p>\n<p>\u2013\u00a0N\u00e5r hun f\u00f8rst skulle skifte klubb, er dette en god avtale for V\u00e5lerenga. Og timingen er riktig. Olaug har gjort seg fortjent til \u00e5 f\u00e5 muligheten i en st\u00f8rre liga, sier sportssjef Steinar Pedersen i en <a href=\"https:\/\/vif-damefotball.no\/nyheter\/olaug-tvedten-solgt-til-brighton\" rel=\"nofollow noopener\" target=\"_blank\">pressemelding<\/a> torsdag kveld.\u00a0<\/p>\n<p> \u2013 Hun har v\u00e6rt en viktig person b\u00e5de p\u00e5 og utenfor banen. En profil som drar hele laget i riktig retning. Men da vi forlenget kontrakten med Olaug i fjor sommer, l\u00e5 det i kortene at dette kunne skje, utdyper Pedersen.\u00a0<\/p>\n<p>N\u00e5 venter et eventyr i den engelske Women&#8217;s Super League-klubben Brighton.\u00a0<\/p>\n<p><script async src=\"\/\/www.instagram.com\/embed.js\"><\/script><\/p>\n","protected":false},"excerpt":{"rendered":"Det bekrefter V\u00e5lerenga til TV 2. Tvedten har selv ogs\u00e5 lagt ut en melding p\u00e5 sin Instagram-profil der&hellip;\n","protected":false},"author":2,"featured_media":132254,"comment_status":"","ping_status":"","sticky":false,"template":"","format":"standard","meta":{"footnotes":""},"categories":[5],"tags":[20,21,24,25,15,19,22,23,17,18,13,30,28,29,14,16,26,27],"class_list":{"0":"post-132253","1":"post","2":"type-post","3":"status-publish","4":"format-standard","5":"has-post-thumbnail","7":"category-overskrifter","8":"tag-breaking-news","9":"tag-breakingnews","10":"tag-featured-news","11":"tag-featurednews","12":"tag-headlines","13":"tag-hovedoppslag","14":"tag-latest-news","15":"tag-latestnews","16":"tag-main-news","17":"tag-mainnews","18":"tag-news","19":"tag-no","20":"tag-norge","21":"tag-norway","22":"tag-nyheter","23":"tag-overskrifter","24":"tag-top-stories","25":"tag-topstories"},"share_on_mastodon":{"url":"https:\/\/pubeurope.com\/@no\/115860540223631990","error":""},"_links":{"self":[{"href":"https:\/\/www.europesays.com\/no\/wp-json\/wp\/v2\/posts\/132253","targetHints":{"allow":["GET"]}}],"collection":[{"href":"https:\/\/www.europesays.com\/no\/wp-json\/wp\/v2\/posts"}],"about":[{"href":"https:\/\/www.europesays.com\/no\/wp-json\/wp\/v2\/types\/post"}],"author":[{"embeddable":true,"href":"https:\/\/www.europesays.com\/no\/wp-json\/wp\/v2\/users\/2"}],"replies":[{"embeddable":true,"href":"https:\/\/www.europesays.com\/no\/wp-json\/wp\/v2\/comments?post=132253"}],"version-history":[{"count":0,"href":"https:\/\/www.europesays.com\/no\/wp-json\/wp\/v2\/posts\/132253\/revisions"}],"wp:featuredmedia":[{"embeddable":true,"href":"https:\/\/www.europesays.com\/no\/wp-json\/wp\/v2\/media\/132254"}],"wp:attachment":[{"href":"https:\/\/www.europesays.com\/no\/wp-json\/wp\/v2\/media?parent=132253"}],"wp:term":[{"taxonomy":"category","embeddable":true,"href":"https:\/\/www.europesays.com\/no\/wp-json\/wp\/v2\/categories?post=132253"},{"taxonomy":"post_tag","embeddable":true,"href":"https:\/\/www.europesays.com\/no\/wp-json\/wp\/v2\/tags?post=132253"}],"curies":[{"name":"wp","href":"https:\/\/api.w.org\/{rel}","templated":true}]}}