{"id":132255,"date":"2026-01-08T16:58:50","date_gmt":"2026-01-08T16:58:50","guid":{"rendered":"https:\/\/www.europesays.com\/no\/132255\/"},"modified":"2026-01-08T16:58:50","modified_gmt":"2026-01-08T16:58:50","slug":"ordforeren-kontaktet-forbundet-hadde-vaert-veldig-riktig-fvn-no","status":"publish","type":"post","link":"https:\/\/www.europesays.com\/no\/132255\/","title":{"rendered":"(+) Ordf\u00f8reren kontaktet forbundet: \u2013 Hadde v\u00e6rt veldig riktig &#8211; fvn.no"},"content":{"rendered":"<ol>\n<li><a href=\"https:\/\/news.google.com\/rss\/articles\/CBMiuAFBVV95cUxQNmtkdVAwZ2RsQ2RwSnVSVlBkM1lSODNmZVVnVHFXSHNaU0ZMbUM0S0pJSnlwVWlBbFZ5Tl9pZm5STU1uanNOWFZ6cFhpVUV4OHU5SmEzQ0pRak1iejZtcGRzbnhOVjJrUF93ZnJvTndyUGlpOTRNeVlSZ2t1X213THItSkY0QnhCNk42YmpPSGEybWg2aFdHSGxtSk1Va1Vkay1HNXdLRzRzTXA1THY2a1lPNDBXdnZJ?oc=5\" target=\"_blank\" rel=\"nofollow noopener\">(+) Ordf\u00f8reren kontaktet forbundet: \u2013 Hadde v\u00e6rt veldig riktig<\/a>&nbsp;&nbsp;fvn.no<\/li>\n<li><a href=\"https:\/\/news.google.com\/rss\/articles\/CBMijwFBVV95cUxNcGNSZDIyeWVXdGQxUjdtRFNqbTB0RUxUTzg0bWtzdktMNndUamw0WmlScm9vZXN4SGpnaHRzb285bWhNdGhRTWNWcEFfeE5oY25vcTJtRlVsVGZzZ3NVVUlwRlAtWUNCeE1UTl85MllYS3o4MGhKX3pVb3R3TG5PeHIzOFJ6czR5cFphT1h5NA?oc=5\" target=\"_blank\" rel=\"nofollow noopener\">Alt annet enn Kristiansand er en h\u00e5n<\/a>&nbsp;&nbsp;fvn.no<\/li>\n<li><a href=\"https:\/\/news.google.com\/rss\/articles\/CBMinwFBVV95cUxNVUxjY2dIMjBSdl9yMkQ5Wm05blBPMUltdVlrbmRoY3JfSFZMNTZaOEl0bVg3NUJLVno4MzYxQnhDSUpmcGRKNFdCdFZzRktjWUVlb1E2LV92WDBGdGJvNzk0NUJmc0NUb01mTktNWVlma3JXamFhUUZMUzV3NlQ2UDRXNFlwYVJaU0ZWWE1jR1VoR1c0V2dNVEZuRDgteEE?oc=5\" target=\"_blank\" rel=\"nofollow noopener\">Katrine Lunde tar et emosjonelt farvel med landslagsh\u00e5ndballen<\/a>&nbsp;&nbsp;NRK<\/li>\n<li><a href=\"https:\/\/news.google.com\/rss\/articles\/CBMiygFBVV95cUxQQjB3NzVMSjZyX0JKdFhrOVRKcGdlbW52X2xaRWRpMzBfVmFBXzlHaHNtSU9NN0NoNVJ4c2ZtOG5nd3dpaEItNHhKZnBSUXA4MGJvWU5RNFBpSXhlZ2dHQmtfTVh1TUNHa2s3QmZMOTNES1ZrLThkdG90bV9iN2V4aGloQnhRbVF4NWVqQ3BBblNRUzZlcHFtUjlicUlqVEUwMUNyRmdaa2pRVkRLaGdZaXFRd3E2VjliS3U0MnBieTNoUWdQODR5NjFB?oc=5\" target=\"_blank\" rel=\"nofollow noopener\">(+) H\u00e5ndballforbundet \u00e5pner for Lunde-hyllest i Kristiansand etter ordf\u00f8rer-epost<\/a>&nbsp;&nbsp;folkebladet.no<\/li>\n<li><a href=\"https:\/\/news.google.com\/rss\/articles\/CBMi3AFBVV95cUxQNGRZUW03eVR4UzFJa2Q1cGFnRElaUzFXOEtUS2oxSUQ0d2NsLVhsR0ZOY0piOVdiZDI4cDdXcXFoQTZlVFhLTExhNGIzbXRlR2FTbUtndnJ4aGV2R3lldnRiT1VDMUtfTW1QMGFCS05oV0swVDJZRUxISWhhRmZRNkE3UHlyWVItUDlIYUNBVWpsakNmOVFOaDlERkpGN0t3czlGazY2VHhyZEtsQVNFbmRiSWliWWE1UW9LcW5uRDJVUG5RbGtFOEZDM3F3OTJzT0x2cXR0c29mWEhS?oc=5\" target=\"_blank\" rel=\"nofollow noopener\">H\u00e5ndballforbundet \u00e5pner for Lunde-hyllest i Kristiansand etter ordf\u00f8rer-epost<\/a>&nbsp;&nbsp;MSN<\/li>\n<\/ol>\n","protected":false},"excerpt":{"rendered":"(+) Ordf\u00f8reren kontaktet forbundet: \u2013 Hadde v\u00e6rt veldig riktig&nbsp;&nbsp;fvn.no Alt annet enn Kristiansand er en h\u00e5n&nbsp;&nbsp;fvn.no Katrine Lunde&hellip;\n","protected":false},"author":2,"featured_media":132256,"comment_status":"","ping_status":"","sticky":false,"template":"","format":"standard","meta":{"footnotes":""},"categories":[59],"tags":[105,1526,2861,30,28,13719,29,83,82],"class_list":{"0":"post-132255","1":"post","2":"type-post","3":"status-publish","4":"format-standard","5":"has-post-thumbnail","7":"category-sport","8":"tag-handball","9":"tag-katrine-lunde","10":"tag-mathias-bernander","11":"tag-no","12":"tag-norge","13":"tag-norges-handballforbund","14":"tag-norway","15":"tag-sport","16":"tag-sports"},"share_on_mastodon":{"url":"https:\/\/pubeurope.com\/@no\/115860547960469783","error":""},"_links":{"self":[{"href":"https:\/\/www.europesays.com\/no\/wp-json\/wp\/v2\/posts\/132255","targetHints":{"allow":["GET"]}}],"collection":[{"href":"https:\/\/www.europesays.com\/no\/wp-json\/wp\/v2\/posts"}],"about":[{"href":"https:\/\/www.europesays.com\/no\/wp-json\/wp\/v2\/types\/post"}],"author":[{"embeddable":true,"href":"https:\/\/www.europesays.com\/no\/wp-json\/wp\/v2\/users\/2"}],"replies":[{"embeddable":true,"href":"https:\/\/www.europesays.com\/no\/wp-json\/wp\/v2\/comments?post=132255"}],"version-history":[{"count":0,"href":"https:\/\/www.europesays.com\/no\/wp-json\/wp\/v2\/posts\/132255\/revisions"}],"wp:featuredmedia":[{"embeddable":true,"href":"https:\/\/www.europesays.com\/no\/wp-json\/wp\/v2\/media\/132256"}],"wp:attachment":[{"href":"https:\/\/www.europesays.com\/no\/wp-json\/wp\/v2\/media?parent=132255"}],"wp:term":[{"taxonomy":"category","embeddable":true,"href":"https:\/\/www.europesays.com\/no\/wp-json\/wp\/v2\/categories?post=132255"},{"taxonomy":"post_tag","embeddable":true,"href":"https:\/\/www.europesays.com\/no\/wp-json\/wp\/v2\/tags?post=132255"}],"curies":[{"name":"wp","href":"https:\/\/api.w.org\/{rel}","templated":true}]}}