{"id":132257,"date":"2026-01-08T17:00:12","date_gmt":"2026-01-08T17:00:12","guid":{"rendered":"https:\/\/www.europesays.com\/no\/132257\/"},"modified":"2026-01-08T17:00:12","modified_gmt":"2026-01-08T17:00:12","slug":"carlos-alcaraz-blir-mott-av-dusinvis-av-fans-i-sor-korea-for-kampen-mot-sinner","status":"publish","type":"post","link":"https:\/\/www.europesays.com\/no\/132257\/","title":{"rendered":"Carlos Alcaraz blir m\u00f8tt av dusinvis av fans i S\u00f8r-Korea f\u00f8r kampen mot Sinner &#8211;"},"content":{"rendered":"<p>Carlos Alcaraz og Jannik Sinner, de to spillerne som forventes \u00e5 dominere <a href=\"https:\/\/www.gamereactor.no\/tenniskalenderen-i-2026-datoer-for-alle-grand-slams-atp-og-wta-masters-1000-i-2026-1946723\/\" title=\"Tenniskalenderen i 2026: datoer for alle Grand Slams, ATP og WTA Masters 1000 i 2026\" rel=\"nofollow noopener\" target=\"_blank\">tennissesongen 2026<\/a>, skal starte \u00e5ret med \u00e5 m\u00f8tes igjen i en oppvisningskamp i S\u00f8r-Korea. F\u00f8r sesongen begynner for alvor i Australian Open, spiller de i &laquo;Hyundai Card Super Match&raquo; p\u00e5 Inspire Arena i Incheon.<\/p>\n<p>Kampen spilles l\u00f8rdag 10. januar kl. 08.00 om morgenen spansk\/italiensk tid, men Carlos Alcaraz har allerede ankommet for \u00e5 trene f\u00f8r kampen. Videoer av den spanske spilleren som m\u00f8ter fans i Korea, signerer plakater og tennisballer og tar bilder dukket opp p\u00e5 sosiale medier torsdag morgen, allerede p\u00e5 kvelden i det asiatiske landet.<\/p>\n<p>Han skal ogs\u00e5 ha f\u00e5tt en blomsterbukett, og til tross for at han hadde p\u00e5 seg caps og hette, tror noen fans at han har barbert hodet igjen&#8230;<\/p>\n<blockquote class=\"twitter-tweet\" data-theme=\"dark\"><p><a href=\"https:\/\/twitter.com\/carlosalcarazbr\/status\/2009202417791799332?ref_src=twsrc%5Etfw\" rel=\"nofollow noopener\" target=\"_blank\"><\/p><\/blockquote>\n<blockquote class=\"twitter-tweet\" data-theme=\"dark\"><p><a href=\"https:\/\/twitter.com\/alcarazzupdates\/status\/2009213693859426409?ref_src=twsrc%5Etfw\" rel=\"nofollow noopener\" target=\"_blank\"><\/p><\/blockquote>\n<p> Hva er klokken og hvor kan du se Alcaraz-Sinner-kampen i Korea<\/p>\n<p>Kampen finner sted 10. januar kl. 16:00 lokal tid (kl. 08:00 CET, kl. 07:00 GMT). Den sendes p\u00e5 tvN og TVing i S\u00f8r-Korea, men den sendes selvf\u00f8lgelig ogs\u00e5 p\u00e5 de vanlige kanalene i Spania og Italia: Movistar+ i Spania og SuperTennis og Sky Sports i Italia.<\/p>\n<p><img loading=\"lazy\" decoding=\"async\" id=\"img-1953183-4778033\" data-fullsize=\"\/media\/80\/carlosalcarazgreeted_4778033b.jpg\" data-lazy=\"\" src=\"https:\/\/www.gamereactor.nohttps:\/\/www.gamereactor.no\/media\/80\/carlosalcarazgreeted_4778033_650x.jpg\" width=\"650\" onclick=\"if (!window.__cfRLUnblockHandlers) return false; gallery_openmodal('1953183','4778033',false,'007619eedbdde16adf6849f0e993f245');\" height=\"366\" alt=\"Carlos Alcaraz blir m\u00f8tt av dusinvis av fans i S\u00f8r-Korea f\u00f8r kampen mot Sinner\" class=\"rwd_col_content lazy\" data-cf-modified-2f428516ef61f25abde15ab8-=\"\"\/><script async src=\"https:\/\/platform.twitter.com\/widgets.js\" charset=\"utf-8\"><\/script><\/p>\n","protected":false},"excerpt":{"rendered":"Carlos Alcaraz og Jannik Sinner, de to spillerne som forventes \u00e5 dominere tennissesongen 2026, skal starte \u00e5ret med&hellip;\n","protected":false},"author":2,"featured_media":132258,"comment_status":"","ping_status":"","sticky":false,"template":"","format":"standard","meta":{"footnotes":""},"categories":[57],"tags":[30,28,29,65,63,64,66,70,69,67,68],"class_list":{"0":"post-132257","1":"post","2":"type-post","3":"status-publish","4":"format-standard","5":"has-post-thumbnail","7":"category-vitenskap-og-teknologi","8":"tag-no","9":"tag-norge","10":"tag-norway","11":"tag-science","12":"tag-science-and-technology","13":"tag-scienceandtechnology","14":"tag-technology","15":"tag-teknologi","16":"tag-vitenskap","17":"tag-vitenskap-og-teknologi","18":"tag-vitenskapteknologi"},"share_on_mastodon":{"url":"https:\/\/pubeurope.com\/@no\/115860551957576774","error":""},"_links":{"self":[{"href":"https:\/\/www.europesays.com\/no\/wp-json\/wp\/v2\/posts\/132257","targetHints":{"allow":["GET"]}}],"collection":[{"href":"https:\/\/www.europesays.com\/no\/wp-json\/wp\/v2\/posts"}],"about":[{"href":"https:\/\/www.europesays.com\/no\/wp-json\/wp\/v2\/types\/post"}],"author":[{"embeddable":true,"href":"https:\/\/www.europesays.com\/no\/wp-json\/wp\/v2\/users\/2"}],"replies":[{"embeddable":true,"href":"https:\/\/www.europesays.com\/no\/wp-json\/wp\/v2\/comments?post=132257"}],"version-history":[{"count":0,"href":"https:\/\/www.europesays.com\/no\/wp-json\/wp\/v2\/posts\/132257\/revisions"}],"wp:featuredmedia":[{"embeddable":true,"href":"https:\/\/www.europesays.com\/no\/wp-json\/wp\/v2\/media\/132258"}],"wp:attachment":[{"href":"https:\/\/www.europesays.com\/no\/wp-json\/wp\/v2\/media?parent=132257"}],"wp:term":[{"taxonomy":"category","embeddable":true,"href":"https:\/\/www.europesays.com\/no\/wp-json\/wp\/v2\/categories?post=132257"},{"taxonomy":"post_tag","embeddable":true,"href":"https:\/\/www.europesays.com\/no\/wp-json\/wp\/v2\/tags?post=132257"}],"curies":[{"name":"wp","href":"https:\/\/api.w.org\/{rel}","templated":true}]}}