{"id":13226,"date":"2025-08-20T13:52:10","date_gmt":"2025-08-20T13:52:10","guid":{"rendered":"https:\/\/www.europesays.com\/no\/13226\/"},"modified":"2025-08-20T13:52:10","modified_gmt":"2025-08-20T13:52:10","slug":"nyhet-ulykke-trafikkulykke-i-hogdal-bil-havnet-pa-taket","status":"publish","type":"post","link":"https:\/\/www.europesays.com\/no\/13226\/","title":{"rendered":"Nyhet, Ulykke | Trafikkulykke i Hogdal \u2013 bil havnet p\u00e5 taket"},"content":{"rendered":"\n<p>Hendelsen f\u00f8rte til at en bil havnet p\u00e5 taket i gr\u00f8ften, og \u00e9n person ble fraktet til sykehus, skriver <a href=\"https:\/\/www.stromstadstidning.se\/\" rel=\"Follow nofollow noopener\" target=\"_blank\">Str\u00f6mstad Tidning<\/a>.<\/p>\n<p>Ulykken ble meldt til n\u00f8detatene rundt klokken 09.30 onsdag formiddag.<\/p>\n<p>Redningstjenesten og politiet rykket ut til ulykkesstedet ved Hogdals Bygdeg\u00e5rd, som ligger s\u00f8r for Nordby i Str\u00f6mstad.<\/p>\n<p>Ett av kj\u00f8ret\u00f8yene endte opp p\u00e5 taket i en gr\u00f8ft, mens det andre kunne kj\u00f8re videre fra ulykkesstedet.<\/p>\n<p>Politiet bekrefter at en person er sendt til sykehus.<\/p>\n<p>\u2013 \u00c8n person ble fraktet til sykehus med ukjent skadeomfang, sier vakthavende Stefan L\u00e5ng til Str\u00f6mstads Tidning.<\/p>\n<p>Til tross for hendelsen, som krevde utrykning fra n\u00f8detatene, var trafikkflyten relativt up\u00e5virket.<\/p>\n<p>Politiet etterforsker n\u00e5 \u00e5rsaken til ulykken.<\/p>\n<p>Les mer om: artikkelemnene<\/p>\n","protected":false},"excerpt":{"rendered":"Hendelsen f\u00f8rte til at en bil havnet p\u00e5 taket i gr\u00f8ften, og \u00e9n person ble fraktet til sykehus,&hellip;\n","protected":false},"author":2,"featured_media":13227,"comment_status":"","ping_status":"","sticky":false,"template":"","format":"standard","meta":{"footnotes":""},"categories":[12],"tags":[36,20,21,24,25,15,22,23,13,30,28,29,447,14,16,218,1510,2021,26,27,51,42,43,44,45],"class_list":{"0":"post-13226","1":"post","2":"type-post","3":"status-publish","4":"format-standard","5":"has-post-thumbnail","7":"category-verden","8":"tag-art","9":"tag-breaking-news","10":"tag-breakingnews","11":"tag-featured-news","12":"tag-featurednews","13":"tag-headlines","14":"tag-latest-news","15":"tag-latestnews","16":"tag-news","17":"tag-no","18":"tag-norge","19":"tag-norway","20":"tag-nyhet","21":"tag-nyheter","22":"tag-overskrifter","23":"tag-pluss","24":"tag-story","25":"tag-stromstad","26":"tag-top-stories","27":"tag-topstories","28":"tag-ulykke","29":"tag-verden","30":"tag-world","31":"tag-world-news","32":"tag-worldnews"},"share_on_mastodon":{"url":"","error":""},"_links":{"self":[{"href":"https:\/\/www.europesays.com\/no\/wp-json\/wp\/v2\/posts\/13226","targetHints":{"allow":["GET"]}}],"collection":[{"href":"https:\/\/www.europesays.com\/no\/wp-json\/wp\/v2\/posts"}],"about":[{"href":"https:\/\/www.europesays.com\/no\/wp-json\/wp\/v2\/types\/post"}],"author":[{"embeddable":true,"href":"https:\/\/www.europesays.com\/no\/wp-json\/wp\/v2\/users\/2"}],"replies":[{"embeddable":true,"href":"https:\/\/www.europesays.com\/no\/wp-json\/wp\/v2\/comments?post=13226"}],"version-history":[{"count":0,"href":"https:\/\/www.europesays.com\/no\/wp-json\/wp\/v2\/posts\/13226\/revisions"}],"wp:featuredmedia":[{"embeddable":true,"href":"https:\/\/www.europesays.com\/no\/wp-json\/wp\/v2\/media\/13227"}],"wp:attachment":[{"href":"https:\/\/www.europesays.com\/no\/wp-json\/wp\/v2\/media?parent=13226"}],"wp:term":[{"taxonomy":"category","embeddable":true,"href":"https:\/\/www.europesays.com\/no\/wp-json\/wp\/v2\/categories?post=13226"},{"taxonomy":"post_tag","embeddable":true,"href":"https:\/\/www.europesays.com\/no\/wp-json\/wp\/v2\/tags?post=13226"}],"curies":[{"name":"wp","href":"https:\/\/api.w.org\/{rel}","templated":true}]}}