{"id":132275,"date":"2026-01-08T17:16:15","date_gmt":"2026-01-08T17:16:15","guid":{"rendered":"https:\/\/www.europesays.com\/no\/132275\/"},"modified":"2026-01-08T17:16:15","modified_gmt":"2026-01-08T17:16:15","slug":"debattinnlegg-iran-opproret-disse-protestene-er-annerledes","status":"publish","type":"post","link":"https:\/\/www.europesays.com\/no\/132275\/","title":{"rendered":"Debattinnlegg: Iran-oppr\u00f8ret: \u00abDisse protestene er annerledes\u00bb"},"content":{"rendered":"\n<p class=\"_paragraph_o9xde_4 _paragraph_xtcu6_10 layout-component text-serif-m layout-normal text-serif-m layout-padded\">Et historisk fall i rialensrialensDen iranske valutaen verdi har f\u00e5tt basaren i Teheran til \u00e5 streike, og utl\u00f8st landsomfattende demonstrasjoner mot leder Ali Khamenei og hans regime. <\/p>\n<p class=\"_paragraph_o9xde_4 _paragraph_xtcu6_10 layout-component text-serif-m layout-normal text-serif-m layout-padded\"><strong class=\"_strong_o9xde_25\">Hittil er<a href=\"https:\/\/www.vg.no\/nyheter\/i\/n1ad45\/minst-36-drept-i-iran-protester\" data-track-element-type=\"Link\" data-track-id=\"link:n1ad45\" class=\"_link_o9xde_39\" rel=\"nofollow noopener\" target=\"_blank\"> 36 bekreftet drept <\/a>og flere enn 1200 arrestert. <\/strong><\/p>\n<p class=\"_paragraph_o9xde_4 _paragraph_xtcu6_10 layout-component text-serif-m layout-normal text-serif-m layout-padded\">Opptak av sikkerhetsstyrker som angriper sykehus for \u00e5 bortf\u00f8re s\u00e5rede demonstranter, ryster landet. <\/p>\n<p class=\"_paragraph_o9xde_4 _paragraph_xtcu6_10 layout-component text-serif-m layout-normal text-serif-m layout-padded\">Likevel fortsetter demonstrasjonene, og de forventes \u00e5 tilta torsdag og fredag kveld, <a href=\"https:\/\/x.com\/pahlavireza\/status\/2008609747931721831?s=46&amp;t=0GtthRkEB8QLwg4cLm01Hg\" class=\"_link_o9xde_39\" rel=\"nofollow\">p\u00e5 oppfordring<\/a> fra opposisjonsleder Reza Pahlavi. <\/p>\n<p><img alt=\"En demonstrant med plakat av opposisjonsleder Pahlavi under en demonstrasjon mot det iranske regimet  i Paris 4. januar 2026. Flere hundre mennesker samlet seg.   Foto: BLANCA CRUZ \/ AFP \/ NTB\" class=\"_image_qp4xg_65 layout-component layout-normal\" data-fullscreen- data-track-element-type=\"Article image fullscreen\" data-track-name=\"ImageFullscreen\" decoding=\"async\" loading=\"lazy\" height=\"5504\" itemprop=\"image\"  src=\"https:\/\/www.europesays.com\/no\/wp-content\/uploads\/2026\/01\/4ab72f39-98e7-4e77-a914-3ad08e340928.jpeg\"  style=\"object-position:0% 0%\" width=\"8256\"\/>En demonstrant med plakat av opposisjonsleder Pahlavi under en demonstrasjon mot det iranske regimet  i Paris 4. januar 2026. Flere hundre mennesker samlet seg.   Foto: BLANCA CRUZ \/ AFP \/ NTB<\/p>\n<p class=\"_paragraph_o9xde_4 _paragraph_xtcu6_10 layout-component text-serif-m layout-normal text-serif-m layout-padded\">I over hundre \u00e5r har streiker i basaren varslet om revolusjonvarslet om revolusjonFor eksempel i desember 1905 gikk basaren til streik etter at guvern\u00f8ren i Teheran beordret flere sukkerhandlere pisket p\u00e5 grunn av stigende sukkerpriser.<br \/>\nOg stengingen av Teherans basar i januar 1978, i protest mot et avisoppslag som \u00e6rekrenket ayatollah Ruhollah Khomeini, utl\u00f8ste protestbevegelsen som endte i Den islamske revolusjonen i 1979. i <a href=\"https:\/\/www.vg.no\/tag\/iran?utm_source=vg-article&amp;utm_medium=auto-tagger&amp;utm_campaign=m0ROM1\" class=\"_link_o9xde_39\" rel=\"nofollow noopener\" target=\"_blank\">Iran<\/a>.<\/p>\n<p class=\"_paragraph_o9xde_4 _paragraph_xtcu6_10 layout-component text-serif-m layout-normal text-serif-m layout-padded\">Protestene som ruller gjennom Irans byer i dag, kan ikke bare forklares som en reaksjon p\u00e5 \u00f8konomisk sammenbrudd. <\/p>\n<p><img alt=\"Demonstranter fotografert p\u00e5 ei bro i Teheran 29. desember.   Foto: Fars \/ AP \/ NTB\" class=\"_image_qp4xg_65 layout-component layout-normal\" data-fullscreen- data-track-element-type=\"Article image fullscreen\" data-track-name=\"ImageFullscreen\" decoding=\"async\" loading=\"lazy\" height=\"3648\" itemprop=\"image\"  src=\"https:\/\/www.europesays.com\/no\/wp-content\/uploads\/2026\/01\/1767892573_819_4e64b0ad-864d-486c-bd0b-3e337f5dab43.jpeg\"  style=\"object-position:0% 0%\" width=\"5472\"\/>Demonstranter fotografert p\u00e5 ei bro i Teheran 29. desember.   Foto: Fars \/ AP \/ NTB<\/p>\n<p class=\"_paragraph_o9xde_4 _paragraph_xtcu6_10 layout-component text-serif-m layout-normal text-serif-m layout-padded\">De springer ut av noe dypere.<\/p>\n<p class=\"_paragraph_o9xde_4 _paragraph_xtcu6_10 layout-component text-serif-m layout-normal text-serif-m layout-padded\">Da millioner protesterte mot <a href=\"https:\/\/www.vg.no\/nyheter\/i\/JVOL7\/iran-skal-etterforske-paastander-om-valgfusk\" data-track-element-type=\"Link\" data-track-id=\"link:JVOL7\" class=\"_link_o9xde_39\" rel=\"nofollow noopener\" target=\"_blank\">valgfusk i 2009,<\/a> ble det et vendepunkt for hvordan mange iranere<br \/>s\u00e5 p\u00e5 staten. <\/p>\n<p class=\"_paragraph_o9xde_4 _paragraph_xtcu6_10 layout-component text-serif-m layout-normal text-serif-m layout-padded\">Hvis valg ikke kunne vinnes, kunne systemet heller ikke reformeres innenfra.<\/p>\n<p class=\"_paragraph_o9xde_4 _paragraph_xtcu6_10 layout-component text-serif-m layout-normal text-serif-m layout-padded\">I \u00e5rene som fulgte sto iranerne igjen uten et samlende prosjekt. <\/p>\n<p class=\"_paragraph_o9xde_4 _paragraph_xtcu6_10 layout-component text-serif-m layout-normal text-serif-m layout-padded\">Regimets idealer var utspilt, men et alternativ manglet.<\/p>\n<p class=\"_paragraph_o9xde_4 _paragraph_xtcu6_10 layout-component text-serif-m layout-normal text-serif-m layout-padded\"><strong class=\"_strong_o9xde_25\">S\u00e5 skjedde det noe.<\/strong><\/p>\n<p><img alt=\"Folk g\u00e5r forbi stengte butikker etter protester mot valutakollapsen i Teherans store basar, Teheran, Iran, 30. desember 2025.   Foto: Majid Asgaripour \/ Reuters \/ NTB\" class=\"_image_qp4xg_65 layout-component layout-normal\" data-fullscreen- data-track-element-type=\"Article image fullscreen\" data-track-name=\"ImageFullscreen\" decoding=\"async\" loading=\"lazy\" height=\"3552\" itemprop=\"image\"  src=\"https:\/\/www.europesays.com\/no\/wp-content\/uploads\/2026\/01\/1767892573_526_69beab86-980b-4395-a667-7658ca552a44.jpeg\"  style=\"object-position:0% 0%\" width=\"5328\"\/>Folk g\u00e5r forbi stengte butikker etter protester mot valutakollapsen i Teherans store basar, Teheran, Iran, 30. desember 2025.   Foto: Majid Asgaripour \/ Reuters \/ NTB<\/p>\n<p class=\"_paragraph_o9xde_4 _paragraph_xtcu6_10 layout-component text-serif-m layout-normal text-serif-m layout-padded\">I 2016 samlet tusenvis seg ved graven til Kyros den store, som etablerte Perserriket p\u00e5 500-tallet f\u00f8r Kristus. <\/p>\n<p class=\"_paragraph_o9xde_4 _paragraph_xtcu6_10 layout-component text-serif-m layout-normal text-serif-m layout-padded\">Med slagord som \u00abKyros er v\u00e5r far, Iran er v\u00e5rt hjemland\u00bb formulerte de et alternativt nasjonalt selvbilde, forankret i Irans f\u00f8r-islamske historie.<\/p>\n<p class=\"_paragraph_o9xde_4 _paragraph_xtcu6_10 layout-component text-serif-m layout-normal text-serif-m layout-padded\">Regimet ford\u00f8mte samlingen og <a href=\"https:\/\/www.reuters.com\/article\/us-iran-rights-history-idUSKBN12V174\/\" class=\"_link_o9xde_39\" rel=\"nofollow noopener\" target=\"_blank\">arresterte arrang\u00f8rene<\/a>, men det var for sent. <\/p>\n<p class=\"_paragraph_o9xde_4 _paragraph_xtcu6_10 layout-component text-serif-m layout-normal text-serif-m layout-padded\"><strong class=\"_strong_o9xde_25\">Et fr\u00f8 var s\u00e5dd.<\/strong><\/p>\n<p><img alt=\"Demonstrasjon utenfor den iranske ambassaden i Berlin i helgen.   Foto: FILIP SINGER \/ EPA \/ NTB\" class=\"_image_qp4xg_65 layout-component layout-normal\" data-fullscreen- data-track-element-type=\"Article image fullscreen\" data-track-name=\"ImageFullscreen\" decoding=\"async\" loading=\"lazy\" height=\"2333\" itemprop=\"image\"  src=\"https:\/\/www.europesays.com\/no\/wp-content\/uploads\/2026\/01\/1767892573_571_7a407ffb-c661-40a8-b3a3-289b5364c91a.png\"  style=\"object-position:0% 0%\" width=\"3500\"\/>Demonstrasjon utenfor den iranske ambassaden i Berlin i helgen.   Foto: FILIP SINGER \/ EPA \/ NTB<\/p>\n<p class=\"_paragraph_o9xde_4 _paragraph_xtcu6_10 layout-component text-serif-m layout-normal text-serif-m layout-padded\">I \u00e5rene som fulgte, ble religi\u00f8se uttrykk gradvis fortrengt av sekul\u00e6re og nasjonale symboler i<br \/>den folkelige motstanden. <\/p>\n<p class=\"_paragraph_o9xde_4 _paragraph_xtcu6_10 layout-component text-serif-m layout-normal text-serif-m layout-padded\">Etter hvert begynte regimet \u00e5 bruke symbolene selv for \u00e5 h\u00f8ste legitimitet. For eksempel reiste de <a href=\"https:\/\/www.aftenposten.no\/verden\/i\/eMV9ry\/plakater-av-kong-persiske-konger-og-helter-har-dukket-opp-i-iran-kan-det-redde-regimet\" class=\"_link_o9xde_39\" rel=\"nofollow noopener\" target=\"_blank\">plakater og statuer <\/a>til minne om gamle persiske konger.<\/p>\n<p class=\"_paragraph_o9xde_4 _paragraph_xtcu6_10 layout-component text-serif-m layout-normal text-serif-m layout-padded\"><strong class=\"_strong_o9xde_25\">Men mullaene fremst\u00e5r for mange som lite troverdige forvaltere av Irans kulturarv.<\/strong><\/p>\n<p><img alt=\"\u00abIgjen har iranerne reist seg\u00bb, skriver Salimi. P\u00e5 bildet ser vi ayatolla Ali Khamenei.  Foto: Office of the Iranian Supreme Leader\/WANA \/ Reuters \/ NTB\" class=\"_image_qp4xg_65 layout-component layout-normal\" data-fullscreen- data-track-element-type=\"Article image fullscreen\" data-track-name=\"ImageFullscreen\" decoding=\"async\" loading=\"lazy\" height=\"1431\" itemprop=\"image\"  src=\"https:\/\/www.europesays.com\/no\/wp-content\/uploads\/2026\/01\/1767892574_898_d0b19973-77e2-48c6-a988-2f226c019869.jpeg\"  style=\"object-position:0% 0%\" width=\"2172\"\/>\u00abIgjen har iranerne reist seg\u00bb, skriver Salimi. P\u00e5 bildet ser vi ayatolla Ali Khamenei.  Foto: Office of the Iranian Supreme Leader\/WANA \/ Reuters \/ NTB<\/p>\n<p class=\"_paragraph_o9xde_4 _paragraph_xtcu6_10 layout-component text-serif-m layout-normal text-serif-m layout-padded\">Demokratiforkjemperen Reza Pahlavi, som var Irans kronprins frem til 1979, har fylt dette vakuumet og blitt et samlingspunkt.<\/p>\n<p class=\"_paragraph_o9xde_4 _paragraph_xtcu6_10 layout-component text-serif-m layout-normal text-serif-m layout-padded\">Ved hundrevis av protester de siste dagene har demonstranter ropt slagord som \u00abLenge leve kongen\u00bb og \u00abDette er det siste slaget, Pahlavi vender tilbake\u00bb. <\/p>\n<p class=\"_paragraph_o9xde_4 _paragraph_xtcu6_10 layout-component text-serif-m layout-normal text-serif-m layout-padded\">Slagordene h\u00f8res ogs\u00e5 i religi\u00f8se byer som Qom og Mashhad, if\u00f8lge sosiale medier. <\/p>\n<p class=\"_paragraph_o9xde_4 _paragraph_xtcu6_10 layout-component text-serif-m layout-normal text-serif-m layout-padded\">Pahlavi selv har sagt at han vil lede overgangen til et sekul\u00e6rt demokrati der folket velger landets styreform og ledere.<\/p>\n<p class=\"_paragraph_o9xde_4 _paragraph_xtcu6_10 layout-component text-serif-m layout-normal text-serif-m layout-padded\">Det som skiller dagens protester fra tidligere oppr\u00f8r, er at demonstrantene ikke bare protesterer mot regimet. <\/p>\n<p class=\"_paragraph_o9xde_4 _paragraph_xtcu6_10 layout-component text-serif-m layout-normal text-serif-m layout-padded\">De roper ogs\u00e5 for en leder og en politisk visjon om et mer nasjonalt orientert Iran.<\/p>\n<p class=\"_paragraph_o9xde_4 _paragraph_xtcu6_10 layout-component text-serif-m layout-normal text-serif-m layout-padded\"><strong class=\"_strong_o9xde_25\">Det handler om en visjon for et Iran styrt av demokratiske lover, ikke religi\u00f8se p\u00e5bud. <\/strong><\/p>\n<p class=\"_paragraph_o9xde_4 _paragraph_xtcu6_10 layout-component text-serif-m layout-normal text-serif-m layout-padded\">Og om et lederskap som prioriterer \u00f8konomisk utvikling og nasjonale interesser, fremfor ideologi og regionale konflikter.<\/p>\n<p class=\"_paragraph_o9xde_4 _paragraph_xtcu6_10 layout-component text-serif-m layout-normal text-serif-m layout-padded\">Dette kommer til uttrykk i slagordet \u00abVerken Gaza eller Libanon; jeg ofrer livet mitt for Iran\u00bb, som\u00a0<a href=\"https:\/\/x.com\/JasonMBrodsky\/status\/2005979118702084242?s=20\" class=\"_link_o9xde_39\" rel=\"nofollow\">g\u00e5r igjen i demonstrasjonene<\/a>. <\/p>\n<p class=\"_paragraph_o9xde_4 _paragraph_xtcu6_10 layout-component text-serif-m layout-normal layout-padded\"><strong class=\"_strong_o9xde_25\">Les ogs\u00e5:<\/strong> <a href=\"https:\/\/www.vg.no\/i\/n1ad45\" data-track-element-type=\"Link\" data-track-id=\"link:n1ad45\" class=\"_link_o9xde_39\" rel=\"nofollow noopener\" target=\"_blank\">Minst 36 drept i Iran-protester<\/a><\/p>\n<p class=\"_paragraph_o9xde_4 _paragraph_xtcu6_10 layout-component text-serif-m layout-normal text-serif-m layout-padded\">Det er et oppgj\u00f8r med et regime som har brukt folkets ressurser p\u00e5 terrorgruppene Hamas og Hizbollah fremfor egne innbyggere.<\/p>\n<p class=\"_paragraph_o9xde_4 _paragraph_xtcu6_10 layout-component text-serif-m layout-normal text-serif-m layout-padded\">Det er et oppgj\u00f8r med et regime som har brukt folkets ressurser p\u00e5 terrorgruppene Hamas og Hizbollah fremfor egne innbyggere.<\/p>\n<p class=\"_paragraph_o9xde_4 _paragraph_xtcu6_10 layout-component text-serif-m layout-normal text-serif-m layout-padded\"><strong class=\"_strong_o9xde_25\">Men visjoner alene velter ikke diktaturer. <\/strong><\/p>\n<p class=\"_paragraph_o9xde_4 _paragraph_xtcu6_10 layout-component text-serif-m layout-normal text-serif-m layout-padded\">Et regimeskifte forutsetter at maktapparatet svekkes. I dette spente rommet har den amerikanske presidenten advart om at USA vil gripe inn dersom iranske myndigheter dreper demonstranter.<\/p>\n<p><img alt=\"Fra 2020: President Donald J. Trump, sammen med visepresident Mike Pence, m\u00f8ter seniorr\u00e5dgivere i Det hvite hus tirsdag kveld 7. januar 2020 i situasjonsrommet i Det hvite hus, for et videre m\u00f8te om Den islamske republikken Irans rakettangrep p\u00e5 amerikanske milit\u00e6rbaser i Irak.  Foto: Shealah Craighead\/The White Hous\" class=\"_image_qp4xg_65 layout-component layout-normal\" data-fullscreen- data-track-element-type=\"Article image fullscreen\" data-track-name=\"ImageFullscreen\" decoding=\"async\" loading=\"lazy\" height=\"2000\" itemprop=\"image\"  src=\"https:\/\/www.europesays.com\/no\/wp-content\/uploads\/2026\/01\/1767892574_164_1c5e28af-7623-4051-944e-3f936713397f.png\"  style=\"object-position:0% 0%\" width=\"3000\"\/>Fra 2020: President Donald J. Trump, sammen med visepresident Mike Pence, m\u00f8ter seniorr\u00e5dgivere i Det hvite hus tirsdag kveld 7. januar 2020 i situasjonsrommet i Det hvite hus, for et videre m\u00f8te om Den islamske republikken Irans rakettangrep p\u00e5 amerikanske milit\u00e6rbaser i Irak.  Foto: Shealah Craighead\/The White Hous<\/p>\n<p class=\"_paragraph_o9xde_4 _paragraph_xtcu6_10 layout-component text-serif-m layout-normal text-serif-m layout-padded\">For regimet er uansett v\u00e5penet et tveegget sverd. Jo hardere de sl\u00e5r ned protestene, desto st\u00f8rre er risikoen for at motstanden sprer seg. <\/p>\n<p class=\"_paragraph_o9xde_4 _paragraph_xtcu6_10 layout-component text-serif-m layout-normal text-serif-m layout-padded\">Drapene etterlater seg begravelser, og begravelser blir nye samlingspunkter for protest.<\/p>\n<p class=\"_paragraph_o9xde_4 _paragraph_xtcu6_10 layout-component text-serif-m layout-normal text-serif-m layout-padded\"><strong class=\"_strong_o9xde_25\">Inntil videre er Iran fanget i en selvforsterkende spiral av vold og motstand.<\/strong><\/p>\n<p><img alt=\"Iranere holder bilder av Irans \u00f8verste leder, Ali Khamenei, mens de deltar i markeringen av seks\u00e5rsdagen for d\u00f8dsfallet til den tidligere Quds-styrkekommand\u00f8ren i Irans Revolusjonsgarde (IRGC), Qasem Soleimani, i Teheran, Iran, 1. januar 2026. Soleimani ble drept 3. januar 2020 i et m\u00e5lrettet amerikansk luftangrep p\u00e5 flyplassen i Bagdad, Irak.  Foto: ABEDIN TAHERKENAREH \/ EPA \/ NTB\" class=\"_image_qp4xg_65 layout-component layout-normal\" data-fullscreen- data-track-element-type=\"Article image fullscreen\" data-track-name=\"ImageFullscreen\" decoding=\"async\" loading=\"lazy\" height=\"3872\" itemprop=\"image\"  src=\"https:\/\/www.europesays.com\/no\/wp-content\/uploads\/2026\/01\/1767892575_125_7d404ee7-5134-4c09-83a5-eb352c884492.png\"  style=\"object-position:0% 0%\" width=\"5817\"\/>Iranere holder bilder av Irans \u00f8verste leder, Ali Khamenei, mens de deltar i markeringen av seks\u00e5rsdagen for d\u00f8dsfallet til den tidligere Quds-styrkekommand\u00f8ren i Irans Revolusjonsgarde (IRGC), Qasem Soleimani, i Teheran, Iran, 1. januar 2026. Soleimani ble drept 3. januar 2020 i et m\u00e5lrettet amerikansk luftangrep p\u00e5 flyplassen i Bagdad, Irak.  Foto: ABEDIN TAHERKENAREH \/ EPA \/ NTB<\/p>\n<p class=\"_paragraph_o9xde_4 _paragraph_xtcu6_10 layout-component text-serif-m layout-normal layout-padded\"><strong class=\"_strong_o9xde_25\">Les ogs\u00e5:<\/strong> <a href=\"https:\/\/www.vg.no\/i\/bO50md\" data-track-element-type=\"Link\" data-track-id=\"link:bO50md\" class=\"_link_o9xde_39\" rel=\"nofollow noopener\" target=\"_blank\">Iran advarer demonstranter: Kommer ikke til \u00e5 vise n\u00e5de<\/a><\/p>\n<p>   Dette er en kronikk. Kronikken gir uttrykk for skribentens holdning. Du kan sende inn kronikker og debattinnlegg til <a class=\"_link_jv5ak_10\" href=\"https:\/\/www.vg.no\/nyheter\/i\/m0ROM1\/mailto:debatt@vg.no\" rel=\"nofollow noopener\" target=\"_blank\">debatt@vg.no<\/a>. <\/p>\n","protected":false},"excerpt":{"rendered":"Et historisk fall i rialensrialensDen iranske valutaen verdi har f\u00e5tt basaren i Teheran til \u00e5 streike, og utl\u00f8st&hellip;\n","protected":false},"author":2,"featured_media":132276,"comment_status":"","ping_status":"","sticky":false,"template":"","format":"standard","meta":{"footnotes":""},"categories":[12],"tags":[20,21,864,24,25,15,3228,22,23,13,30,28,29,14,16,14805,26,27,42,103,43,44,45],"class_list":{"0":"post-132275","1":"post","2":"type-post","3":"status-publish","4":"format-standard","5":"has-post-thumbnail","7":"category-verden","8":"tag-breaking-news","9":"tag-breakingnews","10":"tag-demonstrasjoner","11":"tag-featured-news","12":"tag-featurednews","13":"tag-headlines","14":"tag-iran","15":"tag-latest-news","16":"tag-latestnews","17":"tag-news","18":"tag-no","19":"tag-norge","20":"tag-norway","21":"tag-nyheter","22":"tag-overskrifter","23":"tag-teheran","24":"tag-top-stories","25":"tag-topstories","26":"tag-verden","27":"tag-vgmeninger","28":"tag-world","29":"tag-world-news","30":"tag-worldnews"},"share_on_mastodon":{"url":"https:\/\/pubeurope.com\/@no\/115860614937180325","error":""},"_links":{"self":[{"href":"https:\/\/www.europesays.com\/no\/wp-json\/wp\/v2\/posts\/132275","targetHints":{"allow":["GET"]}}],"collection":[{"href":"https:\/\/www.europesays.com\/no\/wp-json\/wp\/v2\/posts"}],"about":[{"href":"https:\/\/www.europesays.com\/no\/wp-json\/wp\/v2\/types\/post"}],"author":[{"embeddable":true,"href":"https:\/\/www.europesays.com\/no\/wp-json\/wp\/v2\/users\/2"}],"replies":[{"embeddable":true,"href":"https:\/\/www.europesays.com\/no\/wp-json\/wp\/v2\/comments?post=132275"}],"version-history":[{"count":0,"href":"https:\/\/www.europesays.com\/no\/wp-json\/wp\/v2\/posts\/132275\/revisions"}],"wp:featuredmedia":[{"embeddable":true,"href":"https:\/\/www.europesays.com\/no\/wp-json\/wp\/v2\/media\/132276"}],"wp:attachment":[{"href":"https:\/\/www.europesays.com\/no\/wp-json\/wp\/v2\/media?parent=132275"}],"wp:term":[{"taxonomy":"category","embeddable":true,"href":"https:\/\/www.europesays.com\/no\/wp-json\/wp\/v2\/categories?post=132275"},{"taxonomy":"post_tag","embeddable":true,"href":"https:\/\/www.europesays.com\/no\/wp-json\/wp\/v2\/tags?post=132275"}],"curies":[{"name":"wp","href":"https:\/\/api.w.org\/{rel}","templated":true}]}}