{"id":132290,"date":"2026-01-08T17:47:09","date_gmt":"2026-01-08T17:47:09","guid":{"rendered":"https:\/\/www.europesays.com\/no\/132290\/"},"modified":"2026-01-08T17:47:09","modified_gmt":"2026-01-08T17:47:09","slug":"michelinrestaurant-stenger-dorene","status":"publish","type":"post","link":"https:\/\/www.europesays.com\/no\/132290\/","title":{"rendered":"Michelinrestaurant stenger d\u00f8rene"},"content":{"rendered":"<p>    Den flytende restauranten Iris i Hardangerfjorden stenges midlertidig. 13 ansatte permitteres.<\/p>\n<p>\n    RESTAURANT: Avduking av Salmon Eye i Hardangerfjorden, verdens st\u00f8rste flytende kunstinstallasjon. Foto: Marit Hommedal \/ NTB\n  <\/p>\n<p>Styreleder Sondre Eide i den flytende installasjonen Salmon Eye, der restauranten holder til, skriver i en tekstmelding til\u00a0<a href=\"https:\/\/www.bt.no\/nyheter\/okonomi\/i\/JOoPAm\/13-ansatte-permitteres-naar-stjernerestaurant-stenger\" target=\"_blank\" rel=\"nofollow noopener\">Bergens Tidende<\/a>\u00a0at stengningen ikke er permanent.<\/p>\n<p>Restaurant Iris fikk i fjor \u00e9n stjerne i\u00a0<a href=\"https:\/\/guide.michelin.com\/no\/en\/vestland\/rosendal_2258329\/restaurant\/iris\" target=\"_blank\" rel=\"nofollow noopener\">Michelin-guiden<\/a>. Der beskrives omgivelsene for m\u00e5ltidet som noe av det mest forbl\u00f8ffende som finnes \u2013 midt ute i Hardangerfjorden.<\/p>\n<p>    <a itemprop=\"url\" href=\"https:\/\/borsen.dagbladet.no\/nyheter\/norge-pa-prestisjetung-liste\/81719125\" rel=\"nofollow noopener\" target=\"_blank\"><\/p>\n<p>        <img loading=\"lazy\" decoding=\"async\" src=\"https:\/\/www.europesays.com\/no\/wp-content\/uploads\/2026\/01\/81719180.webp.webp\" width=\"980\" height=\"441\" title=\"Norge p\u00e5 prestisjetung liste\" alt=\"\" class=\"lazyload\" style=\"--aspect-ratio-image: 2.22; \"\/><\/p>\n<p>        Norge p\u00e5 prestisjetung liste<\/p>\n<p>    <\/a><\/p>\n<p>&#8211; Heldigvis er dette ikke et eksempel p\u00e5 stil framfor substans, skriver Michelin-guiden \u2013 som skryter av kj\u00f8kkenets tekniske ferdigheter.<\/p>\n<p>Styreleder Eide opplyser at konseptet skal videreutvikles.<\/p>\n<p>&#8211; Vi har derfor blitt n\u00f8dt til \u00e5 sende varsel om permittering til ansatte i p\u00e5vente av valg av nytt konsept, skriver Eide.<\/p>\n","protected":false},"excerpt":{"rendered":"Den flytende restauranten Iris i Hardangerfjorden stenges midlertidig. 13 ansatte permitteres. RESTAURANT: Avduking av Salmon Eye i Hardangerfjorden,&hellip;\n","protected":false},"author":2,"featured_media":132291,"comment_status":"","ping_status":"","sticky":false,"template":"","format":"standard","meta":{"footnotes":""},"categories":[5],"tags":[20,21,24,25,15,19,15299,22,23,17,18,15298,13,30,28,29,14,16,172,26,27],"class_list":{"0":"post-132290","1":"post","2":"type-post","3":"status-publish","4":"format-standard","5":"has-post-thumbnail","7":"category-overskrifter","8":"tag-breaking-news","9":"tag-breakingnews","10":"tag-featured-news","11":"tag-featurednews","12":"tag-headlines","13":"tag-hovedoppslag","14":"tag-iris","15":"tag-latest-news","16":"tag-latestnews","17":"tag-main-news","18":"tag-mainnews","19":"tag-michelinrestaurant","20":"tag-news","21":"tag-no","22":"tag-norge","23":"tag-norway","24":"tag-nyheter","25":"tag-overskrifter","26":"tag-restaurant","27":"tag-top-stories","28":"tag-topstories"},"share_on_mastodon":{"url":"https:\/\/pubeurope.com\/@no\/115860736818699692","error":""},"_links":{"self":[{"href":"https:\/\/www.europesays.com\/no\/wp-json\/wp\/v2\/posts\/132290","targetHints":{"allow":["GET"]}}],"collection":[{"href":"https:\/\/www.europesays.com\/no\/wp-json\/wp\/v2\/posts"}],"about":[{"href":"https:\/\/www.europesays.com\/no\/wp-json\/wp\/v2\/types\/post"}],"author":[{"embeddable":true,"href":"https:\/\/www.europesays.com\/no\/wp-json\/wp\/v2\/users\/2"}],"replies":[{"embeddable":true,"href":"https:\/\/www.europesays.com\/no\/wp-json\/wp\/v2\/comments?post=132290"}],"version-history":[{"count":0,"href":"https:\/\/www.europesays.com\/no\/wp-json\/wp\/v2\/posts\/132290\/revisions"}],"wp:featuredmedia":[{"embeddable":true,"href":"https:\/\/www.europesays.com\/no\/wp-json\/wp\/v2\/media\/132291"}],"wp:attachment":[{"href":"https:\/\/www.europesays.com\/no\/wp-json\/wp\/v2\/media?parent=132290"}],"wp:term":[{"taxonomy":"category","embeddable":true,"href":"https:\/\/www.europesays.com\/no\/wp-json\/wp\/v2\/categories?post=132290"},{"taxonomy":"post_tag","embeddable":true,"href":"https:\/\/www.europesays.com\/no\/wp-json\/wp\/v2\/tags?post=132290"}],"curies":[{"name":"wp","href":"https:\/\/api.w.org\/{rel}","templated":true}]}}