{"id":132294,"date":"2026-01-08T17:49:12","date_gmt":"2026-01-08T17:49:12","guid":{"rendered":"https:\/\/www.europesays.com\/no\/132294\/"},"modified":"2026-01-08T17:49:12","modified_gmt":"2026-01-08T17:49:12","slug":"tone-damli-som-en-kniv-i-ryggen","status":"publish","type":"post","link":"https:\/\/www.europesays.com\/no\/132294\/","title":{"rendered":"Tone Damli: &#8211; Som en kniv i ryggen"},"content":{"rendered":"<p class=\"kicker \" style=\"\">Tone Damli\u00a0<\/p>\n<p>    Artisten \u00e5pner opp om et\u00a0smertefullt butikkbes\u00f8k.\u00a0<\/p>\n<p>\n    UHELDIG: Det ble en smertefull start p\u00e5 det nye \u00e5ret for Tone Damli. Foto: Ole Berg-Rusten \/ NTB\n  <\/p>\n<p>Det sa fullstendig pang da artist Tone Damli (37) bare skulle en hverdagslig tur innom matbutikken for \u00e5 handle litt.<\/p>\n<p>P\u00e5 Snapchat delte sangfuglen fra Sogndal at hun sliter med korsryggen p\u00e5 daglig basis, men at det l\u00e5ste seg helt under et bes\u00f8k p\u00e5 butikken.\u00a0<\/p>\n<p>        <img loading=\"lazy\" decoding=\"async\" src=\"https:\/\/www.europesays.com\/no\/wp-content\/uploads\/2026\/01\/84070515.webp.webp\" width=\"667\" height=\"794\" title=\"AUDA: Vedvarende ryggproblemer har gjort starten p\u00e5 2026 noks\u00e5 smertefult for den anerkjente artisten. Foto: Skjermbilde: @tdamliofficial \/ Snapchat\" alt=\"\" class=\"\" style=\"--aspect-ratio-image: 0.84; \"\/><\/p>\n<p>\n        AUDA: Vedvarende ryggproblemer har gjort starten p\u00e5 2026 noks\u00e5 smertefult for den anerkjente artisten. Foto: Skjermbilde: @tdamliofficial \/ Snapchat\n    <\/p>\n<p class=\"font-weight-bold m-font-weight-bold\" data-lab-font_weight=\"font-weight-bold\">Tone beskrev smerten som sv\u00e6rt ubehagelig, og sa at det f\u00f8ltes ut som \u00ab\u00e5 f\u00e5 en kniv i ryggen\u00bb.\u00a0<\/p>\n<p>Artisten forklarte videre at hun egentlig hadde mest lyst til \u00e5 begynne \u00e5 gr\u00e5te og legge seg ned, men ettersom hun var alene p\u00e5 butikken m\u00e5tte hun fullf\u00f8re handlingen, pakke matvarene i poser og komme seg hjem.<\/p>\n<p>        FEIRING: De forskjellige kongehusene har mye p\u00e5 tapeten i 2026, men det er ikke sikkert at alt g\u00e5r som planlagt for kronprinsesse Mette-Marit og kronprins Haakon. Video: Swedish Press Agency \/ H\u00e5vard Bj\u00f8rnerem &#8211; Se og H\u00f8r \/\/ Foto: NTB<\/p>\n<p>Hun la heller ikke skjul p\u00e5 at hun trolig m\u00e5tte komme seg til behandling for ryggen sin.\u00a0<\/p>\n<p class=\"font-weight-bold m-font-weight-bold\" data-lab-font_weight=\"font-weight-bold\">&#8211; Det str\u00e5ler nedover foten. Jeg sliter med \u00e5 sitte og ligge, men jeg m\u00e5 f\u00e5 jobben ferdig. Det er ogs\u00e5 litt utgjort, for jeg er s\u00e5 godt i gang med treningen for \u00e5ret. Det er s\u00e5 kjipt om dette skal \u00f8delegge for det,men jeg trente i g\u00e5r ogs\u00e5 med disse smertene. Det burde jeg kanskje ikke gj\u00f8re, men jeg er jo litt sta ogs\u00e5, innr\u00f8mmetTone.\u00a0<\/p>\n<p>        <img loading=\"lazy\" decoding=\"async\" src=\"https:\/\/www.europesays.com\/no\/wp-content\/uploads\/2026\/01\/84070548.webp.webp\" width=\"686\" height=\"975\" title=\"TIL LEGE: P\u00e5 Snapchat kan artisten dele bilde av at hun er p\u00e5 plass hos en behandler. Foto: Skjermdump fra Snapchat\/@tdamliofficial\" alt=\"\" class=\"\" style=\"--aspect-ratio-image: 0.70; \"\/><\/p>\n<p>\n        TIL LEGE: P\u00e5 Snapchat kan artisten dele bilde av at hun er p\u00e5 plass hos en behandler. Foto: Skjermdump fra Snapchat\/@tdamliofficial\n    <\/p>\n<p>Litt senere p\u00e5 dagen kunne hun derimot berolige f\u00f8lgerne sine med at hun hadde g\u00e5tt til behandling, noe som trolig gjorde ryggen hennes bedre ettersom hun fikk til en trenings\u00f8kt samme kveld.\u00a0<\/p>\n<p>        <img loading=\"lazy\" decoding=\"async\" src=\"https:\/\/www.europesays.com\/no\/wp-content\/uploads\/2026\/01\/84070547.webp.webp\" width=\"686\" height=\"968\" title=\"FIKK DET TIL: Selv ikke med intense smerter i ryggen tok Tone en treningspause! Foto: Skjermbilde: @tdamliofficial \/ Snapchat\" alt=\"\" class=\"\" style=\"--aspect-ratio-image: 0.71; \"\/><\/p>\n<p>\n        FIKK DET TIL: Selv ikke med intense smerter i ryggen tok Tone en treningspause! Foto: Skjermbilde: @tdamliofficial \/ Snapchat\n    <\/p>\n<p>&#8211; Dag seks med litt vondt i ryggen, men litt trening tror jeg ikke gj\u00f8r det verre, sa hun til kamera if\u00f8rt fargerikt treningst\u00f8y.<\/p>\n<p class=\"\"> Tone Damli har hittil ikke besvart Se og H\u00f8rs henvendelse i forbindelse med denne saken.\u00a0<\/p>\n","protected":false},"excerpt":{"rendered":"Tone Damli\u00a0 Artisten \u00e5pner opp om et\u00a0smertefullt butikkbes\u00f8k.\u00a0 UHELDIG: Det ble en smertefull start p\u00e5 det nye \u00e5ret&hellip;\n","protected":false},"author":2,"featured_media":132295,"comment_status":"","ping_status":"","sticky":false,"template":"","format":"standard","meta":{"footnotes":""},"categories":[58],"tags":[4104,71,479,30,28,29,3579,72],"class_list":{"0":"post-132294","1":"post","2":"type-post","3":"status-publish","4":"format-standard","5":"has-post-thumbnail","7":"category-underholdning","8":"tag-eksklusivt","9":"tag-entertainment","10":"tag-kjendis","11":"tag-no","12":"tag-norge","13":"tag-norway","14":"tag-tone-damli","15":"tag-underholdning"},"share_on_mastodon":{"url":"https:\/\/pubeurope.com\/@no\/115860744674991747","error":""},"_links":{"self":[{"href":"https:\/\/www.europesays.com\/no\/wp-json\/wp\/v2\/posts\/132294","targetHints":{"allow":["GET"]}}],"collection":[{"href":"https:\/\/www.europesays.com\/no\/wp-json\/wp\/v2\/posts"}],"about":[{"href":"https:\/\/www.europesays.com\/no\/wp-json\/wp\/v2\/types\/post"}],"author":[{"embeddable":true,"href":"https:\/\/www.europesays.com\/no\/wp-json\/wp\/v2\/users\/2"}],"replies":[{"embeddable":true,"href":"https:\/\/www.europesays.com\/no\/wp-json\/wp\/v2\/comments?post=132294"}],"version-history":[{"count":0,"href":"https:\/\/www.europesays.com\/no\/wp-json\/wp\/v2\/posts\/132294\/revisions"}],"wp:featuredmedia":[{"embeddable":true,"href":"https:\/\/www.europesays.com\/no\/wp-json\/wp\/v2\/media\/132295"}],"wp:attachment":[{"href":"https:\/\/www.europesays.com\/no\/wp-json\/wp\/v2\/media?parent=132294"}],"wp:term":[{"taxonomy":"category","embeddable":true,"href":"https:\/\/www.europesays.com\/no\/wp-json\/wp\/v2\/categories?post=132294"},{"taxonomy":"post_tag","embeddable":true,"href":"https:\/\/www.europesays.com\/no\/wp-json\/wp\/v2\/tags?post=132294"}],"curies":[{"name":"wp","href":"https:\/\/api.w.org\/{rel}","templated":true}]}}