{"id":132300,"date":"2026-01-08T17:54:13","date_gmt":"2026-01-08T17:54:13","guid":{"rendered":"https:\/\/www.europesays.com\/no\/132300\/"},"modified":"2026-01-08T17:54:13","modified_gmt":"2026-01-08T17:54:13","slug":"generasjonspartiet-gyda-oddekalv-varsel-mot-generasjonspartiet-lagt-vekk","status":"publish","type":"post","link":"https:\/\/www.europesays.com\/no\/132300\/","title":{"rendered":"Generasjonspartiet, Gyda Oddekalv | Varsel mot Generasjonspartiet lagt vekk"},"content":{"rendered":"\n<p>\u2013 Vi har mottatt et varsel som vi har vurdert at gjelder partiinterne forhold, som er utenfor v\u00e5rt mandat. Vi kommer ikke til \u00e5 gj\u00f8re noe mer med saken slik den st\u00e5r n\u00e5, sier leder Ranga Aarli i Partilovnemnda til <a href=\"https:\/\/www.bt.no\/politikk\/i\/9pvjjd\/varsel-mot-generasjonspartiet-lagt-vekk\" rel=\"nofollow noopener\" target=\"_blank\"> Bergens Tidende<\/a>.<\/p>\n<p>Etter partiets \u00e5rsm\u00f8te i forrige uke ble det sendt inn et varsel der en tidligere fylkesleder reagerte p\u00e5 prosessen rundt m\u00f8tet. Varselet tok ogs\u00e5 opp vedtekter som gj\u00f8r at ledelsen ikke kan kastes mot sin vilje.<\/p>\n<p>Aarli i Partilovnemnda, som til daglig er jussprofessor ved Universitetet i Bergen, sier det er ganske stor frihet for organisasjoner i Norge til \u00e5 utforme vedtektene sine.<\/p>\n<p><b>Les ogs\u00e5: <\/b><a class=\"simple-relation related-teaser article--c-eRUmMG article--c-eRUmMG-fZoQSp-design-nettavisen article--c-eRUmMG-gwthdJ-cv\" href=\"https:\/\/www.nettavisen.no\/varsel-mot-generasjons-partiet-reagerer-pa-eneveldig-ledelse\/s\/5-95-2808885\" rel=\"nofollow noopener\" target=\"_blank\">Varsel mot Generasjonspartiet: Reagerer p\u00e5 eneveldig ledelse<\/a><\/p>\n<p>Heller ikke gjennomf\u00f8ringen av \u00e5rsm\u00f8tet er innenfor nemndas mandat \u00e5 vurdere, sier hun.<\/p>\n<p>\u2013 Lovligheten av vedtekter og prosesser m\u00e5 domstolen eventuelt ta stilling til, sier Aarli.<\/p>\n<p>Bergens Tidende har spurt partileder Gyda Oddekalv om en kommentar, men har forel\u00f8pig ikke f\u00e5tt svar. Oddekalv har tidligere understreket at partiet er lovlig registrert i Br\u00f8nn\u00f8ysundregistrene med gjeldende vedtekter og at alle medlemmer som hadde betalt kontingent, var innkalt til \u00e5rsm\u00f8tet.<\/p>\n","protected":false},"excerpt":{"rendered":"\u2013 Vi har mottatt et varsel som vi har vurdert at gjelder partiinterne forhold, som er utenfor v\u00e5rt&hellip;\n","protected":false},"author":2,"featured_media":132301,"comment_status":"","ping_status":"","sticky":false,"template":"","format":"standard","meta":{"footnotes":""},"categories":[10],"tags":[20,21,24,25,15,22,23,13,30,28,29,14,16,26,27],"class_list":{"0":"post-132300","1":"post","2":"type-post","3":"status-publish","4":"format-standard","5":"has-post-thumbnail","7":"category-norge","8":"tag-breaking-news","9":"tag-breakingnews","10":"tag-featured-news","11":"tag-featurednews","12":"tag-headlines","13":"tag-latest-news","14":"tag-latestnews","15":"tag-news","16":"tag-no","17":"tag-norge","18":"tag-norway","19":"tag-nyheter","20":"tag-overskrifter","21":"tag-top-stories","22":"tag-topstories"},"share_on_mastodon":{"url":"https:\/\/pubeurope.com\/@no\/115860764361906035","error":""},"_links":{"self":[{"href":"https:\/\/www.europesays.com\/no\/wp-json\/wp\/v2\/posts\/132300","targetHints":{"allow":["GET"]}}],"collection":[{"href":"https:\/\/www.europesays.com\/no\/wp-json\/wp\/v2\/posts"}],"about":[{"href":"https:\/\/www.europesays.com\/no\/wp-json\/wp\/v2\/types\/post"}],"author":[{"embeddable":true,"href":"https:\/\/www.europesays.com\/no\/wp-json\/wp\/v2\/users\/2"}],"replies":[{"embeddable":true,"href":"https:\/\/www.europesays.com\/no\/wp-json\/wp\/v2\/comments?post=132300"}],"version-history":[{"count":0,"href":"https:\/\/www.europesays.com\/no\/wp-json\/wp\/v2\/posts\/132300\/revisions"}],"wp:featuredmedia":[{"embeddable":true,"href":"https:\/\/www.europesays.com\/no\/wp-json\/wp\/v2\/media\/132301"}],"wp:attachment":[{"href":"https:\/\/www.europesays.com\/no\/wp-json\/wp\/v2\/media?parent=132300"}],"wp:term":[{"taxonomy":"category","embeddable":true,"href":"https:\/\/www.europesays.com\/no\/wp-json\/wp\/v2\/categories?post=132300"},{"taxonomy":"post_tag","embeddable":true,"href":"https:\/\/www.europesays.com\/no\/wp-json\/wp\/v2\/tags?post=132300"}],"curies":[{"name":"wp","href":"https:\/\/api.w.org\/{rel}","templated":true}]}}