{"id":132304,"date":"2026-01-08T17:56:10","date_gmt":"2026-01-08T17:56:10","guid":{"rendered":"https:\/\/www.europesays.com\/no\/132304\/"},"modified":"2026-01-08T17:56:10","modified_gmt":"2026-01-08T17:56:10","slug":"sport-kbk-henter-islandsk-u21-landslagsspiller","status":"publish","type":"post","link":"https:\/\/www.europesays.com\/no\/132304\/","title":{"rendered":"Sport, KBK | Henter islandsk U21-landslagsspiller"},"content":{"rendered":"\n<p>Kristiansund Ballklubb og KR Reykjavik har kommet til enighet om en overgang for Julius Mar Juliusson (21).<\/p>\n<p>Det melder klubben selv i en <a href=\"https:\/\/www.kristiansundbk.no\/nyheter\/juliusson-til-kbk\" rel=\"Follow nofollow noopener\" target=\"_blank\">pressemelding torsdag ettermiddag<\/a>.<\/p>\n<p>Kun en medisinsk test gjenst\u00e5r f\u00f8r overgangen er formell. Juliusson kommer til Kristiansund p\u00e5 mandag for \u00e5 fullf\u00f8re testen.<\/p>\n<p>\u2013 Jeg gleder meg veldig til \u00e5 komme til Kristiansund. Det er en god mulighet for meg til \u00e5 ta det neste steget. KBK virker som en fin klubb med et vennlig milj\u00f8, og de har v\u00e6rt veldig interessert i \u00e5 f\u00e5 meg til klubben. Det blir en fin utfordring, sier islendingen om overgangen.<\/p>\n<p>Han har skrevet under p\u00e5 en fire\u00e5rsavtale med KBK.<\/p>\n<p>\u2013 Atletisk stopper<\/p>\n<p>Leo Totev, leder for spillerlogistikk i Kristiansund Ballklubb, sier i klubbens pressemelding at han har fulgt den 196 cm h\u00f8ye midtstopperen i en periode. Han spilte landskamper for Islands U21-landslag i fjor.<\/p>\n<p>\u2013 Han er en atletisk stopper som har bra tempo og er god med ball. En bra pasningsspiller og en aggressiv spillertype som er oppofrende og t\u00f8ff i duellene. Han er en ledertype og kan utvikle seg til \u00e5 bli en ordentlig profil i Eliteserien. Han er en flott gutt i tillegg, s\u00e5 han framst\u00e5r som en ordentlig KBK-spiller, sier Totev.<\/p>\n<p>Kjenner hverandre<\/p>\n<p>Juliusson er den andre islendingen som KBK henter i dette overgangsvinduet. I desember ble det klart at klubben hadde sikret seg Hrannar Sn\u00e6r Magnusson.<\/p>\n<p>Til KBKs nettside, forteller 21-\u00e5ringen at de to kjenner hverandre og at de allerede har snakket sammen om Kristiansund.<\/p>\n<p>\u2013 Jeg kjenner ham fra f\u00f8r, vi har kjempet mot hverandre p\u00e5 banen de to siste sesongene. Vi har snakket sammen om Kristiansund, og er veldig glade for at vi har hverandre. Det gj\u00f8r det enklere i starten n\u00e5r vi skal tilpasse oss et nytt sted. Det blir en artig opplevelse for oss begge, sier Juliusson.<\/p>\n<p>  <a href=\"https:\/\/www.tk.no\/5-51-1789653\" class=\"related-teaser has-image default-story-teaser article--c-eRUmMG article--c-eRUmMG-jKCPdD-design-default\" rel=\"nofollow noopener\" target=\"_blank\"><\/p>\n<p>    <img decoding=\"async\" loading=\"lazy\"  src=\"https:\/\/www.europesays.com\/no\/wp-content\/uploads\/2026\/01\/magnussonSAK2.jpg\" alt=\"\" class=\"brick-c-cFOWSL\" style=\"\"\/><\/p>\n<p>\n            Les ogs\u00e5<\/p>\n<p>              KBK henter islandsk hurtigtog: \u2013 En eksplosiv spiller\n        <\/p>\n<p>  <\/a><\/p>\n","protected":false},"excerpt":{"rendered":"Kristiansund Ballklubb og KR Reykjavik har kommet til enighet om en overgang for Julius Mar Juliusson (21). Det&hellip;\n","protected":false},"author":2,"featured_media":4145,"comment_status":"","ping_status":"","sticky":false,"template":"","format":"standard","meta":{"footnotes":""},"categories":[59],"tags":[36,92,3219,30,28,29,83,82,1510],"class_list":{"0":"post-132304","1":"post","2":"type-post","3":"status-publish","4":"format-standard","5":"has-post-thumbnail","7":"category-sport","8":"tag-art","9":"tag-fotball","10":"tag-kbk","11":"tag-no","12":"tag-norge","13":"tag-norway","14":"tag-sport","15":"tag-sports","16":"tag-story"},"share_on_mastodon":{"url":"https:\/\/pubeurope.com\/@no\/115860772180238572","error":""},"_links":{"self":[{"href":"https:\/\/www.europesays.com\/no\/wp-json\/wp\/v2\/posts\/132304","targetHints":{"allow":["GET"]}}],"collection":[{"href":"https:\/\/www.europesays.com\/no\/wp-json\/wp\/v2\/posts"}],"about":[{"href":"https:\/\/www.europesays.com\/no\/wp-json\/wp\/v2\/types\/post"}],"author":[{"embeddable":true,"href":"https:\/\/www.europesays.com\/no\/wp-json\/wp\/v2\/users\/2"}],"replies":[{"embeddable":true,"href":"https:\/\/www.europesays.com\/no\/wp-json\/wp\/v2\/comments?post=132304"}],"version-history":[{"count":0,"href":"https:\/\/www.europesays.com\/no\/wp-json\/wp\/v2\/posts\/132304\/revisions"}],"wp:featuredmedia":[{"embeddable":true,"href":"https:\/\/www.europesays.com\/no\/wp-json\/wp\/v2\/media\/4145"}],"wp:attachment":[{"href":"https:\/\/www.europesays.com\/no\/wp-json\/wp\/v2\/media?parent=132304"}],"wp:term":[{"taxonomy":"category","embeddable":true,"href":"https:\/\/www.europesays.com\/no\/wp-json\/wp\/v2\/categories?post=132304"},{"taxonomy":"post_tag","embeddable":true,"href":"https:\/\/www.europesays.com\/no\/wp-json\/wp\/v2\/tags?post=132304"}],"curies":[{"name":"wp","href":"https:\/\/api.w.org\/{rel}","templated":true}]}}