{"id":132307,"date":"2026-01-08T18:02:00","date_gmt":"2026-01-08T18:02:00","guid":{"rendered":"https:\/\/www.europesays.com\/no\/132307\/"},"modified":"2026-01-08T18:02:00","modified_gmt":"2026-01-08T18:02:00","slug":"brannkassen-skilte-lag-med-gjensidige-her-koker-det-sier-anita-koksvik-pa-tingvoll-aura-avis","status":"publish","type":"post","link":"https:\/\/www.europesays.com\/no\/132307\/","title":{"rendered":"Brannkassen skilte lag med Gjensidige: \u2013 Her koker det, sier Anita Koksvik p\u00e5 Tingvoll &#8211; Aura Avis"},"content":{"rendered":"<ol>\n<li><a href=\"https:\/\/news.google.com\/rss\/articles\/CBMiuwFBVV95cUxOX0NwUEFYQTRUWWtSaGg4LWlZXzg2YTBYTUlENXRLQ0ExMWsySnZ0dVNyX2RXMGdidmp6SUZhNERpRFprbVgtZ2lzak85TnBGaHJEcURYcHBWZkFEWHAxWHNiMUxwWUo0b1RkREtHSXdzY2dRU3dqUGx3NWFMSzU5LVpOdndqU0t4UDdHMm1zWlQzVnJPU1liTFE3VU9JOWhzSzR6d2xkbzgxNkdPa1U4TnpLZmtkTGR3UEJF?oc=5\" target=\"_blank\" rel=\"nofollow noopener\">Brannkassen skilte lag med Gjensidige: \u2013 Her koker det, sier Anita Koksvik p\u00e5 Tingvoll<\/a>&nbsp;&nbsp;Aura Avis<\/li>\n<li><a href=\"https:\/\/news.google.com\/rss\/articles\/CBMirwFBVV95cUxQMllNQmlsdVV2U1pYTEJNSUlOR1pDZUFxb0ltdFBRRllfUFlLZEZwSkQzclVvTC1NaG1pYW56aWJpUWtjVzBhZmxzelY1UzhycTlYcS1ybkw5SE1YNXNueTFuVXJTeHU5c24tUHlERl9RSU1SQ3BxMFNPMkFLekVHaE9CUUtkMGYyR0VxUExvZ0Y3MTlqNXJjQWloZUJuZHU0VzZlZVh1bkpFb1hMQjFj?oc=5\" target=\"_blank\" rel=\"nofollow noopener\">Her opnar dei det nye kontoret: \u2013 Me har sterke r\u00f8ter i Hallingdal<\/a>&nbsp;&nbsp;hallingdolen.no<\/li>\n<li><a href=\"https:\/\/news.google.com\/rss\/articles\/CBMirgFBVV95cUxQODNVVGpEaExKeTJvNDcwbEZLS3YxeGpaUzFGTUJpOUFRaFhjX2F3YjZSOE5hRk1QNk9hdGprVE1aa002Q0lYMEE1Ny1wMWNwQ2hSNUFpMXN2Rnc2V2NHT1dwMjZyUEQ2NjdoOTZQR2JqdHJod29jT24yMzJGWVMtT0ZMb1JTVXd5dmxicVFndzNpeGJZMG1xLVlBTmVVdHlOVElhV1QwRlhLblNqMkE?oc=5\" target=\"_blank\" rel=\"nofollow noopener\">Selskapet \u00e5pner d\u00f8rene i Stj\u00f8rdal: \u2013 Vi har kommet for \u00e5 bli<\/a>&nbsp;&nbsp;bladet.no<\/li>\n<li><a href=\"https:\/\/news.google.com\/rss\/articles\/CBMipAFBVV95cUxPMGVYQTZMVTJGdHBVSjBCUFhyaE9JZTFXNEprcVlaODJsYWdTRUNhcnNBOW5PQTU3VWlhQkFUV0paandHaTlGQ3BPLXRqSno5bXVXclNjX2pjaFpXRHhkSVBFVFozWXpkd2hZb2dyc2xRUnI0RzNxVjlXb2pzVkdKaUhtY0FLamxCaGJYYXRwdF9HdHR6UFUyblNtSVpmQjNDX0gzbQ?oc=5\" target=\"_blank\" rel=\"nofollow noopener\">Forsikringsbrudd ved nytt\u00e5r: \u2013 Det er mange som er litt forvirra n\u00e5<\/a>&nbsp;&nbsp;opp.no<\/li>\n<li><a href=\"https:\/\/news.google.com\/rss\/articles\/CBMiqAFBVV95cUxNdG1zbV9BZll0d2ZNc0tqWWY3bjFyRHpJTV9IR3p0Sk0wM2lmTkFCWFg2UXY1MUlEek5xQ1VqRVZQUENiRURzTFFxT1dDWl95UjdfZUtsaW9rZmNxeVZYV2dLSUEwcTU1WFpBeVFqcE5IbGYyd2pKVlEydUdsWmJNaW5ZTnRfeW1McWE3VTB5ZUFwOUYtVVVhUmVlTjg3alBoWFNKRWY4NzY?oc=5\" target=\"_blank\" rel=\"nofollow noopener\">Ny giv for Valdres Brannkasse, n\u00e5 uten Gjensidige med p\u00e5 laget<\/a>&nbsp;&nbsp;Avisa Valdres<\/li>\n<\/ol>\n","protected":false},"excerpt":{"rendered":"Brannkassen skilte lag med Gjensidige: \u2013 Her koker det, sier Anita Koksvik p\u00e5 Tingvoll&nbsp;&nbsp;Aura Avis Her opnar dei&hellip;\n","protected":false},"author":2,"featured_media":132308,"comment_status":"","ping_status":"","sticky":false,"template":"","format":"standard","meta":{"footnotes":""},"categories":[56],"tags":[60,61,62,30,28,29],"class_list":{"0":"post-132307","1":"post","2":"type-post","3":"status-publish","4":"format-standard","5":"has-post-thumbnail","7":"category-naeringsliv","8":"tag-business","9":"tag-economy","10":"tag-naeringsliv","11":"tag-no","12":"tag-norge","13":"tag-norway"},"share_on_mastodon":{"url":"https:\/\/pubeurope.com\/@no\/115860795906016257","error":""},"_links":{"self":[{"href":"https:\/\/www.europesays.com\/no\/wp-json\/wp\/v2\/posts\/132307","targetHints":{"allow":["GET"]}}],"collection":[{"href":"https:\/\/www.europesays.com\/no\/wp-json\/wp\/v2\/posts"}],"about":[{"href":"https:\/\/www.europesays.com\/no\/wp-json\/wp\/v2\/types\/post"}],"author":[{"embeddable":true,"href":"https:\/\/www.europesays.com\/no\/wp-json\/wp\/v2\/users\/2"}],"replies":[{"embeddable":true,"href":"https:\/\/www.europesays.com\/no\/wp-json\/wp\/v2\/comments?post=132307"}],"version-history":[{"count":0,"href":"https:\/\/www.europesays.com\/no\/wp-json\/wp\/v2\/posts\/132307\/revisions"}],"wp:featuredmedia":[{"embeddable":true,"href":"https:\/\/www.europesays.com\/no\/wp-json\/wp\/v2\/media\/132308"}],"wp:attachment":[{"href":"https:\/\/www.europesays.com\/no\/wp-json\/wp\/v2\/media?parent=132307"}],"wp:term":[{"taxonomy":"category","embeddable":true,"href":"https:\/\/www.europesays.com\/no\/wp-json\/wp\/v2\/categories?post=132307"},{"taxonomy":"post_tag","embeddable":true,"href":"https:\/\/www.europesays.com\/no\/wp-json\/wp\/v2\/tags?post=132307"}],"curies":[{"name":"wp","href":"https:\/\/api.w.org\/{rel}","templated":true}]}}