{"id":132323,"date":"2026-01-08T18:13:11","date_gmt":"2026-01-08T18:13:11","guid":{"rendered":"https:\/\/www.europesays.com\/no\/132323\/"},"modified":"2026-01-08T18:13:11","modified_gmt":"2026-01-08T18:13:11","slug":"sebastian-18-droppet-ut-av-videregaende-na-er-han-aktuell-som-daglig-leder","status":"publish","type":"post","link":"https:\/\/www.europesays.com\/no\/132323\/","title":{"rendered":"Sebastian (18) droppet ut av videreg\u00e5ende \u2013 n\u00e5 er han aktuell som daglig leder"},"content":{"rendered":"\n<ul class=\"_list_o9xde_3 _list_64s2r_85 _unordered_o9xde_106 text-sans-m\">\n<li class=\"_item_o9xde_30\">Sebastian Linge Schwaiger startet sitt eget klesmerke som 11-\u00e5ring og senere appen \u00abSnusbrothers\u00bb.<\/li>\n<li class=\"_item_o9xde_30\">N\u00e5 er han daglig leder i \u00abYouth on Demand\u00bb, en app som kobler unge med sm\u00e5jobber.<\/li>\n<li class=\"_item_o9xde_30\">Han har f\u00e5tt ros fra blant andre Petter Stordalen og Oskar Westerlin.<\/li>\n<li class=\"_item_o9xde_30\">Schwaiger droppet ut av videreg\u00e5ende for \u00e5 satse fullt p\u00e5 bedriften.<\/li>\n<\/ul>\n<p>Vis mer <\/p>\n<p class=\"_paragraph_o9xde_4 _paragraph_xtcu6_10 layout-component text-serif-m layout-normal text-serif-m layout-padded\">Allerede som 11-\u00e5ring lanserte Sebastian Linge Schwaiger et eget klesmerke.<\/p>\n<p class=\"_paragraph_o9xde_4 _paragraph_xtcu6_10 layout-component text-serif-m layout-normal text-serif-m layout-padded\">To \u00e5r senere gjorde han appen \u00abSnusbrothers\u00bb til virkelighet, inspirert fra humorserien \u00abHvite gutter\u00bb.<\/p>\n<p class=\"_paragraph_o9xde_4 _paragraph_xtcu6_10 layout-component text-serif-m layout-normal text-serif-m layout-padded\">Appen koblet sammen folk som var tomme for snus \u2013 med folk som fortsatt hadde igjen.<\/p>\n<p class=\"_paragraph_o9xde_4 _paragraph_xtcu6_10 layout-component text-serif-m layout-normal text-serif-m layout-padded\">N\u00e5 er han aktuell som daglig leder i \u00abYouth on Demand\u00bb \u2013 en app som gir unge mulighet til \u00e5 ta sm\u00e5jobber og f\u00e5 arbeidserfaring.<\/p>\n<p class=\"_paragraph_o9xde_4 _paragraph_xtcu6_10 layout-component text-serif-m layout-normal text-serif-m layout-padded\">I videoen under viser Sebastian hvordan unge kan finne jobber i appen:<\/p>\n<p class=\"_paragraph_o9xde_4 _paragraph_xtcu6_10 layout-component text-serif-m layout-normal text-serif-m layout-padded\">\u2013 Jeg har alltid v\u00e6rt veldig sulten p\u00e5 \u00e5 bygge ting selv, sier Schwaiger.<\/p>\n<p class=\"_paragraph_o9xde_4 _paragraph_xtcu6_10 layout-component text-serif-m layout-normal text-serif-m layout-padded\"><strong class=\"_strong_o9xde_25\">VG m\u00f8ter ham i bedriftens lokaler i Oslo sentrum \u2013 sammen med markedssjef David H\u00f8iseth (29), som rapporterer til en sjef som s\u00e5 vidt har fylt 18.<\/strong><\/p>\n<p class=\"_paragraph_o9xde_4 _paragraph_xtcu6_10 layout-component text-serif-m layout-normal text-serif-m layout-padded\">\u2013 Vi er 30 brukere unna 6000 brukere n\u00e5, opplyser H\u00f8iseth om appen.<\/p>\n<p class=\"_paragraph_o9xde_4 _paragraph_xtcu6_10 layout-component text-serif-m layout-normal text-serif-m layout-padded\">L\u00f8rdag \u00e5pnes den ogs\u00e5 opp for hele landet etter f\u00f8rst \u00e5 ha v\u00e6rt testet kun i Oslo.<\/p>\n<p><img alt=\"P\u00c5 FARTEN: Hverdagen for Schwaiger og H\u00f8iseth best\u00e5r av m\u00f8ter, pitching og reising for \u00e5 bygge bedriften videre.  Foto: Even N\u00e6vdal \/ VG\" class=\"_image_qp4xg_65 layout-component layout-normal\" data-fullscreen- data-track-element-type=\"Article image fullscreen\" data-track-name=\"ImageFullscreen\" decoding=\"async\" loading=\"lazy\" height=\"3623\" itemprop=\"image\"  src=\"https:\/\/www.europesays.com\/no\/wp-content\/uploads\/2026\/01\/82aba2b7-3741-4fa6-981e-da77e6324065.jpeg\"  style=\"object-position:0% 0%\" width=\"5435\"\/>P\u00c5 FARTEN: Hverdagen for Schwaiger og H\u00f8iseth best\u00e5r av m\u00f8ter, pitching og reising for \u00e5 bygge bedriften videre.  Foto: Even N\u00e6vdal \/ VG<\/p>\n<p class=\"_paragraph_o9xde_4 _paragraph_xtcu6_10 layout-component text-serif-m layout-normal text-serif-m layout-padded\">Nylig har blant annet Oskar Westerlin og Petter Stordalen trukket frem Schwaiger i sosiale medier. Historien hans har ogs\u00e5 f\u00e5tt oppmerksomhet i b\u00e5de <a href=\"https:\/\/www.finansavisen.no\/karriere\/2025\/01\/19\/8228927\/sebastian-linge-schwaiger-har-startet-youth-on-demand\" class=\"_link_o9xde_39\" rel=\"nofollow noopener\" target=\"_blank\">Finansavisen<\/a> og <a href=\"https:\/\/www.nettavisen.no\/okonomi\/sebastian-17-droppet-skolen-henter-millioner-fra-investorer\/s\/5-95-2498926\" class=\"_link_o9xde_39\" rel=\"nofollow noopener\" target=\"_blank\">Nettavisen<\/a>.<\/p>\n<p class=\"_paragraph_o9xde_4 _paragraph_xtcu6_10 layout-component text-serif-m layout-normal text-serif-m layout-padded\">I et <a href=\"https:\/\/www.linkedin.com\/posts\/petter-a-stordalen_sebastian-linge-schwaiger-dette-er-rett-activity-7406689197706756096-XFQP\/?originalSubdomain=no\" class=\"_link_o9xde_39\" rel=\"nofollow noopener\" target=\"_blank\">innlegg p\u00e5 LinkedIn<\/a> beskriver Stordalen 18-\u00e5ringen som en del av \u00aben ny generasjon gr\u00fcndere\u00bb, og roser b\u00e5de drivkraften og viljen til \u00e5 gj\u00f8re noe med betydning.<\/p>\n<p><img decoding=\"async\" alt=\"Bilde av Petter Stordalen (63)\" class=\"_image_ygndg_42\" height=\"27\" itemprop=\"image\" loading=\"lazy\"  src=\"https:\/\/www.europesays.com\/no\/wp-content\/uploads\/2026\/01\/b9bc5727-6936-4ad1-9b76-19a4e6aa0fd8.jpeg\"  width=\"40\"\/><strong class=\"_name_ygndg_51 title-serif-xs\">Petter Stordalen (63)<\/strong><\/p>\n<p class=\"_paragraph_o9xde_4 _paragraph_xtcu6_10 layout-component text-serif-m layout-normal text-serif-m layout-padded\">Ogs\u00e5 gr\u00fcnder og influencer Westerlin har l\u00f8ftet frem historien som et eksempel p\u00e5 unge som g\u00e5r egne veier tidlig. For Schwaiger selv har responsen kommet br\u00e5tt.<\/p>\n<p class=\"_paragraph_o9xde_4 _paragraph_xtcu6_10 layout-component text-serif-m layout-normal text-serif-m layout-padded\">\u2013 Det er selvf\u00f8lgelig veldig spesielt \u00e5 f\u00e5 den typen tilbakemeldinger fra folk jeg har sett opp til lenge, sier han.<\/p>\n<p class=\"_paragraph_o9xde_4 _paragraph_xtcu6_10 layout-component text-serif-m layout-normal text-serif-m layout-padded\">\u2013 Jeg har fulgt Westerlin siden jeg var 13. Det \u00e5 h\u00f8re det fra ham var ganske sykt.<\/p>\n<p class=\"_paragraph_o9xde_4 _paragraph_xtcu6_10 layout-component text-serif-m layout-normal text-serif-m layout-padded\">Ogs\u00e5 flere andre profilerte navn i n\u00e6ringslivet har f\u00e5tt \u00f8ynene opp for bedriften. Blant investorene er blant annet tidligere sk\u00f8ytel\u00f8per og n\u00e6ringslivsprofil Johann Olav Koss.<\/p>\n<p><img decoding=\"async\" alt=\"Bilde av Johann Olav Koss (f\u00f8dt 1968)\u00a0\" class=\"_image_ygndg_42\" height=\"27\" itemprop=\"image\" loading=\"lazy\"  src=\"https:\/\/www.europesays.com\/no\/wp-content\/uploads\/2026\/01\/79b942b5-9264-4955-89aa-0b5cfda11c08.jpeg\"  width=\"40\"\/><strong class=\"_name_ygndg_51 title-serif-xs\">Johann Olav Koss (f\u00f8dt 1968)\u00a0<\/strong><\/p>\n<p class=\"_paragraph_o9xde_4 text-sans-m _description_ygndg_56\">I OL i 1994 toppet han sin karriere med tre gull i ett og samme mesterskap, og satte samtidig tre verdensrekorder.<\/p>\n<p class=\"_paragraph_o9xde_4 _paragraph_xtcu6_10 layout-component text-serif-m layout-normal text-serif-m layout-padded\">I tillegg har tidligere medgr\u00fcnder og teknisk sjef i Tripletex, Are Meisfjord, g\u00e5tt inn med penger.<\/p>\n<p class=\"_paragraph_o9xde_4 _paragraph_xtcu6_10 layout-component text-serif-m layout-normal text-serif-m layout-padded\">\u2013 Jeg sendte meldinger p\u00e5 LinkedIn og flere e-poster, sier 18-\u00e5ringen, og understreker viktigheten av \u00e5 bygge nettverk og v\u00e6re fremp\u00e5.<\/p>\n<p class=\"_paragraph_o9xde_4 _paragraph_xtcu6_10 layout-component text-serif-m layout-normal text-serif-m layout-padded\">VG har sett dokumentasjonen p\u00e5 investeringene.<\/p>\n<p><img alt=\"M\u00d8TTE FORBILDET: F\u00f8r jul fikk Schwaiger m\u00f8te Oskar Westerlin, som selv er kjent for \u00e5 ha satset tidlig p\u00e5 egne prosjekter.  Foto: Oskar Westerlin \/ LinkedIn\" class=\"_image_qp4xg_65 layout-component layout-normal\" data-fullscreen- data-track-element-type=\"Article image fullscreen\" data-track-name=\"ImageFullscreen\" decoding=\"async\" loading=\"lazy\" height=\"1082\" itemprop=\"image\"  src=\"https:\/\/www.europesays.com\/no\/wp-content\/uploads\/2026\/01\/b5918b78-c142-489b-9354-3af8abbfe606.jpeg\"  style=\"object-position:0% 0%\" width=\"1279\"\/>M\u00d8TTE FORBILDET: F\u00f8r jul fikk Schwaiger m\u00f8te Oskar Westerlin, som selv er kjent for \u00e5 ha satset tidlig p\u00e5 egne prosjekter.  Foto: Oskar Westerlin \/ LinkedIn<\/p>\n<p class=\"_paragraph_o9xde_4 _paragraph_xtcu6_10 layout-component text-serif-m layout-normal text-serif-m layout-padded\">Ideen til \u00abYouth on Demand\u00bb oppsto som et skoleprosjekt p\u00e5 entrepren\u00f8rskapslinjen p\u00e5 videreg\u00e5ende, der Schwaiger jobbet sammen med to venner.<\/p>\n<p class=\"_paragraph_o9xde_4 _paragraph_xtcu6_10 layout-component text-serif-m layout-normal text-serif-m layout-padded\">\u2013 Det startet egentlig som en id\u00e9 vi hadde liggende i bakhodet i et par \u00e5r, sier han.<\/p>\n<p class=\"_paragraph_o9xde_4 _paragraph_xtcu6_10 layout-component text-serif-m layout-normal text-serif-m layout-padded\"><strong class=\"_strong_o9xde_25\">De \u00f8nsket \u00e5 lage en l\u00f8sning som b\u00e5de ga unge arbeidserfaring og gjorde hverdagen enklere for folk rundt dem.<\/strong><\/p>\n<p class=\"_paragraph_o9xde_4 _paragraph_xtcu6_10 layout-component text-serif-m layout-normal text-serif-m layout-padded\">\u2013 Unge som vil ha jobb, lever med en ond sirkel der du trenger erfaring for \u00e5 f\u00e5 din f\u00f8rste erfaring. Vi bryter denne onde sirkelen ved \u00e5 tilby noe som du ikke trenger tidligere erfaring for, forklarer Schwaiger.<\/p>\n<p class=\"_paragraph_o9xde_4 _paragraph_xtcu6_10 layout-component text-serif-m layout-normal text-serif-m layout-padded\">Gjennom ungdomsbedriften pitchet han og vennene konseptet i konkurranser, fikk tilbakemeldinger, og vant flere priser i Ungt Entrepren\u00f8rskapUngt Entrepren\u00f8rskapEn organisasjon som jobber for \u00e5 fremme entrepren\u00f8rskap blant unge gjennom utdanning og konkurranser..<\/p>\n<p class=\"_paragraph_o9xde_4 _paragraph_xtcu6_10 layout-component text-serif-m layout-normal text-serif-m layout-padded\">\u2013 Det var da vi skj\u00f8nte at dette kanskje kunne bli noe mer enn bare et prosjekt, forteller han.<\/p>\n<p><img alt=\"F\u00d8RSTE STEG: Sebastian Linge Schwaiger, H\u00e5kon Dalen Bakken og Didrik Davies Bergseter startet \u00abYouth on Demand\u00bb som elevbedrift.  Foto: Privat\" class=\"_image_qp4xg_65 layout-component layout-normal\" data-fullscreen- data-track-element-type=\"Article image fullscreen\" data-track-name=\"ImageFullscreen\" decoding=\"async\" loading=\"lazy\" height=\"2103\" itemprop=\"image\"  src=\"https:\/\/www.europesays.com\/no\/wp-content\/uploads\/2026\/01\/2d506768-abb2-444d-801c-86cc98c959ed.jpeg\"  style=\"object-position:0% 0%\" width=\"2391\"\/>F\u00d8RSTE STEG: Sebastian Linge Schwaiger, H\u00e5kon Dalen Bakken og Didrik Davies Bergseter startet \u00abYouth on Demand\u00bb som elevbedrift.  Foto: Privat<\/p>\n<p class=\"_paragraph_o9xde_4 _paragraph_xtcu6_10 layout-component text-serif-m layout-normal text-serif-m layout-padded\">Samtidig skulle det bli stadig vanskeligere \u00e5 kombinere skole og gr\u00fcnderskap.<\/p>\n<p class=\"_paragraph_o9xde_4 _paragraph_xtcu6_10 layout-component text-serif-m layout-normal text-serif-m layout-padded\">Etter hvert ble det klart at han ikke kunne gj\u00f8re begge deler samtidig.<\/p>\n<p class=\"_paragraph_o9xde_4 _paragraph_xtcu6_10 layout-component text-serif-m layout-normal text-serif-m layout-padded\">\u2013 Det bygget seg opp over tid og var ikke noe lett valg. Hovedproblemet var at i hverdagen hadde jeg s\u00e5 vidt tid til \u00e5 sove, sier han.<\/p>\n<p class=\"_paragraph_o9xde_4 _paragraph_xtcu6_10 layout-component text-serif-m layout-normal text-serif-m layout-padded\"><strong class=\"_strong_o9xde_25\">Til slutt valgte Schwaiger \u00e5 slutte p\u00e5 skolen og satse fullt p\u00e5 appen.<\/strong><\/p>\n<p><img alt=\"D\u00d8R TIL D\u00d8R: Schwaiger gikk selv rundt i nabolag for \u00e5 verve brukere i startfasen. N\u00e5 f\u00e5r han ogs\u00e5 hjelp av andre ungdommer.  Foto: Even N\u00e6vdal \/ VG\" class=\"_image_qp4xg_65 layout-component layout-normal\" data-fullscreen- data-track-element-type=\"Article image fullscreen\" data-track-name=\"ImageFullscreen\" decoding=\"async\" loading=\"lazy\" height=\"3047\" itemprop=\"image\"  src=\"https:\/\/www.europesays.com\/no\/wp-content\/uploads\/2026\/01\/64d869cd-2b79-45e8-ad5d-776c535fa68b.jpeg\"  style=\"object-position:0% 0%\" width=\"4571\"\/>D\u00d8R TIL D\u00d8R: Schwaiger gikk selv rundt i nabolag for \u00e5 verve brukere i startfasen. N\u00e5 f\u00e5r han ogs\u00e5 hjelp av andre ungdommer.  Foto: Even N\u00e6vdal \/ VG<\/p>\n<p class=\"_paragraph_o9xde_4 _paragraph_xtcu6_10 layout-component text-serif-m layout-normal text-serif-m layout-padded\"><strong class=\"_strong_o9xde_25\">Han understreker at beslutningen ikke var et impulsivt valg, men noe han vurderte n\u00f8ye sammen med b\u00e5de venner og familie.<\/strong><\/p>\n<p class=\"_paragraph_o9xde_4 _paragraph_xtcu6_10 layout-component text-serif-m layout-normal text-serif-m layout-padded\">\u2013 Jeg angrer ikke p\u00e5 det.<\/p>\n<p class=\"_paragraph_o9xde_4 _paragraph_xtcu6_10 layout-component text-serif-m layout-normal text-serif-m layout-padded\">Samtidig trekker han frem tiden p\u00e5 entrepren\u00f8rskapslinja som avgj\u00f8rende, og sier han neppe hadde kommet like langt uten erfaringene fra skolen.<\/p>\n<p class=\"_paragraph_o9xde_4 _paragraph_xtcu6_10 layout-component text-serif-m layout-normal text-serif-m layout-padded\">Schwaiger er ikke alene. Tall fra Utdanningsdirektoratet viser at 191.655 elever sluttet underveis i videreg\u00e5ende oppl\u00e6ring i skole\u00e5ret 2024\u201325.<\/p>\n<p class=\"_paragraph_o9xde_4 _paragraph_xtcu6_10 layout-component text-serif-m layout-normal text-serif-m layout-padded\">\u00c5rsakene til at elever slutter i videreg\u00e5ende er \u00abmange og sammensatte\u00bb, if\u00f8lge Utdanningsdirektoratet.<\/p>\n<p class=\"_paragraph_o9xde_4 _paragraph_xtcu6_10 layout-component text-serif-m layout-normal text-serif-m layout-padded\">\u2013 Det handler om trivsel, motivasjon og mestring, skriver direktoratet i en e-post til VG.<\/p>\n<p class=\"_paragraph_o9xde_4 _paragraph_xtcu6_10 layout-component text-serif-m layout-normal text-serif-m layout-padded\">De peker ogs\u00e5 p\u00e5 frav\u00e6r og mangel p\u00e5 l\u00e6replass som viktige \u00e5rsaker, og viser til at noen unge slutter p\u00e5 grunn av sykdom, institusjonsopphold eller graviditet.<\/p>\n<p><img alt=\"INNGANG TIL JOBB: Visjonen for bedriften er \u00e5 bygge en plattform der unge kan starte karrieren sin og vise hva de f\u00e5r til, forklarer Schwaiger og H\u00f8iseth.  Foto: Even N\u00e6vdal \/ VG\" class=\"_image_qp4xg_65 layout-component layout-normal\" data-fullscreen- data-track-element-type=\"Article image fullscreen\" data-track-name=\"ImageFullscreen\" decoding=\"async\" loading=\"lazy\" height=\"4000\" itemprop=\"image\"  src=\"https:\/\/www.europesays.com\/no\/wp-content\/uploads\/2026\/01\/bcf6973d-1f10-4d4a-b6a3-1ace49e486eb.jpeg\"  style=\"object-position:0% 0%\" width=\"6000\"\/>INNGANG TIL JOBB: Visjonen for bedriften er \u00e5 bygge en plattform der unge kan starte karrieren sin og vise hva de f\u00e5r til, forklarer Schwaiger og H\u00f8iseth.  Foto: Even N\u00e6vdal \/ VG<\/p>\n<p class=\"_paragraph_o9xde_4 _paragraph_xtcu6_10 layout-component text-serif-m layout-normal text-serif-m layout-padded\">Samtidig understreker direktoratet at det \u00e5 slutte i videreg\u00e5ende ikke n\u00f8dvendigvis betyr \u00e5 falle utenfor arbeidslivet.<\/p>\n<p class=\"_paragraph_o9xde_4 _paragraph_xtcu6_10 layout-component text-serif-m layout-normal text-serif-m layout-padded\">\u2013 Ungdom som ikke har fullf\u00f8rt videreg\u00e5ende oppl\u00e6ring, er ikke n\u00f8dvendigvis inaktive, skriver direktoratet, og viser til at rundt halvparten av unge mellom 16 og 24 \u00e5r som ikke g\u00e5r i eller har fullf\u00f8rt videreg\u00e5ende, er i arbeid.<\/p>\n<p><img alt=\"JOBBER FULLTID: Etter \u00e5 ha sluttet p\u00e5 videreg\u00e5ende har Sebastian Linge Schwaiger brukt all tid p\u00e5 \u00e5 bygge bedriften.  Foto: Even N\u00e6vdal \/ VG\" class=\"_image_qp4xg_65 layout-component layout-normal\" data-fullscreen- data-track-element-type=\"Article image fullscreen\" data-track-name=\"ImageFullscreen\" decoding=\"async\" loading=\"lazy\" height=\"3723\" itemprop=\"image\"  src=\"https:\/\/www.europesays.com\/no\/wp-content\/uploads\/2026\/01\/4336d5eb-a1d9-4a14-81c9-e9f29f435ff8.jpeg\"  style=\"object-position:0% 0%\" width=\"5585\"\/>JOBBER FULLTID: Etter \u00e5 ha sluttet p\u00e5 videreg\u00e5ende har Sebastian Linge Schwaiger brukt all tid p\u00e5 \u00e5 bygge bedriften.  Foto: Even N\u00e6vdal \/ VG<\/p>\n<p class=\"_paragraph_o9xde_4 _paragraph_xtcu6_10 layout-component text-serif-m layout-normal text-serif-m layout-padded\">Schwaiger er samtidig den eneste av de tre vennene som valgte \u00e5 slutte p\u00e5 skolen. De to andre g\u00e5r fortsatt p\u00e5 videreg\u00e5ende og blir ferdige til sommeren.<\/p>\n<p class=\"_paragraph_o9xde_4 _paragraph_xtcu6_10 layout-component text-serif-m layout-normal text-serif-m layout-padded\">\u2013 Jeg ville aldri droppet ut bare for \u00e5 vinne en id\u00e9, sier han i dag.<\/p>\n<p class=\"_paragraph_o9xde_4 _paragraph_xtcu6_10 layout-component text-serif-m layout-normal text-serif-m layout-padded\">I senere tid har Schwaiger ogs\u00e5 deltatt som mentor og jury hos Ungt Entrepren\u00f8rskap. Samtidig fikk han innpass hos Wharton Startup SchoolWharton Startup SchoolEt sommerprogram i San Francisco som l\u00e6rer elevene \u00e5 utvikle og presentere nye forretningsideer. i San Francisco sommeren i fjor.<\/p>\n<p class=\"_paragraph_o9xde_4 _paragraph_xtcu6_10 layout-component text-serif-m layout-normal text-serif-m layout-padded\">Det siste \u00e5ret har bedriften vokst raskt, og interessen for plattformen har \u00f8kt i takt med at flere unge tar den i bruk.<\/p>\n<p class=\"_paragraph_o9xde_4 _paragraph_xtcu6_10 layout-component text-serif-m layout-normal text-serif-m layout-padded\">N\u00e5 jobber Schwaiger med \u00e5 bygge bedriften videre, med planer om \u00e5 n\u00e5 flere brukere og utvide tilbudet ytterligere. Ambisjonene stopper ikke i Oslo.<\/p>\n<p class=\"_paragraph_o9xde_4 _paragraph_xtcu6_10 layout-component text-serif-m layout-normal text-serif-m layout-padded\">Han viser stort engasjement n\u00e5r han snakker om veien videre.<\/p>\n<p class=\"_paragraph_o9xde_4 _paragraph_xtcu6_10 layout-component text-serif-m layout-normal text-serif-m layout-padded\">\u2013 N\u00e5 skal vi ut i hele Norge, sier Schwaiger.<\/p>\n<p class=\"_paragraph_o9xde_4 _paragraph_xtcu6_10 layout-component text-serif-m layout-normal text-serif-m layout-padded\">P\u00e5 sikt ser han for seg at l\u00f8sningen kan vokse ogs\u00e5 utenfor landets grenser. Dr\u00f8mmen er at hele verden skal vite om appen.<\/p>\n","protected":false},"excerpt":{"rendered":"Sebastian Linge Schwaiger startet sitt eget klesmerke som 11-\u00e5ring og senere appen \u00abSnusbrothers\u00bb. N\u00e5 er han daglig leder&hellip;\n","protected":false},"author":2,"featured_media":132324,"comment_status":"","ping_status":"","sticky":false,"template":"","format":"standard","meta":{"footnotes":""},"categories":[10],"tags":[20,21,24,25,6569,15,22,23,62,13,30,28,29,14,16,804,26,27],"class_list":{"0":"post-132323","1":"post","2":"type-post","3":"status-publish","4":"format-standard","5":"has-post-thumbnail","7":"category-norge","8":"tag-breaking-news","9":"tag-breakingnews","10":"tag-featured-news","11":"tag-featurednews","12":"tag-grunder","13":"tag-headlines","14":"tag-latest-news","15":"tag-latestnews","16":"tag-naeringsliv","17":"tag-news","18":"tag-no","19":"tag-norge","20":"tag-norway","21":"tag-nyheter","22":"tag-overskrifter","23":"tag-skole","24":"tag-top-stories","25":"tag-topstories"},"share_on_mastodon":{"url":"https:\/\/pubeurope.com\/@no\/115860839273243997","error":""},"_links":{"self":[{"href":"https:\/\/www.europesays.com\/no\/wp-json\/wp\/v2\/posts\/132323","targetHints":{"allow":["GET"]}}],"collection":[{"href":"https:\/\/www.europesays.com\/no\/wp-json\/wp\/v2\/posts"}],"about":[{"href":"https:\/\/www.europesays.com\/no\/wp-json\/wp\/v2\/types\/post"}],"author":[{"embeddable":true,"href":"https:\/\/www.europesays.com\/no\/wp-json\/wp\/v2\/users\/2"}],"replies":[{"embeddable":true,"href":"https:\/\/www.europesays.com\/no\/wp-json\/wp\/v2\/comments?post=132323"}],"version-history":[{"count":0,"href":"https:\/\/www.europesays.com\/no\/wp-json\/wp\/v2\/posts\/132323\/revisions"}],"wp:featuredmedia":[{"embeddable":true,"href":"https:\/\/www.europesays.com\/no\/wp-json\/wp\/v2\/media\/132324"}],"wp:attachment":[{"href":"https:\/\/www.europesays.com\/no\/wp-json\/wp\/v2\/media?parent=132323"}],"wp:term":[{"taxonomy":"category","embeddable":true,"href":"https:\/\/www.europesays.com\/no\/wp-json\/wp\/v2\/categories?post=132323"},{"taxonomy":"post_tag","embeddable":true,"href":"https:\/\/www.europesays.com\/no\/wp-json\/wp\/v2\/tags?post=132323"}],"curies":[{"name":"wp","href":"https:\/\/api.w.org\/{rel}","templated":true}]}}