{"id":132325,"date":"2026-01-08T18:14:15","date_gmt":"2026-01-08T18:14:15","guid":{"rendered":"https:\/\/www.europesays.com\/no\/132325\/"},"modified":"2026-01-08T18:14:15","modified_gmt":"2026-01-08T18:14:15","slug":"fotballprofilen-olaug-tvedten-klar-for-brighton","status":"publish","type":"post","link":"https:\/\/www.europesays.com\/no\/132325\/","title":{"rendered":"Fotballprofilen Olaug Tvedten klar for Brighton"},"content":{"rendered":"\n<p class=\"_lead_o9xde_2 _lead_xtcu6_50 layout-component text-serif-m layout-normal text-serif-l layout-component layout-wide layout-padded _wide_17hqh_1 layout-padded\">V\u00e5lerengas toppscorer Olaug Tvedten (25) har signert for den engelske superligaklubben Brighton.<\/p>\n<p><img alt=\"Olaug Tvedten selges til Brighton fra V\u00e5lerenga.&#10;Foto: Thomas Fure \/ NTB\" class=\"_image_qp4xg_65 layout-component layout-wide\" data-fullscreen- data-track-element-type=\"Article image fullscreen\" data-track-name=\"ImageFullscreen\" fetchpriority=\"high\" decoding=\"sync\" loading=\"eager\" height=\"2812\" itemprop=\"image\"  src=\"https:\/\/www.europesays.com\/no\/wp-content\/uploads\/2026\/01\/99afef0b-af95-4290-ae26-bcd2164de646.jpeg\"  style=\"object-position:0% 0%\" width=\"4218\"\/>Olaug Tvedten selges til Brighton fra V\u00e5lerenga.<br \/>\nFoto: Thomas Fure \/ NTB<\/p>\n<ul aria-hidden=\"true\" class=\"_images_ntbth_112\">\n<li><a class=\"_link_ntbth_117\" href=\"https:\/\/www.vg.no\/forfatter\/ntb\" style=\"z-index:1\" title=\"NTB\" rel=\"nofollow noopener\" target=\"_blank\"><img alt=\"Bilde av NTB\" class=\"_image_ntbth_93\" fetchpriority=\"low\" loading=\"lazy\" decoding=\"async\" itemprop=\"image\"  src=\"https:\/\/www.europesays.com\/no\/wp-content\/uploads\/2026\/01\/1767896055_78_c33980b0-5d07-4027-84a1-813f90a7c8d6.png\"  width=\"480\"\/><\/a><\/li>\n<\/ul>\n<p> Oppdatert torsdag 8. januar kl. 17:10     <\/p>\n<p class=\"_paragraph_o9xde_4 _paragraph_xtcu6_10 layout-component text-serif-m layout-normal text-serif-m layout-padded\"> Det bekrefter <a href=\"https:\/\/vif-damefotball.no\/nyheter\/olaug-tvedten-solgt-til-brighton\" class=\"_link_o9xde_39\" rel=\"nofollow noopener\" target=\"_blank\">V\u00e5lerenga p\u00e5 sin nettside torsdag.<\/a><\/p>\n<p class=\"_paragraph_o9xde_4 _paragraph_xtcu6_10 layout-component text-serif-m layout-normal text-serif-m layout-padded\">Tvedten ble toppscorer i <a href=\"https:\/\/www.vg.no\/tag\/toppserien?utm_source=vg-article&amp;utm_medium=auto-tagger&amp;utm_campaign=K8yBPM\" class=\"_link_o9xde_39\" rel=\"nofollow noopener\" target=\"_blank\">Toppserien<\/a> sist sesong med 19 scoringer. N\u00e5 flytter hun til England og blir en del av Brightons lag.<\/p>\n<p class=\"_paragraph_o9xde_4 _paragraph_xtcu6_10 layout-component text-serif-m layout-normal text-serif-m layout-padded\">Kontrakten hennes med VIF strakte seg opprinnelig ut 2026.<\/p>\n<p class=\"_paragraph_o9xde_4 _paragraph_xtcu6_10 layout-component text-serif-m layout-normal text-serif-m layout-padded\">\u2013 N\u00e5r hun f\u00f8rst skulle skifte klubb, er dette en god avtale for V\u00e5lerenga. Og timingen er riktig. Olaug har gjort seg fortjent til \u00e5 f\u00e5 muligheten i en st\u00f8rre liga, sier sportssjef Steinar Pedersen.<\/p>\n<p class=\"_paragraph_o9xde_4 _paragraph_xtcu6_10 layout-component text-serif-m layout-normal text-serif-m layout-padded\"> Tvedten har lagt ut en avskjedsmelding p\u00e5 <a href=\"https:\/\/www.instagram.com\/p\/DTQWHdUDEZa\/?img_index=1\" class=\"_link_o9xde_39\" rel=\"nofollow noopener\" target=\"_blank\">Instagram<\/a>.<\/p>\n<p class=\"_paragraph_o9xde_4 _paragraph_xtcu6_10 layout-component text-serif-m layout-normal text-serif-m layout-padded\">\u00abTakk for alle de fantastiske opplevelsene vi har hatt sammen de siste 4,5 \u00e5rene. Evig takknemlig for alle i og rundt klubben som har gjort at disse \u00e5rene har blitt utrolig bra. Og stolt over alt vi har oppn\u00e5dd sammen\u00bb, skriver hun.<\/p>\n<p class=\"_paragraph_o9xde_4 _paragraph_xtcu6_10 layout-component text-serif-m layout-normal text-serif-m layout-padded\">Tvedten ble hentet til V\u00e5lerenga fra Avaldsnes og har de siste \u00e5rene scoret mange m\u00e5l for Oslo-klubben. Hun st\u00e5r med \u00e9n landskamp, som kom mot Nord-Irland i desember 2024.<\/p>\n<p class=\"_paragraph_o9xde_4 _paragraph_xtcu6_10 layout-component text-serif-m layout-normal text-serif-m layout-padded\"><a href=\"https:\/\/www.tv2.no\/sport\/olaug-tvedten-klar-for-brighton\/18445500\/\" class=\"_link_o9xde_39\" rel=\"nofollow noopener\" target=\"_blank\">TV 2<\/a> var f\u00f8rst ute med nyheten om klubbskiftet.<\/p>\n<p class=\"_paragraph_o9xde_4 _paragraph_xtcu6_10 layout-component text-serif-m layout-normal text-serif-m layout-padded\">Brighton er nummer sju p\u00e5 tabellen etter elleve kamper denne sesongen.<\/p>\n<p>    <script async src=\"\/\/www.instagram.com\/embed.js\"><\/script><\/p>\n","protected":false},"excerpt":{"rendered":"V\u00e5lerengas toppscorer Olaug Tvedten (25) har signert for den engelske superligaklubben Brighton. Olaug Tvedten selges til Brighton fra&hellip;\n","protected":false},"author":2,"featured_media":132326,"comment_status":"","ping_status":"","sticky":false,"template":"","format":"standard","meta":{"footnotes":""},"categories":[5],"tags":[20,21,24,25,15,19,22,23,17,18,13,30,28,29,14,2633,16,26,895,27,897],"class_list":{"0":"post-132325","1":"post","2":"type-post","3":"status-publish","4":"format-standard","5":"has-post-thumbnail","7":"category-overskrifter","8":"tag-breaking-news","9":"tag-breakingnews","10":"tag-featured-news","11":"tag-featurednews","12":"tag-headlines","13":"tag-hovedoppslag","14":"tag-latest-news","15":"tag-latestnews","16":"tag-main-news","17":"tag-mainnews","18":"tag-news","19":"tag-no","20":"tag-norge","21":"tag-norway","22":"tag-nyheter","23":"tag-olaug-tvedten","24":"tag-overskrifter","25":"tag-top-stories","26":"tag-toppserien","27":"tag-topstories","28":"tag-valerenga-kvinner"},"share_on_mastodon":{"url":"https:\/\/pubeurope.com\/@no\/115860843029336518","error":""},"_links":{"self":[{"href":"https:\/\/www.europesays.com\/no\/wp-json\/wp\/v2\/posts\/132325","targetHints":{"allow":["GET"]}}],"collection":[{"href":"https:\/\/www.europesays.com\/no\/wp-json\/wp\/v2\/posts"}],"about":[{"href":"https:\/\/www.europesays.com\/no\/wp-json\/wp\/v2\/types\/post"}],"author":[{"embeddable":true,"href":"https:\/\/www.europesays.com\/no\/wp-json\/wp\/v2\/users\/2"}],"replies":[{"embeddable":true,"href":"https:\/\/www.europesays.com\/no\/wp-json\/wp\/v2\/comments?post=132325"}],"version-history":[{"count":0,"href":"https:\/\/www.europesays.com\/no\/wp-json\/wp\/v2\/posts\/132325\/revisions"}],"wp:featuredmedia":[{"embeddable":true,"href":"https:\/\/www.europesays.com\/no\/wp-json\/wp\/v2\/media\/132326"}],"wp:attachment":[{"href":"https:\/\/www.europesays.com\/no\/wp-json\/wp\/v2\/media?parent=132325"}],"wp:term":[{"taxonomy":"category","embeddable":true,"href":"https:\/\/www.europesays.com\/no\/wp-json\/wp\/v2\/categories?post=132325"},{"taxonomy":"post_tag","embeddable":true,"href":"https:\/\/www.europesays.com\/no\/wp-json\/wp\/v2\/tags?post=132325"}],"curies":[{"name":"wp","href":"https:\/\/api.w.org\/{rel}","templated":true}]}}