{"id":132330,"date":"2026-01-08T18:21:07","date_gmt":"2026-01-08T18:21:07","guid":{"rendered":"https:\/\/www.europesays.com\/no\/132330\/"},"modified":"2026-01-08T18:21:07","modified_gmt":"2026-01-08T18:21:07","slug":"politiet-i-minnesota-nektes-innsyn-i-etterforskningen-etter-at-ice-agent-drepte-kvinne-nrk-urix-utenriksnyheter-og-dokumentarer","status":"publish","type":"post","link":"https:\/\/www.europesays.com\/no\/132330\/","title":{"rendered":"Politiet i Minnesota nektes innsyn i etterforskningen etter at ICE-agent drepte kvinne \u2013 NRK Urix \u2013 Utenriksnyheter og -dokumentarer"},"content":{"rendered":"<p>Politiet i Minnesota f\u00e5r ikke delta i etterforskningen av <a href=\"https:\/\/www.nrk.no\/urix\/dette-vet-vi-om-kvinnen-som-ble-drept-av-ice-i-minnesota-i-usa-1.17719733\" ec-id=\"pp:article:1.17719733\" ec-name=\"drapet p\u00e5 Renee Nicole Good (37)\" rel=\"nofollow noopener\" target=\"_blank\">drapet p\u00e5 Renee Nicole Good (37)<\/a>.<\/p>\n<p>Good <a href=\"https:\/\/www.nrk.no\/urix\/her-skyter-og-dreper-en-ice-agent-en-kvinne-i-en-bil-i-minneapolis-i-usa-1.17718467\" ec-id=\"pp:article:1.17718467\" ec-name=\"ble skutt og drept\" rel=\"nofollow noopener\" target=\"_blank\">ble skutt og drept<\/a> av en ICE-agent i Minneapolis i Minnesota onsdag.<\/p>\n<p><strong>\u2013 Det ser ikke ut til at vi vil f\u00e5 et rettferdig utfall, sier guvern\u00f8r Tim Walz p\u00e5 en pressekonferanse torsdag kveld norsk tid.<\/strong><\/p>\n<p><img decoding=\"async\"   src=\"data:image\/gif;base64,R0lGODlhAQABAIAAAAAAAP\/\/\/yH5BAEAAAAALAAAAAABAAEAAAIBRAA7\" loading=\"eager\" alt=\"En mann if\u00f8rt dress og lys skjorte holder en tale ved et podium. Bakgrunnen viser et flagg med en stjerne og detaljert interi\u00f8r. Lyset i rommet skaper en formell atmosf\u00e6re. Det er ingen synlige grafiske elementer eller redigeringer i bildet. (Bildebeskrivelsen er laget av en KI-tjeneste)\" title=\"Foto: Tim Evans \/ Reuters \/ NTB\"\/><\/p>\n<p class=\"\">Tim Walz er guvern\u00f8r i Minnesota. (Arkivbilde)<\/p>\n<p>Foto: Tim Evans \/ Reuters \/ NTB<\/p>\n<p>Det f\u00f8derale politiet (FBI) nekter ogs\u00e5 politiet i Minnesota innsyn i bevismaterialet.<\/p>\n<p>\u2013 Minnesota m\u00e5 v\u00e6re en del av etterforskningen, tydeliggj\u00f8r Walz.<\/p>\n<p>ICE er den f\u00f8derale etaten som h\u00e5ndterer lover rundt blant annet innvandring. De etterforsker og arresterer ogs\u00e5 ulovlige innvandrere.<\/p>\n<p>\u2013 Hva er dere redde for?<\/p>\n<p>Det er store politistyrker til stede i Minneapolis torsdag, og demonstranter har begynt \u00e5 innta gatene.<\/p>\n<p><img decoding=\"async\"   src=\"data:image\/gif;base64,R0lGODlhAQABAIAAAAAAAP\/\/\/yH5BAEAAAAALAAAAAABAAEAAAIBRAA7\" loading=\"eager\" alt=\"Sikkerhetspersonell i kamputstyr konfronterer en mann p\u00e5 gaten under en hendelse. Mannen, kledd i gr\u00f8nn jakke og oransje lue, rekker ut h\u00e5nden. Bakgrunnen viser en gruppe tilskuere, delvis dekket av sn\u00f8 og is. Stemningen er spent, med en tydelig oppdeling mellom sikkerhetsstyrker og publikum. (Bildebeskrivelsen er laget av en KI-tjeneste)\" title=\"Foto: Tim Evans \/ Reuters \/ NTB\"\/><\/p>\n<p class=\"\">En verbal konfrontasjon mellom en demonstrant og bev\u00e6pnet politi i Minnesota torsdag.<\/p>\n<p>Foto: Tim Evans \/ Reuters \/ NTB<\/p>\n<p>Walz oppfordrer lokalbefolkningen til \u00e5 holde seg i ro, demonstrere fredelig og ikke ty til vold.<\/p>\n<p>\u2013 Hvis dette eskalerer til vold, taper vi, sier Walz.<\/p>\n<p>\u2013 Det ser ikke ut til at vi vil f\u00e5 et rettferdig utfall, sier Walz, med henvisning til at f\u00f8derale myndigheter ikke vil samarbeide med lokalt politi.<\/p>\n<p>Riksadvokaten i Minnesota, Keith Ellison, sier til <a href=\"https:\/\/www.cnn.com\/us\/live-news\/minneapolis-ice-shooting-01-08-26?post-id=cmk5nskyd0012356pjdgyzcg5\" ec-id=\"https:\/\/www.cnn.com\/us\/live-news\/minneapolis-ice-shooting-01-08-26\" ec-name=\"CNN\" rel=\"nofollow noopener\" target=\"_blank\">CNN<\/a> at beslutningen er dypt urovekkende og ekstremt skuffende.<\/p>\n<p>\u2013 Mitt sp\u00f8rsm\u00e5l er \u00abHva er dere redde for? Hvorfor er dere redde for en uavhengig etterforskning\u00bb? sa Ellison.<\/p>\n<p>Interessert i utenriks? H\u00f8r redaksjonens nyeste podkast-episode:<\/p>\n<p>Publisert<\/p>\n<p>08.01.2026, kl. 18.37<\/p>\n<p>Oppdatert<\/p>\n<p>08.01.2026, kl. 19.08<\/p>\n","protected":false},"excerpt":{"rendered":"Politiet i Minnesota f\u00e5r ikke delta i etterforskningen av drapet p\u00e5 Renee Nicole Good (37). Good ble skutt&hellip;\n","protected":false},"author":2,"featured_media":132331,"comment_status":"","ping_status":"","sticky":false,"template":"","format":"standard","meta":{"footnotes":""},"categories":[12],"tags":[20,21,24,25,15,22,23,13,30,28,29,14,16,26,27,42,43,44,45],"class_list":{"0":"post-132330","1":"post","2":"type-post","3":"status-publish","4":"format-standard","5":"has-post-thumbnail","7":"category-verden","8":"tag-breaking-news","9":"tag-breakingnews","10":"tag-featured-news","11":"tag-featurednews","12":"tag-headlines","13":"tag-latest-news","14":"tag-latestnews","15":"tag-news","16":"tag-no","17":"tag-norge","18":"tag-norway","19":"tag-nyheter","20":"tag-overskrifter","21":"tag-top-stories","22":"tag-topstories","23":"tag-verden","24":"tag-world","25":"tag-world-news","26":"tag-worldnews"},"share_on_mastodon":{"url":"https:\/\/pubeurope.com\/@no\/115860870649261069","error":""},"_links":{"self":[{"href":"https:\/\/www.europesays.com\/no\/wp-json\/wp\/v2\/posts\/132330","targetHints":{"allow":["GET"]}}],"collection":[{"href":"https:\/\/www.europesays.com\/no\/wp-json\/wp\/v2\/posts"}],"about":[{"href":"https:\/\/www.europesays.com\/no\/wp-json\/wp\/v2\/types\/post"}],"author":[{"embeddable":true,"href":"https:\/\/www.europesays.com\/no\/wp-json\/wp\/v2\/users\/2"}],"replies":[{"embeddable":true,"href":"https:\/\/www.europesays.com\/no\/wp-json\/wp\/v2\/comments?post=132330"}],"version-history":[{"count":0,"href":"https:\/\/www.europesays.com\/no\/wp-json\/wp\/v2\/posts\/132330\/revisions"}],"wp:featuredmedia":[{"embeddable":true,"href":"https:\/\/www.europesays.com\/no\/wp-json\/wp\/v2\/media\/132331"}],"wp:attachment":[{"href":"https:\/\/www.europesays.com\/no\/wp-json\/wp\/v2\/media?parent=132330"}],"wp:term":[{"taxonomy":"category","embeddable":true,"href":"https:\/\/www.europesays.com\/no\/wp-json\/wp\/v2\/categories?post=132330"},{"taxonomy":"post_tag","embeddable":true,"href":"https:\/\/www.europesays.com\/no\/wp-json\/wp\/v2\/tags?post=132330"}],"curies":[{"name":"wp","href":"https:\/\/api.w.org\/{rel}","templated":true}]}}