{"id":132332,"date":"2026-01-08T18:22:20","date_gmt":"2026-01-08T18:22:20","guid":{"rendered":"https:\/\/www.europesays.com\/no\/132332\/"},"modified":"2026-01-08T18:22:20","modified_gmt":"2026-01-08T18:22:20","slug":"sykdom-fhi-fhi-influensatoppen-kan-vaere-nadd-i-store-deler-av-landet","status":"publish","type":"post","link":"https:\/\/www.europesays.com\/no\/132332\/","title":{"rendered":"Sykdom, FHI | FHI: Influensatoppen kan v\u00e6re n\u00e5dd i store deler av landet"},"content":{"rendered":"\n<p>I <a href=\"https:\/\/www.fhi.no\/publ\/statusrapporter\/luftveisinfeksjoner\/\" rel=\"nofollow noopener\" target=\"_blank\">ukerapporten<\/a> som ble publisert onsdag, g\u00e5r det fram at andelen pr\u00f8ver med p\u00e5vist influensavirus har g\u00e5tt noe ned de siste to ukene.<\/p>\n<p>I uke 1 var andelen h\u00f8yest i Innlandet, Telemark, M\u00f8re og Romsdal og Tr\u00f8ndelag.<\/p>\n<p>I noen fylker, som Rogaland og Vestland, har influensautbruddet startet noe senere, s\u00e5 det er mulig at smittetoppen ikke er n\u00e5dd enn\u00e5 her.<\/p>\n<p>  <a href=\"https:\/\/www.gd.no\/5-18-2436098\" class=\"related-teaser has-image default-story-teaser article--c-eRUmMG article--c-eRUmMG-jKCPdD-design-default\" rel=\"nofollow noopener\" target=\"_blank\"><\/p>\n<p>    <img decoding=\"async\" loading=\"lazy\"  src=\"https:\/\/www.europesays.com\/no\/wp-content\/uploads\/2026\/01\/Lege+Wasim+Zahid.bin.jpeg\" alt=\"\" class=\"brick-c-cFOWSL\" style=\"\"\/><\/p>\n<p>\n            Les ogs\u00e5<\/p>\n<p>              Dette gj\u00f8r eksperten selv: \u2013 Jeg synes det er vanskelig\n        <\/p>\n<p>  <\/a><\/p>\n<p>Antall sykehusinnleggelser er ogs\u00e5 p\u00e5 vei ned. I \u00e5rets f\u00f8rste uke er det rapportert om 665 sykehusinnleggelser med influensa. I juleuka var tallet 731.<\/p>\n<p>I perioden fra uke 42 i fjor h\u00f8st til uke 1 n\u00e5 i januar er det meldt om 102 innleggelser i intensivavdelinger p\u00e5 grunn av influensa. Tallet er vesentlig h\u00f8yere enn i samme periode i 2024\/25 da det var 44 innleggelser og i 2023\/24 da det var 85. I vintersesongen for tre \u00e5r siden var antallet imidlertid h\u00f8yere med 114 intensivinnleggelser.<\/p>\n<p>Folkehelseinstituttet opplyser ogs\u00e5 at antall pr\u00f8ver med p\u00e5vist korona forkj\u00f8lelsesvirus \u00f8ker. Forekomsten av RS-virusinfeksjon er ogs\u00e5 \u00f8kende, men p\u00e5 et lavt niv\u00e5.<\/p>\n<p>  <a href=\"https:\/\/www.gd.no\/5-18-2435534\" class=\"related-teaser has-image default-story-teaser article--c-eRUmMG article--c-eRUmMG-jKCPdD-design-default\" rel=\"nofollow noopener\" target=\"_blank\"><\/p>\n<p>    <img decoding=\"async\" loading=\"lazy\"  src=\"https:\/\/www.europesays.com\/no\/wp-content\/uploads\/2026\/01\/Sjur%2B24.jpg\" alt=\"\" class=\"brick-c-cFOWSL\" style=\"\"\/><\/p>\n<p>\n            Les ogs\u00e5<\/p>\n<p>              Har f\u00e5tt kreftdiagnose: \u2013 En t\u00f8ff beskjed \u00e5 f\u00e5\n        <\/p>\n<p>  <\/a><\/p>\n<p>  <a href=\"https:\/\/www.gd.no\/5-18-2434610\" class=\"related-teaser has-image default-story-teaser article--c-eRUmMG article--c-eRUmMG-jKCPdD-design-default\" rel=\"nofollow noopener\" target=\"_blank\"><\/p>\n<p>    <img decoding=\"async\" loading=\"lazy\"  src=\"https:\/\/www.europesays.com\/no\/wp-content\/uploads\/2026\/01\/Kjersti+2.jpg\" alt=\"\" class=\"brick-c-cFOWSL\" style=\"\"\/><\/p>\n<p>\n            Les ogs\u00e5<\/p>\n<p>              Jakter p\u00e5 de flinkeste folkene\n        <\/p>\n<p>  <\/a><\/p>\n","protected":false},"excerpt":{"rendered":"I ukerapporten som ble publisert onsdag, g\u00e5r det fram at andelen pr\u00f8ver med p\u00e5vist influensavirus har g\u00e5tt noe&hellip;\n","protected":false},"author":2,"featured_media":132333,"comment_status":"","ping_status":"","sticky":false,"template":"","format":"standard","meta":{"footnotes":""},"categories":[10],"tags":[36,20,21,24,25,1341,15,736,22,23,13,30,28,29,14,16,1510,1185,26,27],"class_list":{"0":"post-132332","1":"post","2":"type-post","3":"status-publish","4":"format-standard","5":"has-post-thumbnail","7":"category-norge","8":"tag-art","9":"tag-breaking-news","10":"tag-breakingnews","11":"tag-featured-news","12":"tag-featurednews","13":"tag-fhi","14":"tag-headlines","15":"tag-helse","16":"tag-latest-news","17":"tag-latestnews","18":"tag-news","19":"tag-no","20":"tag-norge","21":"tag-norway","22":"tag-nyheter","23":"tag-overskrifter","24":"tag-story","25":"tag-sykdom","26":"tag-top-stories","27":"tag-topstories"},"share_on_mastodon":{"url":"https:\/\/pubeurope.com\/@no\/115860874501600511","error":""},"_links":{"self":[{"href":"https:\/\/www.europesays.com\/no\/wp-json\/wp\/v2\/posts\/132332","targetHints":{"allow":["GET"]}}],"collection":[{"href":"https:\/\/www.europesays.com\/no\/wp-json\/wp\/v2\/posts"}],"about":[{"href":"https:\/\/www.europesays.com\/no\/wp-json\/wp\/v2\/types\/post"}],"author":[{"embeddable":true,"href":"https:\/\/www.europesays.com\/no\/wp-json\/wp\/v2\/users\/2"}],"replies":[{"embeddable":true,"href":"https:\/\/www.europesays.com\/no\/wp-json\/wp\/v2\/comments?post=132332"}],"version-history":[{"count":0,"href":"https:\/\/www.europesays.com\/no\/wp-json\/wp\/v2\/posts\/132332\/revisions"}],"wp:featuredmedia":[{"embeddable":true,"href":"https:\/\/www.europesays.com\/no\/wp-json\/wp\/v2\/media\/132333"}],"wp:attachment":[{"href":"https:\/\/www.europesays.com\/no\/wp-json\/wp\/v2\/media?parent=132332"}],"wp:term":[{"taxonomy":"category","embeddable":true,"href":"https:\/\/www.europesays.com\/no\/wp-json\/wp\/v2\/categories?post=132332"},{"taxonomy":"post_tag","embeddable":true,"href":"https:\/\/www.europesays.com\/no\/wp-json\/wp\/v2\/tags?post=132332"}],"curies":[{"name":"wp","href":"https:\/\/api.w.org\/{rel}","templated":true}]}}