{"id":132334,"date":"2026-01-08T18:23:17","date_gmt":"2026-01-08T18:23:17","guid":{"rendered":"https:\/\/www.europesays.com\/no\/132334\/"},"modified":"2026-01-08T18:23:17","modified_gmt":"2026-01-08T18:23:17","slug":"svensson-klar-for-rosenborg-rosenborg","status":"publish","type":"post","link":"https:\/\/www.europesays.com\/no\/132334\/","title":{"rendered":"Svensson klar for Rosenborg \/ Rosenborg"},"content":{"rendered":"<p>Svensson kommer til Rosenborg etter \u00e5 ha spilt i den tyrkiske storklubben Besiktas de siste sesongene. Torsdag skrev han under p\u00e5 en kontrakt som binder ham til Rosenborg de neste to \u00e5rene.<\/p>\n<p>\u2013 Det er en stor dag. Jeg er veldig glad og stolt. Jeg har gledet meg til den dagen her lenge, s\u00e5 at det gikk i orden er jeg veldig ydmyk og takknemlig for. Jeg kjenner det tenner en skikkelig gnist i meg n\u00e5r jeg f\u00e5r p\u00e5 meg Rosenborg-drakten og kan se ned p\u00e5 Rosenborg-logoen, sier Svensson.<\/p>\n<p>\u2013 Jeg har dr\u00f8mt om \u00e5 returnere, egentlig helt siden jeg dro ut. Jeg er veldig glad i Rosenborg og klubben er en stor del av meg. Rosenborg har gitt meg s\u00e5 mange fine minner, s\u00e5 jeg f\u00f8ler jeg skylder klubben mye. Det \u00e5 spille for Rosenborg er mer enn en jobb. I utlandet er det litt mer som en jobb, men her er noe eget. Det blir det mer som en livsstil. Jeg gleder meg veldig til \u00e5 komme i gang, sier Svensson.<\/p>\n<p>Se hele intervjuet med Jonas Svensson p\u00e5 Rosenborgs YouTube-kanal eller i videovinduet under:<\/p>\n<p>Spilte sist i cupfinale<\/p>\n<p>Jonas Svensson gikk gradene gjennom SalMar akademiet og debuterte for Rosenborg i 2010. Verdalingen slo ordentlig gjennom som 18-\u00e5ring da han spilte seg fast inn p\u00e5 A-laget i 2011-sesongen, der han ogs\u00e5 ble k\u00e5ret til \u00e5rets spiller i klubben. Siden var han et fast inventar p\u00e5 laget de kommende sesongene, som kulminerte med serie- og cupgull i b\u00e5de 2015 og 2016.<\/p>\n<p>Svensson spilte sin 231. og forel\u00f8pig siste Rosenborg-kamp i cupfinalen mot Kongsvinger i november 2016, f\u00f8r han ble solgt til nederlandske AZ Alkmaar i vintervinduet 2017. Siden har det blitt spill i nederlandsk og tyrkisk fotball, der han var innom b\u00e5de Adama Demirspor og sist i toppklubben Besiktas.<\/p>\n<p>\u2013 Jeg har fulgt Rosenborg s\u00e5 tett som mulig de siste ni \u00e5rene og sett de kampene som jeg har f\u00e5tt til \u00e5 se. S\u00e5 har det v\u00e6rt vanskelig sportslig og en del utenomsportslig ogs\u00e5, men jeg er motivert for \u00e5 v\u00e6re med p\u00e5 \u00e5 snu skuta her. Rosenborg betyr mye for mange og har supportere over hele landet. Det er den st\u00f8rste klubben i Norge, men dessverre ikke best lenger. Jeg tenker at det er fullt mulig \u00e5 snu og er veldig innstilt p\u00e5 \u00e5 bidra til det, sier Svensson.<\/p>\n","protected":false},"excerpt":{"rendered":"Svensson kommer til Rosenborg etter \u00e5 ha spilt i den tyrkiske storklubben Besiktas de siste sesongene. Torsdag skrev&hellip;\n","protected":false},"author":2,"featured_media":132335,"comment_status":"","ping_status":"","sticky":false,"template":"","format":"standard","meta":{"footnotes":""},"categories":[5],"tags":[20,21,24,25,15,19,22,23,17,18,13,30,28,29,14,16,26,27],"class_list":{"0":"post-132334","1":"post","2":"type-post","3":"status-publish","4":"format-standard","5":"has-post-thumbnail","7":"category-overskrifter","8":"tag-breaking-news","9":"tag-breakingnews","10":"tag-featured-news","11":"tag-featurednews","12":"tag-headlines","13":"tag-hovedoppslag","14":"tag-latest-news","15":"tag-latestnews","16":"tag-main-news","17":"tag-mainnews","18":"tag-news","19":"tag-no","20":"tag-norge","21":"tag-norway","22":"tag-nyheter","23":"tag-overskrifter","24":"tag-top-stories","25":"tag-topstories"},"share_on_mastodon":{"url":"https:\/\/pubeurope.com\/@no\/115860878400210999","error":""},"_links":{"self":[{"href":"https:\/\/www.europesays.com\/no\/wp-json\/wp\/v2\/posts\/132334","targetHints":{"allow":["GET"]}}],"collection":[{"href":"https:\/\/www.europesays.com\/no\/wp-json\/wp\/v2\/posts"}],"about":[{"href":"https:\/\/www.europesays.com\/no\/wp-json\/wp\/v2\/types\/post"}],"author":[{"embeddable":true,"href":"https:\/\/www.europesays.com\/no\/wp-json\/wp\/v2\/users\/2"}],"replies":[{"embeddable":true,"href":"https:\/\/www.europesays.com\/no\/wp-json\/wp\/v2\/comments?post=132334"}],"version-history":[{"count":0,"href":"https:\/\/www.europesays.com\/no\/wp-json\/wp\/v2\/posts\/132334\/revisions"}],"wp:featuredmedia":[{"embeddable":true,"href":"https:\/\/www.europesays.com\/no\/wp-json\/wp\/v2\/media\/132335"}],"wp:attachment":[{"href":"https:\/\/www.europesays.com\/no\/wp-json\/wp\/v2\/media?parent=132334"}],"wp:term":[{"taxonomy":"category","embeddable":true,"href":"https:\/\/www.europesays.com\/no\/wp-json\/wp\/v2\/categories?post=132334"},{"taxonomy":"post_tag","embeddable":true,"href":"https:\/\/www.europesays.com\/no\/wp-json\/wp\/v2\/tags?post=132334"}],"curies":[{"name":"wp","href":"https:\/\/api.w.org\/{rel}","templated":true}]}}