{"id":132336,"date":"2026-01-08T18:24:07","date_gmt":"2026-01-08T18:24:07","guid":{"rendered":"https:\/\/www.europesays.com\/no\/132336\/"},"modified":"2026-01-08T18:24:07","modified_gmt":"2026-01-08T18:24:07","slug":"valerenga-hentet-danske-fra-engelsk-fotball","status":"publish","type":"post","link":"https:\/\/www.europesays.com\/no\/132336\/","title":{"rendered":"V\u00e5lerenga hentet danske fra engelsk fotball"},"content":{"rendered":"\n<p class=\"_lead_o9xde_2 _lead_xtcu6_50 layout-component text-serif-m layout-normal text-serif-l layout-component layout-wide layout-padded _wide_17hqh_1 layout-padded\">Magnus Westergaard (27) er ny i V\u00e5lerenga-troppen. Han kommer fra engelske Wycombe.<\/p>\n<p><img alt=\"V\u00e5lerenga-trener Geir Bakke forsterker laget.&#10;Foto: Thomas Fure \/ NTB\" class=\"_image_qp4xg_65 layout-component layout-wide\" data-fullscreen- data-track-element-type=\"Article image fullscreen\" data-track-name=\"ImageFullscreen\" fetchpriority=\"high\" decoding=\"sync\" loading=\"eager\" height=\"3570\" itemprop=\"image\"  src=\"https:\/\/www.europesays.com\/no\/wp-content\/uploads\/2026\/01\/2f320c5b-34a0-48ad-95de-d314fbed7c6c.jpeg\"  style=\"object-position:0% 0%\" width=\"5355\"\/>V\u00e5lerenga-trener Geir Bakke forsterker laget.<br \/>\nFoto: Thomas Fure \/ NTB<\/p>\n<ul aria-hidden=\"true\" class=\"_images_ntbth_112\">\n<li><a class=\"_link_ntbth_117\" href=\"https:\/\/www.vg.no\/forfatter\/ntb\" style=\"z-index:1\" title=\"NTB\" rel=\"nofollow noopener\" target=\"_blank\"><img alt=\"Bilde av NTB\" class=\"_image_ntbth_93\" fetchpriority=\"low\" loading=\"lazy\" decoding=\"async\" itemprop=\"image\"  src=\"https:\/\/www.europesays.com\/no\/wp-content\/uploads\/2026\/01\/1767896647_636_c33980b0-5d07-4027-84a1-813f90a7c8d6.png\"  width=\"480\"\/><\/a><\/li>\n<\/ul>\n<p> Oppdatert torsdag 8. januar kl. 18:15     <\/p>\n<p class=\"_paragraph_o9xde_4 _paragraph_xtcu6_10 layout-component text-serif-m layout-normal text-serif-m layout-padded\"> Midtbanespilleren har signert en kontrakt ut 2029, <a href=\"https:\/\/www.vif-fotball.no\/nyheter\/magnus-westergaard-er-kongebla\" class=\"_link_o9xde_39\" rel=\"nofollow noopener\" target=\"_blank\">opplyser V\u00e5lerenga.<\/a><\/p>\n<p class=\"_paragraph_o9xde_4 _paragraph_xtcu6_10 layout-component text-serif-m layout-normal text-serif-m layout-padded\">Westergaard ble hentet til Wycombe for ett \u00e5r siden og flytter n\u00e5 p\u00e5 seg igjen.<\/p>\n<p class=\"_paragraph_o9xde_4 _paragraph_xtcu6_10 layout-component text-serif-m layout-normal text-serif-m layout-padded\">\u2013 Det f\u00f8les utrolig godt \u00e5 v\u00e6re her. Jeg har snakket med flere av spillerne i forkant og har h\u00f8rt utrolig mye bra om klubben. Jeg gleder meg bare til \u00e5 komme i gang, sier han.<\/p>\n<p class=\"_paragraph_o9xde_4 _paragraph_xtcu6_10 layout-component text-serif-m layout-normal text-serif-m layout-padded\">Westergaard startet karrieren i Lyngby og fikk senere et navn i Viborg. Det f\u00f8rte til en overgang utenlands.<\/p>\n","protected":false},"excerpt":{"rendered":"Magnus Westergaard (27) er ny i V\u00e5lerenga-troppen. Han kommer fra engelske Wycombe. V\u00e5lerenga-trener Geir Bakke forsterker laget. Foto:&hellip;\n","protected":false},"author":2,"featured_media":132337,"comment_status":"","ping_status":"","sticky":false,"template":"","format":"standard","meta":{"footnotes":""},"categories":[59],"tags":[134,30,28,29,83,82,2215],"class_list":{"0":"post-132336","1":"post","2":"type-post","3":"status-publish","4":"format-standard","5":"has-post-thumbnail","7":"category-sport","8":"tag-eliteserien","9":"tag-no","10":"tag-norge","11":"tag-norway","12":"tag-sport","13":"tag-sports","14":"tag-valerenga-fotball"},"share_on_mastodon":{"url":"https:\/\/pubeurope.com\/@no\/115860882218954341","error":""},"_links":{"self":[{"href":"https:\/\/www.europesays.com\/no\/wp-json\/wp\/v2\/posts\/132336","targetHints":{"allow":["GET"]}}],"collection":[{"href":"https:\/\/www.europesays.com\/no\/wp-json\/wp\/v2\/posts"}],"about":[{"href":"https:\/\/www.europesays.com\/no\/wp-json\/wp\/v2\/types\/post"}],"author":[{"embeddable":true,"href":"https:\/\/www.europesays.com\/no\/wp-json\/wp\/v2\/users\/2"}],"replies":[{"embeddable":true,"href":"https:\/\/www.europesays.com\/no\/wp-json\/wp\/v2\/comments?post=132336"}],"version-history":[{"count":0,"href":"https:\/\/www.europesays.com\/no\/wp-json\/wp\/v2\/posts\/132336\/revisions"}],"wp:featuredmedia":[{"embeddable":true,"href":"https:\/\/www.europesays.com\/no\/wp-json\/wp\/v2\/media\/132337"}],"wp:attachment":[{"href":"https:\/\/www.europesays.com\/no\/wp-json\/wp\/v2\/media?parent=132336"}],"wp:term":[{"taxonomy":"category","embeddable":true,"href":"https:\/\/www.europesays.com\/no\/wp-json\/wp\/v2\/categories?post=132336"},{"taxonomy":"post_tag","embeddable":true,"href":"https:\/\/www.europesays.com\/no\/wp-json\/wp\/v2\/tags?post=132336"}],"curies":[{"name":"wp","href":"https:\/\/api.w.org\/{rel}","templated":true}]}}