{"id":132339,"date":"2026-01-08T18:29:16","date_gmt":"2026-01-08T18:29:16","guid":{"rendered":"https:\/\/www.europesays.com\/no\/132339\/"},"modified":"2026-01-08T18:29:16","modified_gmt":"2026-01-08T18:29:16","slug":"greys-anatomy-stjerne-steven-w-bailey-avslorer-sjelden-diagnose-2","status":"publish","type":"post","link":"https:\/\/www.europesays.com\/no\/132339\/","title":{"rendered":"Grey&#8217;s Anatomy-stjerne Steven W. Bailey avsl\u00f8rer sjelden diagnose"},"content":{"rendered":"<p class=\"kicker \" style=\"\">Steven W. Bailey:<\/p>\n<p>    Skuespilleren forteller om sykdommens vonde konsekvenser.<\/p>\n<p>\n    SYK: Steven W. Bailey spilte bartender Joe i syv sesonger. N\u00e5 r\u00f8per han en sjelden sykdom. Foto: Michael Desmond\/Disney General Entertainment Content via Getty Images\n  <\/p>\n<p>Tilbake i 2007 var det premiere p\u00e5 sykehusserien \u00abGrey&#8217;s Anatomy\u00bb, og det tok ikke lang tid f\u00f8r suksessen var et faktum. Seertallene var gode, historiene gripende &#8211; og n\u00e5, 22 sesonger senere, lever programmet i beste velg\u00e5ende.<\/p>\n<p>Flere skuespillere har v\u00e6rt innom serien, blant andre Steven W. Bailey (54). De f\u00f8rste syv sesongene hadde han den tilbakevendende rollen som bartenderen Joe, og serverte hovedkarakterene drinker etter at de var ferdige p\u00e5 sykehuset.<\/p>\n<p>    <a itemprop=\"url\" href=\"https:\/\/www.seher.no\/kjendis\/deler-nye-bilder-av-sonnen\/84060269\" rel=\"nofollow noopener\" target=\"_blank\"><\/p>\n<p>        <img loading=\"lazy\" decoding=\"async\" src=\"https:\/\/www.europesays.com\/no\/wp-content\/uploads\/2026\/01\/84060573.webp.webp\" width=\"147\" height=\"98\" title=\"Deler nye bilder av s\u00f8nnen\" alt=\"\" class=\"lazyload\" style=\"--aspect-ratio-image: 1.50; \"\/><\/p>\n<p>        Deler nye bilder av s\u00f8nnen<\/p>\n<p>    <\/a><\/p>\n<p>Bailey er ogs\u00e5 kjent fra andre serier som \u00abBuffy the Vampire Slayer\u00bb, \u00abYou\u00bb og \u00abNCIS\u00bb.<\/p>\n<p>N\u00e5 deler stjernen en nedsl\u00e5ende beskjed med fansen p\u00e5 X, i et \u00e5pent brev. Han avsl\u00f8rer at han har en sv\u00e6rt sjelden diagnose.<\/p>\n<blockquote class=\"twitter-tweet\">\n<p lang=\"en\" dir=\"ltr\">You may know me from Grey\u2019s Anatomy as Joe the bartender \u2014 or from appearances on Modern Family, You, Chicago Fire, or some other appearance.<\/p>\n<p>I would like to share something important with you about my life and my career.<\/p>\n<p>\ud83e\uddf5\ud83d\udc47<\/p>\n<p>\u2014 Steven W. Bailey (@theStevenBailey) <a href=\"https:\/\/twitter.com\/theStevenBailey\/status\/2007281368070533123?ref_src=twsrc%5Etfw\" rel=\"nofollow noopener\" target=\"_blank\">January 3, 2026<\/a><\/p><\/blockquote>\n<p>\u00abDet heter kongenitalt myastent syndrom, og m\u00e5 ikke forveksles med den mer vanlige autoimmune sykdommen myasthenia gravis, som du sikkert har h\u00f8rt om\u00bb, skriver han.<\/p>\n<p>Videre forklarer skuespilleren at han av hensyn til karrieren, usikkerheter rundt diagnosen, og for \u00e5 verne om eget privatliv, har skjult sykdommen de siste fem \u00e5rene.<\/p>\n<p>        KREVENDE INNSPILLING: David Eriksen \u00e5pner seg om hvordan det var \u00e5 spille inn \u00abAlle elsker David\u00bb samtidig som Tone Damlis s\u00f8ster gikk bort. Reporter: Nora Skavhaug. Video: Sanne Holt\/ R\u00f8d L\u00f8per\/ TV 2<\/p>\n<p>\u00abN\u00e5 er det slutt p\u00e5 det\u00bb, skriver han.<\/p>\n<p>Han forklarer at sykdommen er genetisk, og at den forstyrrer kommunikasjonen mellom hjernen og musklene &#8211; at musklene rett og slett ikke f\u00e5r helt med seg hjernens ordre om \u00e5 gj\u00f8re ting.<\/p>\n<p>    Kongenitalt myastent syndrom<\/p>\n<ul>\n<li>\n<p>Kongenitalt myastent syndrom (CMS) er en medf\u00f8dt, arvelig nevromuskul\u00e6r sykdom.<\/p>\n<\/li>\n<li>\n<p>Sykdommen viser seg typisk ved f\u00f8dsel eller i de f\u00f8rste levem\u00e5nedene.<\/p>\n<\/li>\n<li>\n<p>Symptomer varierer, men inkluderer muskelsvinn, slapphet og forsinket motorisk utvikling.<\/p>\n<\/li>\n<li>\n<p>Enkelte kan ogs\u00e5 ha stivhet i leddene.<\/p>\n<\/li>\n<\/ul>\n<p>Kilde: <a href=\"https:\/\/sjelden.no\/diagnose\/590\/?utm_source=chatgpt.com\" target=\"_new\" rel=\"nofollow noopener\">Sjelden.no<\/a><\/p>\n<p>      Vis mer<br \/>\n      Vis mindre<\/p>\n<p>Dette gj\u00f8r at han blir fortere sliten i armer og ben, og at gjentakende bevegelser kan f\u00f8re til midlertidig stivhet som igjen lammer ham.<\/p>\n<p>\u00abDette gj\u00f8r at jeg slipper \u00e5 gj\u00f8re husholdningsoppgaver som oppvask og klesvask, men det finnes ogs\u00e5 negative sider ved dette. Som for eksempel det \u00e5 g\u00e5. Jeg er heldig nok til at jeg fremdeles klarer \u00e5 g\u00e5 tur med hunden min rundt huset, stikke p\u00e5 butikken for noen f\u00e5 ting, til fots. Men sannheten er at etterhvert som sykdommen skrider frem har jeg brukt elektrisk rullestol oftere og oftere for \u00e5 bevege meg rundt\u00bb.<\/p>\n<p>    <a itemprop=\"url\" href=\"https:\/\/www.seher.no\/kjendis\/ikke-snakket-pa-15-ar\/84059586\" rel=\"nofollow noopener\" target=\"_blank\"><\/p>\n<p>        <img loading=\"lazy\" decoding=\"async\" src=\"https:\/\/www.europesays.com\/no\/wp-content\/uploads\/2026\/01\/1767896956_400_84060488.webp.webp\" width=\"147\" height=\"102\" title=\"- Ikke snakket p\u00e5 15 \u00e5r\" alt=\"\" class=\"lazyload\" style=\"--aspect-ratio-image: 1.44; \"\/><\/p>\n<p>        &#8211; Ikke snakket p\u00e5 15 \u00e5r<\/p>\n<p>    <\/a><\/p>\n<p>Bailey sier at han er en \u00abvandrende rullestolbruker\u00bb &#8211; at han han g\u00e5 litt, sitte, bruke rullestolen og s\u00e5 gjenta sirkelen. Men han later til \u00e5 ha forsonet seg med at rullestolen blir en f\u00f8lgesvenn han m\u00e5 benytte seg mer av.<\/p>\n<p>\u00abRent praktisk fremover s\u00e5 er det p\u00e5 tide at arbeidet mitt, som livet mitt, innretter seg mer etter rullestolen. N\u00e5 er jeg her, ferdig med \u00e5 gjemme meg, med en tydelig forst\u00e5else av diagnosen min og jeg er klar for neste kapittel av b\u00e5de karrieren og livet mitt\u00bb.<\/p>\n<p>        Under middagen i \u00abMesternes mester\u00bb blir det en emosjonell samtale for skihopper Daniel-Andr\u00e9 Tande n\u00e5r han forteller om lillebrorens selvmord.<\/p>\n<p>Han avslutter med \u00e5 skrive at han h\u00e5per det finnes en plass til han i bransjen han elsker s\u00e5 mye, og at han ser frem til \u00e5 skape karakterer som lever sine liv i rullestol. P\u00e5 den m\u00e5ten h\u00e5per han \u00e5 skape mangfold og representasjon i film- og TV-bransjen.<\/p>\n<p>\u00abSamme mann. Samme skuespiller. Samme artist. N\u00e5 p\u00e5 hjul\u00bb, avslutter han.<\/p>\n<p><script async src=\"https:\/\/platform.twitter.com\/widgets.js\" charset=\"utf-8\"><\/script><\/p>\n","protected":false},"excerpt":{"rendered":"Steven W. Bailey: Skuespilleren forteller om sykdommens vonde konsekvenser. SYK: Steven W. Bailey spilte bartender Joe i syv&hellip;\n","protected":false},"author":2,"featured_media":132340,"comment_status":"","ping_status":"","sticky":false,"template":"","format":"standard","meta":{"footnotes":""},"categories":[12],"tags":[20,21,24,25,5712,15,479,2543,22,23,13,30,28,29,14,16,10597,15259,1185,26,27,42,43,44,45],"class_list":{"0":"post-132339","1":"post","2":"type-post","3":"status-publish","4":"format-standard","5":"has-post-thumbnail","7":"category-verden","8":"tag-breaking-news","9":"tag-breakingnews","10":"tag-featured-news","11":"tag-featurednews","12":"tag-greys-anatomy","13":"tag-headlines","14":"tag-kjendis","15":"tag-kjendisdesken","16":"tag-latest-news","17":"tag-latestnews","18":"tag-news","19":"tag-no","20":"tag-norge","21":"tag-norway","22":"tag-nyheter","23":"tag-overskrifter","24":"tag-rullestol","25":"tag-steven-w-bailey","26":"tag-sykdom","27":"tag-top-stories","28":"tag-topstories","29":"tag-verden","30":"tag-world","31":"tag-world-news","32":"tag-worldnews"},"share_on_mastodon":{"url":"https:\/\/pubeurope.com\/@no\/115860901992110615","error":""},"_links":{"self":[{"href":"https:\/\/www.europesays.com\/no\/wp-json\/wp\/v2\/posts\/132339","targetHints":{"allow":["GET"]}}],"collection":[{"href":"https:\/\/www.europesays.com\/no\/wp-json\/wp\/v2\/posts"}],"about":[{"href":"https:\/\/www.europesays.com\/no\/wp-json\/wp\/v2\/types\/post"}],"author":[{"embeddable":true,"href":"https:\/\/www.europesays.com\/no\/wp-json\/wp\/v2\/users\/2"}],"replies":[{"embeddable":true,"href":"https:\/\/www.europesays.com\/no\/wp-json\/wp\/v2\/comments?post=132339"}],"version-history":[{"count":0,"href":"https:\/\/www.europesays.com\/no\/wp-json\/wp\/v2\/posts\/132339\/revisions"}],"wp:featuredmedia":[{"embeddable":true,"href":"https:\/\/www.europesays.com\/no\/wp-json\/wp\/v2\/media\/132340"}],"wp:attachment":[{"href":"https:\/\/www.europesays.com\/no\/wp-json\/wp\/v2\/media?parent=132339"}],"wp:term":[{"taxonomy":"category","embeddable":true,"href":"https:\/\/www.europesays.com\/no\/wp-json\/wp\/v2\/categories?post=132339"},{"taxonomy":"post_tag","embeddable":true,"href":"https:\/\/www.europesays.com\/no\/wp-json\/wp\/v2\/tags?post=132339"}],"curies":[{"name":"wp","href":"https:\/\/api.w.org\/{rel}","templated":true}]}}