{"id":13234,"date":"2025-08-20T13:59:39","date_gmt":"2025-08-20T13:59:39","guid":{"rendered":"https:\/\/www.europesays.com\/no\/13234\/"},"modified":"2025-08-20T13:59:39","modified_gmt":"2025-08-20T13:59:39","slug":"posten-forbruker-trump-smell-for-norske-kunder","status":"publish","type":"post","link":"https:\/\/www.europesays.com\/no\/13234\/","title":{"rendered":"Posten, Forbruker | Trump-smell for norske kunder"},"content":{"rendered":"\n<p><b>(Nettavisen) <\/b>Posten suspenderer postsendinger til USA. <\/p>\n<p>Det begrunner transportgiganten med at Trump-administrasjonen fjernet toll- og avgiftsfritaket for sendinger med verdi under 800 amerikanske dollar 30. juli. <\/p>\n<p>Fra og med 29. august vil toll og avgifter bli lagt til.<\/p>\n<p>\u00abSom en konsekvens av dette blir det ikke mulig \u00e5 sende denne type sendinger til USA, eller Puerto Rico som er amerikansk territorium, fra l\u00f8rdag 23. august\u00bb skriver Posten. <\/p>\n<p>Kunder m\u00e5 nemlig n\u00e5 betale tollavgiftene f\u00f8r sendingen. Posten mener detaljene rundt dette ikke er tydeliggjort og at det ikke er utviklet systeml\u00f8sninger postselskapene i Europa kan benytte seg av. <\/p>\n<p><b>I 2024 ble det sendt 130.000 postsendinger i denne kategorien til USA, opplyser Posten til Nettavisen.<\/b><\/p>\n<p>\u2013 Veldig mye uklarheter<\/p>\n<p>Pressesjef Kenneth Tj\u00f8nndal Pettersen forteller Nettavisen at dette er en krevende og lei situasjon. <\/p>\n<p>Posten satt i m\u00f8ter med andre europeiske postselskaper til sent i g\u00e5r kveld. Pettersen understreker at de samarbeider for \u00e5 f\u00e5 klarhet i situasjonen. <\/p>\n<p><b>\u2013 Vi st\u00e5r ikke alene. Det samme gjelder andre postselskaper som skal sende til USA, sier han til Nettavisen. <\/b><\/p>\n<p>Posten er klar p\u00e5 at det m\u00e5 utvikles en ny l\u00f8sning for sendinger og registrering av pakker. <\/p>\n<p><b>\u2013 Jeg opplever at amerikanske myndigheter trenger \u00e5 gj\u00f8re sine egne avklaringer p\u00e5 dette omr\u00e5det. Det er veldig mange uklarheter. Derfor er vi n\u00f8dt til \u00e5 ta dette skrittet og stoppe sendingene. De ville ikke ha kommet inn i USA med endringene som er innf\u00f8rt, sier Pettersen.<\/b><\/p>\n<p>\u2013 Kan g\u00e5 fort eller dras ut<\/p>\n<p>Posten t\u00f8r ikke spekulere p\u00e5 hvor lang tid det vil ta \u00e5 l\u00f8se situasjonen. <\/p>\n<p><b>\u2013 Mye m\u00e5 p\u00e5 plass. Her m\u00e5 det jobbes p\u00e5 h\u00f8ygir. <\/b><\/p>\n<p>\u2013 Dette kan g\u00e5 fort eller dette kan dras ut i tid. <\/p>\n<p>\u2013 Har dere opplevd lignende situasjoner tidligere?<\/p>\n<p>\u2013 Ingen helt lik som denne. Det har skjedd tidligere at vi m\u00e5 stoppe sendinger p\u00e5 grunn av krig eller naturkatastrofer, men jeg kan ikke huske at vi har st\u00e5tt i en situasjon som denne tidligere.<\/p>\n<p>      Unntak<\/p>\n<p>Sendinger med en verdi p\u00e5 over 800 dollar fortolles og kan sendes som vanlig. <\/p>\n<p>Gaver mellom privatpersoner, som har en verdi p\u00e5 under 100 dollar, har fortsatt unntak. Det gjelder ogs\u00e5 ordin\u00e6re postsendinger med dokumenter. <\/p>\n","protected":false},"excerpt":{"rendered":"(Nettavisen) Posten suspenderer postsendinger til USA. Det begrunner transportgiganten med at Trump-administrasjonen fjernet toll- og avgiftsfritaket for sendinger&hellip;\n","protected":false},"author":2,"featured_media":13235,"comment_status":"","ping_status":"","sticky":false,"template":"","format":"standard","meta":{"footnotes":""},"categories":[12],"tags":[36,20,21,55,24,25,823,15,22,23,13,30,28,29,14,16,2498,1510,26,27,42,43,44,45],"class_list":{"0":"post-13234","1":"post","2":"type-post","3":"status-publish","4":"format-standard","5":"has-post-thumbnail","7":"category-verden","8":"tag-art","9":"tag-breaking-news","10":"tag-breakingnews","11":"tag-donald-trump","12":"tag-featured-news","13":"tag-featurednews","14":"tag-forbruker","15":"tag-headlines","16":"tag-latest-news","17":"tag-latestnews","18":"tag-news","19":"tag-no","20":"tag-norge","21":"tag-norway","22":"tag-nyheter","23":"tag-overskrifter","24":"tag-posten","25":"tag-story","26":"tag-top-stories","27":"tag-topstories","28":"tag-verden","29":"tag-world","30":"tag-world-news","31":"tag-worldnews"},"share_on_mastodon":{"url":"","error":""},"_links":{"self":[{"href":"https:\/\/www.europesays.com\/no\/wp-json\/wp\/v2\/posts\/13234","targetHints":{"allow":["GET"]}}],"collection":[{"href":"https:\/\/www.europesays.com\/no\/wp-json\/wp\/v2\/posts"}],"about":[{"href":"https:\/\/www.europesays.com\/no\/wp-json\/wp\/v2\/types\/post"}],"author":[{"embeddable":true,"href":"https:\/\/www.europesays.com\/no\/wp-json\/wp\/v2\/users\/2"}],"replies":[{"embeddable":true,"href":"https:\/\/www.europesays.com\/no\/wp-json\/wp\/v2\/comments?post=13234"}],"version-history":[{"count":0,"href":"https:\/\/www.europesays.com\/no\/wp-json\/wp\/v2\/posts\/13234\/revisions"}],"wp:featuredmedia":[{"embeddable":true,"href":"https:\/\/www.europesays.com\/no\/wp-json\/wp\/v2\/media\/13235"}],"wp:attachment":[{"href":"https:\/\/www.europesays.com\/no\/wp-json\/wp\/v2\/media?parent=13234"}],"wp:term":[{"taxonomy":"category","embeddable":true,"href":"https:\/\/www.europesays.com\/no\/wp-json\/wp\/v2\/categories?post=13234"},{"taxonomy":"post_tag","embeddable":true,"href":"https:\/\/www.europesays.com\/no\/wp-json\/wp\/v2\/tags?post=13234"}],"curies":[{"name":"wp","href":"https:\/\/api.w.org\/{rel}","templated":true}]}}