{"id":132346,"date":"2026-01-08T18:38:38","date_gmt":"2026-01-08T18:38:38","guid":{"rendered":"https:\/\/www.europesays.com\/no\/132346\/"},"modified":"2026-01-08T18:38:38","modified_gmt":"2026-01-08T18:38:38","slug":"norse-atlantic-med-26-prosent-passasjervekst-i-2025","status":"publish","type":"post","link":"https:\/\/www.europesays.com\/no\/132346\/","title":{"rendered":"Norse Atlantic med 26 prosent passasjervekst i 2025"},"content":{"rendered":"<p data-testid=\"textWithMarkup-text\" data-v-81d7dc2b=\"\" data-v-62d58f52=\"\">I sin oppsummering av fjor\u00e5ret skriver Norse at de fylte 96 prosent av de tilgjengelige flysetene, som er en \u00f8kning p\u00e5 12 prosentpoeng fra \u00e5ret f\u00f8r.<\/p>\n<p data-testid=\"textWithMarkup-text\" data-v-81d7dc2b=\"\" data-v-62d58f52=\"\">Bare 52 prosent av selskapets avganger tok av innenfor 15 minutter av oppsatt avgangstid. I en pressemelding forklarer Norse at det blant annet skyldtes forsinkelser i avviklingen av flytrafikken, samt k\u00f8 p\u00e5 flyplasser og v\u00e6rproblemer.<\/p>\n<p data-testid=\"textWithMarkup-text\" data-v-81d7dc2b=\"\" data-v-62d58f52=\"\">I desember alene fl\u00f8y selskapet over 151.000 passasjerer, en \u00f8kning p\u00e5 22 prosent fra samme m\u00e5ned i 2024. De solgte 98 prosent av flysetene sine.<\/p>\n<p data-testid=\"textWithMarkup-text\" data-v-81d7dc2b=\"\" data-v-62d58f52=\"\">\u2013 Vi avslutter 2025 med sterk passasjervekst, \u00f8kt produksjon og fulle fly, sier konsernsjef Eivind Roald i Norse.<\/p>\n","protected":false},"excerpt":{"rendered":"I sin oppsummering av fjor\u00e5ret skriver Norse at de fylte 96 prosent av de tilgjengelige flysetene, som er&hellip;\n","protected":false},"author":2,"featured_media":132347,"comment_status":"","ping_status":"","sticky":false,"template":"","format":"standard","meta":{"footnotes":""},"categories":[56],"tags":[60,61,62,30,28,29],"class_list":{"0":"post-132346","1":"post","2":"type-post","3":"status-publish","4":"format-standard","5":"has-post-thumbnail","7":"category-naeringsliv","8":"tag-business","9":"tag-economy","10":"tag-naeringsliv","11":"tag-no","12":"tag-norge","13":"tag-norway"},"share_on_mastodon":{"url":"https:\/\/pubeurope.com\/@no\/115860937360637638","error":""},"_links":{"self":[{"href":"https:\/\/www.europesays.com\/no\/wp-json\/wp\/v2\/posts\/132346","targetHints":{"allow":["GET"]}}],"collection":[{"href":"https:\/\/www.europesays.com\/no\/wp-json\/wp\/v2\/posts"}],"about":[{"href":"https:\/\/www.europesays.com\/no\/wp-json\/wp\/v2\/types\/post"}],"author":[{"embeddable":true,"href":"https:\/\/www.europesays.com\/no\/wp-json\/wp\/v2\/users\/2"}],"replies":[{"embeddable":true,"href":"https:\/\/www.europesays.com\/no\/wp-json\/wp\/v2\/comments?post=132346"}],"version-history":[{"count":0,"href":"https:\/\/www.europesays.com\/no\/wp-json\/wp\/v2\/posts\/132346\/revisions"}],"wp:featuredmedia":[{"embeddable":true,"href":"https:\/\/www.europesays.com\/no\/wp-json\/wp\/v2\/media\/132347"}],"wp:attachment":[{"href":"https:\/\/www.europesays.com\/no\/wp-json\/wp\/v2\/media?parent=132346"}],"wp:term":[{"taxonomy":"category","embeddable":true,"href":"https:\/\/www.europesays.com\/no\/wp-json\/wp\/v2\/categories?post=132346"},{"taxonomy":"post_tag","embeddable":true,"href":"https:\/\/www.europesays.com\/no\/wp-json\/wp\/v2\/tags?post=132346"}],"curies":[{"name":"wp","href":"https:\/\/api.w.org\/{rel}","templated":true}]}}