{"id":132348,"date":"2026-01-08T18:39:08","date_gmt":"2026-01-08T18:39:08","guid":{"rendered":"https:\/\/www.europesays.com\/no\/132348\/"},"modified":"2026-01-08T18:39:08","modified_gmt":"2026-01-08T18:39:08","slug":"protester-iran-internett-nede-i-iran-etter-nye-sammenstot","status":"publish","type":"post","link":"https:\/\/www.europesays.com\/no\/132348\/","title":{"rendered":"Protester, Iran | Internett nede i Iran etter nye sammenst\u00f8t"},"content":{"rendered":"\n<p>If\u00f8lge menneskerettighetsorganet Iran Human Rights (IHR) \u00e5pnet sikkerhetsstyrkene ild, brukte t\u00e5regass og angrep sivile i byen Kerman s\u00f8r\u00f8st i Iran.<\/p>\n<p>Minst 45 demonstranter er if\u00f8lge IHR drept av sikkerhetsstyrker siden protestene startet, blant dem flere mindre\u00e5rige.<\/p>\n<p>Internettet nede: \u2013 Det er da folk blir drept<\/p>\n<p>Samtidig melder NetBlocks at internett er nede i hele Iran under de p\u00e5g\u00e5ende demonstrasjonene.<\/p>\n<p>Ogs\u00e5 tilbake i 2017 og 2018 <a href=\"https:\/\/www.ohchr.org\/en\/press-releases\/2019\/11\/iran-experts-raise-alarm-arrests-and-reported-killings-internet-shutdown?LangID=E&amp;NewsID=25338\" rel=\"Follow nofollow noopener\" target=\"_blank\">forsvant internett under store demonstrasjoner<\/a> i landet.<\/p>\n<p>\u2013 En landsdekkende nettverksnedstengning av denne typen har helt klart et politisk form\u00e5l: \u00e5 undertrykke iraneres rett til tilgang til informasjon og kommunikasjon i en tid med \u00f8kende protest, skrev <a href=\"https:\/\/www.ohchr.org\/en\/press-releases\/2019\/11\/iran-experts-raise-alarm-arrests-and-reported-killings-internet-shutdown?LangID=E&amp;NewsID=25338\" rel=\"Follow nofollow noopener\" target=\"_blank\">FN i en uttalelse den gang<\/a>.<\/p>\n<p>If\u00f8lge eksil-iraner Shaghayegh Norouzi er det under internett-blackouts at iranere blir utsatt for vold.<\/p>\n<p>\u2013 I 2017 til 2019 var internett borte i dagevis av gangen. Det var da demonstranter ble drept og arrestert, sa Norouzi til <a href=\"https:\/\/www.theguardian.com\/world\/2022\/sep\/22\/iran-blocks-capitals-internet-access-as-amini-protests-grow\" rel=\"Follow nofollow noopener\" target=\"_blank\">The Guardian<\/a> i 2022.<\/p>\n<p>\u2013 Demonstrantene bruker ogs\u00e5 internett til \u00e5 organisere seg. De kan ringe hverandre og si ifra n\u00e5r de er i fare eller advare hverandre, la hun til.<\/p>\n<p>Ogs\u00e5 under <a href=\"https:\/\/www.theguardian.com\/world\/2022\/sep\/22\/iran-blocks-capitals-internet-access-as-amini-protests-grow\" rel=\"Follow nofollow noopener\" target=\"_blank\">Amini-demonstrasjonene i 2022<\/a> forsvant internettet i landet.<\/p>\n<p>Iran-president ber vold unng\u00e5s<\/p>\n<p>Irans president Masoud Pezeshkian ba torsdag landets sikkerhetsstyrker om \u00e5 v\u00e6re \u00abytterst tilbakeholdne\u00bb i h\u00e5ndteringen av demonstranter.<\/p>\n<p>\u2013 All voldelig oppf\u00f8rsel b\u00f8r unng\u00e5s, sa han i en uttalelse p\u00e5 sin egen nettside, der han samtidig oppfordret til \u00abdialog, engasjement og til \u00e5 lytte til folkets krav\u00bb.<\/p>\n<p>Demonstrasjonene, som for lengst har spredt seg til stort sett hele landet, har tiltatt i omfang og heies fram av opposisjonen.<\/p>\n<p>Regimet skylder p\u00e5 sin side p\u00e5 \u00abbr\u00e5kmakere\u00bb. Onsdag ble en politimann knivstukket og drept, if\u00f8lge det statlige nyhetsbyr\u00e5et Fars skjedde dette under \u00abet fors\u00f8k p\u00e5 \u00e5 kontrollere uro\u00bb.<\/p>\n","protected":false},"excerpt":{"rendered":"If\u00f8lge menneskerettighetsorganet Iran Human Rights (IHR) \u00e5pnet sikkerhetsstyrkene ild, brukte t\u00e5regass og angrep sivile i byen Kerman s\u00f8r\u00f8st&hellip;\n","protected":false},"author":2,"featured_media":132349,"comment_status":"","ping_status":"","sticky":false,"template":"","format":"standard","meta":{"footnotes":""},"categories":[12],"tags":[20,21,24,25,15,22,23,13,30,28,29,14,16,26,27,42,43,44,45],"class_list":{"0":"post-132348","1":"post","2":"type-post","3":"status-publish","4":"format-standard","5":"has-post-thumbnail","7":"category-verden","8":"tag-breaking-news","9":"tag-breakingnews","10":"tag-featured-news","11":"tag-featurednews","12":"tag-headlines","13":"tag-latest-news","14":"tag-latestnews","15":"tag-news","16":"tag-no","17":"tag-norge","18":"tag-norway","19":"tag-nyheter","20":"tag-overskrifter","21":"tag-top-stories","22":"tag-topstories","23":"tag-verden","24":"tag-world","25":"tag-world-news","26":"tag-worldnews"},"share_on_mastodon":{"url":"https:\/\/pubeurope.com\/@no\/115860941308721438","error":""},"_links":{"self":[{"href":"https:\/\/www.europesays.com\/no\/wp-json\/wp\/v2\/posts\/132348","targetHints":{"allow":["GET"]}}],"collection":[{"href":"https:\/\/www.europesays.com\/no\/wp-json\/wp\/v2\/posts"}],"about":[{"href":"https:\/\/www.europesays.com\/no\/wp-json\/wp\/v2\/types\/post"}],"author":[{"embeddable":true,"href":"https:\/\/www.europesays.com\/no\/wp-json\/wp\/v2\/users\/2"}],"replies":[{"embeddable":true,"href":"https:\/\/www.europesays.com\/no\/wp-json\/wp\/v2\/comments?post=132348"}],"version-history":[{"count":0,"href":"https:\/\/www.europesays.com\/no\/wp-json\/wp\/v2\/posts\/132348\/revisions"}],"wp:featuredmedia":[{"embeddable":true,"href":"https:\/\/www.europesays.com\/no\/wp-json\/wp\/v2\/media\/132349"}],"wp:attachment":[{"href":"https:\/\/www.europesays.com\/no\/wp-json\/wp\/v2\/media?parent=132348"}],"wp:term":[{"taxonomy":"category","embeddable":true,"href":"https:\/\/www.europesays.com\/no\/wp-json\/wp\/v2\/categories?post=132348"},{"taxonomy":"post_tag","embeddable":true,"href":"https:\/\/www.europesays.com\/no\/wp-json\/wp\/v2\/tags?post=132348"}],"curies":[{"name":"wp","href":"https:\/\/api.w.org\/{rel}","templated":true}]}}