{"id":132353,"date":"2026-01-08T18:42:17","date_gmt":"2026-01-08T18:42:17","guid":{"rendered":"https:\/\/www.europesays.com\/no\/132353\/"},"modified":"2026-01-08T18:42:17","modified_gmt":"2026-01-08T18:42:17","slug":"linni-meister-dukket-opp-med-ekskjaeresten-morten-rognstad","status":"publish","type":"post","link":"https:\/\/www.europesays.com\/no\/132353\/","title":{"rendered":"Linni Meister dukket opp med ekskj\u00e6resten Morten Rognstad"},"content":{"rendered":"<p class=\"kicker \" style=\"\">Premiere p\u00e5 \u00abH\u00f8y og m\u00f8rk\u00bb:<\/p>\n<p>    Flere kjente fjes har tatt turen til premieren p\u00e5 forestillingen til John Brungot og Terje Sporsem.\u00a0<\/p>\n<p>\n    SAMMEN: Ekskj\u00e6restene Morten Rognstad og Linni Meister dukket opp sammen p\u00e5 premieren p\u00e5 showet \u00abH\u00f8y og m\u00f8rk\u00bb. Foto: Shad Madian \/ Se og H\u00f8r\n  <\/p>\n<p class=\"dropcap m-dropcap no_italic m-no_italic\" data-lab-italic=\"\" data-lab-dropcap=\"dropcap\">Torsdag er det duket for premieren p\u00e5 showet \u00abH\u00f8y og m\u00f8rk\u00bb, med John Brungot (48) og Terje Sporsem (49).\u00a0<\/p>\n<p>    <a itemprop=\"url\" href=\"https:\/\/www.seher.no\/kjendis\/na-er-det-avslort\/84069639\" rel=\"nofollow noopener\" target=\"_blank\"><\/p>\n<p>        <img loading=\"lazy\" decoding=\"async\" src=\"https:\/\/www.europesays.com\/no\/wp-content\/uploads\/2026\/01\/84069645.webp.webp\" width=\"147\" height=\"98\" title=\"N\u00e5 er det avsl\u00f8rt\" alt=\"\" class=\"lazyload\" style=\"--aspect-ratio-image: 1.50; \"\/><\/p>\n<p>        N\u00e5 er det avsl\u00f8rt<\/p>\n<p>    <\/a><\/p>\n<p>Forestillingen inneholder\u00a0stand-up, musikk og parodier, og duoen skal begi seg inn i temaer\u00a0\u00absom h\u00f8ye, m\u00f8rke maktsyke ledere, beredskap, generasjonskonflikter og frykten for \u00e5 plutselig v\u00e6re den eldste i familien\u00bb, skriver teateret.<\/p>\n<p>\u00a0\u00abH\u00f8y og m\u00f8rk\u00bb er regissert av komiker Martin Beyer Olsen (46).\u00a0<\/p>\n<p>        ROMANSERYKTER: Sondre Sundby har endelig f\u00e5tt seg kj\u00e6reste, men r\u00f8per at dama kan bli sjalu p\u00e5 forholdet hans til \u00abFarmen kjendis\u00bb-kollegaen. Reporter: Thea Hope\/Nora Skavhaug. Video: Sanne Holt\/ TV 2\/ R\u00f8d L\u00f8per<\/p>\n<p>I anledning premieren har en rekke kjente fjes tatt turen til\u00a0Christiania Teater i Oslo sentrum. <\/p>\n<p> Blant de som er p\u00e5 plass er Linni Meister (40) og Morten Rognstad (47). <\/p>\n<p> &#8211; Jeg gleder meg masse. Jeg er veldig fan av begge. Jeg synes John Brungot er hysterisk morsom, sier Meister.<\/p>\n<p>        <img loading=\"lazy\" decoding=\"async\" src=\"https:\/\/www.europesays.com\/no\/wp-content\/uploads\/2026\/01\/84074119.webp.webp\" width=\"686\" height=\"1029\" title=\"PREMIERE: Morten Rognstad og Linni Meister hadde tatt seg turen for \u00e5 se showet sammen. Foto: Shad Madian \/ Se og H\u00f8r\" alt=\"\" class=\"\" style=\"--aspect-ratio-image: 0.67; \"\/><\/p>\n<p>\n        PREMIERE: Morten Rognstad og Linni Meister hadde tatt seg turen for \u00e5 se showet sammen. Foto: Shad Madian \/ Se og H\u00f8r\n    <\/p>\n<p>I starten av desember ble Meister hastet til sykehus, etter at hun\u00a0<a href=\"https:\/\/www.seher.no\/kjendis\/ny-oppdatering-herlighet\/83939538https:\/\/www.dagbladet.no\/kjendis\/hastet-til-sykehus-etter-bursdagsfeiring\/83936481\" rel=\"nofollow noopener\" target=\"_blank\">brakk kragebeinet sitt<\/a>\u00a0da hun feiret 40 \u00e5rsdagen sin. <\/p>\n<p>&#8211; Jeg brakk kragebeinet p\u00e5 bursdagen min, s\u00e5 det er f\u00f8rste gang jeg ikke har f\u00e5tt trent p\u00e5 en m\u00e5ned, fordi det er f\u00f8rste gang jeg har brukket noe. S\u00e5 nytt\u00e5rsforsettet mitt , som sikkert mange, er \u00e5 trene.<\/p>\n<p>    <a itemprop=\"url\" href=\"https:\/\/www.seher.no\/kjendis\/en-kniv-i-ryggen\/84070349\" rel=\"nofollow noopener\" target=\"_blank\"><\/p>\n<p>        <img loading=\"lazy\" decoding=\"async\" src=\"https:\/\/www.europesays.com\/no\/wp-content\/uploads\/2026\/01\/83687551.webp.webp\" width=\"147\" height=\"100\" title=\"- En kniv i ryggen\" alt=\"\" class=\"lazyload\" style=\"--aspect-ratio-image: 1.47; \"\/><\/p>\n<p>        &#8211; En kniv i ryggen<\/p>\n<p>    <\/a><\/p>\n<p>Komiker Sigrid Bonde Tusvik (45) forteller at hun har skyh\u00f8ye forventinger til kvelden.\u00a0<\/p>\n<p class=\"font-weight-bold m-font-weight-bold\" data-lab-font_weight=\"font-weight-bold\">&#8211; Det er jo to av Norges st\u00f8rste og morsomste komikere vi har med \u00e5 gj\u00f8re, sier Bonde Tusvik.\u00a0<\/p>\n<p>        <img loading=\"lazy\" decoding=\"async\" src=\"https:\/\/www.europesays.com\/no\/wp-content\/uploads\/2026\/01\/84074095.webp.webp\" width=\"686\" height=\"927\" title=\"GLEDER SEG: Sigrid Bonde Tusvik legger ikke skjul p\u00e5 at hun ser frem til kveldens show. Foto: Shad Madian \/ Se og H\u00f8r\" alt=\"\" class=\"\" style=\"--aspect-ratio-image: 0.74; \"\/><\/p>\n<p>\n        GLEDER SEG: Sigrid Bonde Tusvik legger ikke skjul p\u00e5 at hun ser frem til kveldens show. Foto: Shad Madian \/ Se og H\u00f8r\n    <\/p>\n<p>&#8211; Jeg h\u00e5per de beholder lekenheten, og beholder det barnslige. Det er egentlig\u00a0<\/p>\n<p class=\"font-weight-bold m-font-weight-bold\" data-lab-font_weight=\"font-weight-bold\">Se flere bilder nedenfor:\u00a0<\/p>\n<p>        <img loading=\"lazy\" decoding=\"async\" src=\"https:\/\/www.europesays.com\/no\/wp-content\/uploads\/2026\/01\/84074097.webp.webp\" width=\"667\" height=\"941\" title=\"PREMIERE: Thomas Numme. Foto: Shad Madian \/ Se og H\u00f8r\" alt=\"\" class=\"\" style=\"--aspect-ratio-image: 0.71; \"\/><\/p>\n<p>\n        PREMIERE: Thomas Numme. Foto: Shad Madian \/ Se og H\u00f8r\n    <\/p>\n<p>        <img loading=\"lazy\" decoding=\"async\" src=\"https:\/\/www.europesays.com\/no\/wp-content\/uploads\/2026\/01\/84074116.webp.webp\" width=\"667\" height=\"1001\" title=\"PREMIERE: Nils-Ingar Aadne. Foto: Shad Madian \/ Se og H\u00f8r\" alt=\"\" class=\"\" style=\"--aspect-ratio-image: 0.67; \"\/><\/p>\n<p>\n        PREMIERE: Nils-Ingar Aadne. Foto: Shad Madian \/ Se og H\u00f8r\n    <\/p>\n<p>        <img loading=\"lazy\" decoding=\"async\" src=\"https:\/\/www.europesays.com\/no\/wp-content\/uploads\/2026\/01\/84074107.webp.webp\" width=\"667\" height=\"968\" title=\"PREMIERE: Arman Surizehi. Foto: Shad Madian \/ Se og H\u00f8r\" alt=\"\" class=\"\" style=\"--aspect-ratio-image: 0.69; \"\/><\/p>\n<p>\n        PREMIERE: Arman Surizehi. Foto: Shad Madian \/ Se og H\u00f8r\n    <\/p>\n<p>        <img loading=\"lazy\" decoding=\"async\" src=\"https:\/\/www.europesays.com\/no\/wp-content\/uploads\/2026\/01\/84074105.webp.webp\" width=\"686\" height=\"1029\" title=\"PREMIERE: Mathea Stens\u00e6th Josefsen og Javad El Bakali. Foto: Shad Madian \/ Se og H\u00f8r\" alt=\"\" class=\"\" style=\"--aspect-ratio-image: 0.67; \"\/><\/p>\n<p>\n        PREMIERE: Mathea Stens\u00e6th Josefsen og Javad El Bakali. Foto: Shad Madian \/ Se og H\u00f8r\n    <\/p>\n","protected":false},"excerpt":{"rendered":"Premiere p\u00e5 \u00abH\u00f8y og m\u00f8rk\u00bb: Flere kjente fjes har tatt turen til premieren p\u00e5 forestillingen til John Brungot&hellip;\n","protected":false},"author":2,"featured_media":132354,"comment_status":"","ping_status":"","sticky":false,"template":"","format":"standard","meta":{"footnotes":""},"categories":[59],"tags":[12744,479,2543,2404,15300,30,28,29,83,82,8783],"class_list":{"0":"post-132353","1":"post","2":"type-post","3":"status-publish","4":"format-standard","5":"has-post-thumbnail","7":"category-sport","8":"tag-john-brungot","9":"tag-kjendis","10":"tag-kjendisdesken","11":"tag-linni-meister","12":"tag-morten-rognstad","13":"tag-no","14":"tag-norge","15":"tag-norway","16":"tag-sport","17":"tag-sports","18":"tag-terje-sporsem"},"share_on_mastodon":{"url":"https:\/\/pubeurope.com\/@no\/115860953170770893","error":""},"_links":{"self":[{"href":"https:\/\/www.europesays.com\/no\/wp-json\/wp\/v2\/posts\/132353","targetHints":{"allow":["GET"]}}],"collection":[{"href":"https:\/\/www.europesays.com\/no\/wp-json\/wp\/v2\/posts"}],"about":[{"href":"https:\/\/www.europesays.com\/no\/wp-json\/wp\/v2\/types\/post"}],"author":[{"embeddable":true,"href":"https:\/\/www.europesays.com\/no\/wp-json\/wp\/v2\/users\/2"}],"replies":[{"embeddable":true,"href":"https:\/\/www.europesays.com\/no\/wp-json\/wp\/v2\/comments?post=132353"}],"version-history":[{"count":0,"href":"https:\/\/www.europesays.com\/no\/wp-json\/wp\/v2\/posts\/132353\/revisions"}],"wp:featuredmedia":[{"embeddable":true,"href":"https:\/\/www.europesays.com\/no\/wp-json\/wp\/v2\/media\/132354"}],"wp:attachment":[{"href":"https:\/\/www.europesays.com\/no\/wp-json\/wp\/v2\/media?parent=132353"}],"wp:term":[{"taxonomy":"category","embeddable":true,"href":"https:\/\/www.europesays.com\/no\/wp-json\/wp\/v2\/categories?post=132353"},{"taxonomy":"post_tag","embeddable":true,"href":"https:\/\/www.europesays.com\/no\/wp-json\/wp\/v2\/tags?post=132353"}],"curies":[{"name":"wp","href":"https:\/\/api.w.org\/{rel}","templated":true}]}}