{"id":132359,"date":"2026-01-08T18:47:16","date_gmt":"2026-01-08T18:47:16","guid":{"rendered":"https:\/\/www.europesays.com\/no\/132359\/"},"modified":"2026-01-08T18:47:16","modified_gmt":"2026-01-08T18:47:16","slug":"sv-krever-svar-om-svalbard-press-fra-statsministeren","status":"publish","type":"post","link":"https:\/\/www.europesays.com\/no\/132359\/","title":{"rendered":"SV krever svar om Svalbard-press fra statsministeren"},"content":{"rendered":"<p class=\"kicker t15 font-weight-bold m-font-weight-bold color_mobile_no_bg_color quaternary color_mobile_quaternary font-Trim text-case-transform-upper mobile-hasTextPadding\" style=\"\">Nyheter<\/p>\n<p>    Flere frykter russisk press mot Svalbard om USA tar Gr\u00f8nland med makt. Et hypotetisk sp\u00f8rsm\u00e5l, mener St\u00f8re \u2013 men SV krever redegj\u00f8relse i Stortinget.<\/p>\n<p>\n        STATSMINISTER: Jonas Gahr St\u00f8re (Ap) m\u00f8tte pressen i den norske ambassaden i Paris etter toppm\u00f8tet om Ukraina i Elys\u00e9e-palasset tirsdag.<br \/>\n        Foto: Javad Parsa, NTB\n    <\/p>\n<p>Flere har uttrykt bekymring for at Svalbard vil havne mer i spill ved en amerikansk overtakelse av Gr\u00f8nland.<\/p>\n<p>En rekke forskere tegner et enda m\u00f8rkere bilde: Nato-samarbeidet vil rakne om USA tar Gr\u00f8nland.<\/p>\n<p>\u2013 Og da er det jo bare for Russland \u00e5 ta Svalbard. Hva stopper dem? Ingenting, sa f\u00f8rsteamanuensis og USA-ekspert Hilde Restad ved Oslo Nye H\u00f8yskole til NTB tidligere denne uka.<\/p>\n<p>Vil ikke spekulere<\/p>\n<p>St\u00f8re vil ikke spekulere p\u00e5 konsekvensene for Svalbard om USA gj\u00f8r alvor av truslene.<\/p>\n<p>\u2013 Nei, dette er hypotetiske sp\u00f8rsm\u00e5l som det ikke gir mening \u00e5 svare p\u00e5, sier St\u00f8re til NTB:<\/p>\n<p>\u2013 Svalbard er en udelelig del av Norge. Svalbard er like mye Norge som et fylke i Norge. Det forvalter vi p\u00e5 en god og klok m\u00e5te, og det kommer til \u00e5 fortsette, sier han videre.<\/p>\n<p>Ikke forn\u00f8yd<\/p>\n<p>SV er imidlertid ikke forn\u00f8yd med St\u00f8res svar.<\/p>\n<p>Til\u00a0<a href=\"https:\/\/www.nrk.no\/norge\/trump-frykt-pa-stortinget_-ber-store-svare-om-svalbard-1.17717531\" target=\"_blank\" rel=\"nofollow noopener\">NRK<\/a>\u00a0sier partileder Kirsti Bergst\u00f8 at partiet vil kalle statsministeren inn for \u00e5 redegj\u00f8re i Stortinget om sikkerhetssituasjonen i nordomr\u00e5dene.<\/p>\n<p>\u2013 Vi trenger en diskusjon og en redegj\u00f8relse om hva dette har \u00e5 si for v\u00e5r suverenitet. Hva blir konsekvensene dersom USA gj\u00f8r alvor av truslene om \u00e5 ta Gr\u00f8nland, sp\u00f8r hun.<\/p>\n<p>Bergst\u00f8 vil ha svar p\u00e5 flere sp\u00f8rsm\u00e5l, blant dem om USA og \u00f8kende stormaktsrivalisering i nord er en trussel for Norges suverenitet over Svalbard, om vi kan vente milit\u00e6re konfrontasjoner i v\u00e5re n\u00e6romr\u00e5der, og om konsekvensene for Nato om USA tar kontroll over Gr\u00f8nland.<\/p>\n","protected":false},"excerpt":{"rendered":"Nyheter Flere frykter russisk press mot Svalbard om USA tar Gr\u00f8nland med makt. Et hypotetisk sp\u00f8rsm\u00e5l, mener St\u00f8re&hellip;\n","protected":false},"author":2,"featured_media":132360,"comment_status":"","ping_status":"","sticky":false,"template":"","format":"standard","meta":{"footnotes":""},"categories":[12],"tags":[20,21,24,25,15,22,23,13,30,28,29,14,16,26,27,42,43,44,45],"class_list":{"0":"post-132359","1":"post","2":"type-post","3":"status-publish","4":"format-standard","5":"has-post-thumbnail","7":"category-verden","8":"tag-breaking-news","9":"tag-breakingnews","10":"tag-featured-news","11":"tag-featurednews","12":"tag-headlines","13":"tag-latest-news","14":"tag-latestnews","15":"tag-news","16":"tag-no","17":"tag-norge","18":"tag-norway","19":"tag-nyheter","20":"tag-overskrifter","21":"tag-top-stories","22":"tag-topstories","23":"tag-verden","24":"tag-world","25":"tag-world-news","26":"tag-worldnews"},"share_on_mastodon":{"url":"https:\/\/pubeurope.com\/@no\/115860972745452759","error":""},"_links":{"self":[{"href":"https:\/\/www.europesays.com\/no\/wp-json\/wp\/v2\/posts\/132359","targetHints":{"allow":["GET"]}}],"collection":[{"href":"https:\/\/www.europesays.com\/no\/wp-json\/wp\/v2\/posts"}],"about":[{"href":"https:\/\/www.europesays.com\/no\/wp-json\/wp\/v2\/types\/post"}],"author":[{"embeddable":true,"href":"https:\/\/www.europesays.com\/no\/wp-json\/wp\/v2\/users\/2"}],"replies":[{"embeddable":true,"href":"https:\/\/www.europesays.com\/no\/wp-json\/wp\/v2\/comments?post=132359"}],"version-history":[{"count":0,"href":"https:\/\/www.europesays.com\/no\/wp-json\/wp\/v2\/posts\/132359\/revisions"}],"wp:featuredmedia":[{"embeddable":true,"href":"https:\/\/www.europesays.com\/no\/wp-json\/wp\/v2\/media\/132360"}],"wp:attachment":[{"href":"https:\/\/www.europesays.com\/no\/wp-json\/wp\/v2\/media?parent=132359"}],"wp:term":[{"taxonomy":"category","embeddable":true,"href":"https:\/\/www.europesays.com\/no\/wp-json\/wp\/v2\/categories?post=132359"},{"taxonomy":"post_tag","embeddable":true,"href":"https:\/\/www.europesays.com\/no\/wp-json\/wp\/v2\/tags?post=132359"}],"curies":[{"name":"wp","href":"https:\/\/api.w.org\/{rel}","templated":true}]}}