{"id":132363,"date":"2026-01-08T18:49:26","date_gmt":"2026-01-08T18:49:26","guid":{"rendered":"https:\/\/www.europesays.com\/no\/132363\/"},"modified":"2026-01-08T18:49:26","modified_gmt":"2026-01-08T18:49:26","slug":"skal-lede-seriemesteren","status":"publish","type":"post","link":"https:\/\/www.europesays.com\/no\/132363\/","title":{"rendered":"Skal lede seriemesteren"},"content":{"rendered":"<p>Laura Kaminski blir Branns f\u00f8rste kvinnelige hovedtrener.\u00a0<\/p>\n<p>Onsdag meldte <a href=\"https:\/\/www.ba.no\/laura-kaminski-blir-brann-damenes-forste-kvinnelige-hovedtrener\/s\/5-8-3274749\" target=\"_blank\" rel=\"nofollow noopener\">Bergensavisen<\/a> at klubben er enig med briten og n\u00e5 er det bekreftet.<\/p>\n<p>Torsdag ettermiddag ble briten bekreftet som ny trener p\u00e5 Brann Stadion.<\/p>\n<p class=\"bold m-bold\" data-lab-font_weight=\"bold\">\u2013 Det f\u00f8les fantastisk. \u00c5 v\u00e6re p\u00e5 plass her i denne ambisi\u00f8se klubben, i denne fine byen. Jeg har h\u00f8rt masse om supporterne som er sv\u00e6rt engasjert i klubben. Jeg ser virkelig frem mot \u00e5 starte, forteller hun til TV 2.<\/p>\n<p>        <img class=\"image__img lazyload\" itemprop=\"image\" title=\"Foto: Zac Goodwin \/ Pa Photos \/ NTB\" alt=\"TIL BRANN: Laura Kaminski blir Branns f\u00f8rste kvinnelige hovedtrener. Foto: Zac Goodwin \/ Pa Photos \/ NTB\" width=\"978\" height=\"551\" bad-src=\"https:\/\/www.europesays.com\/no\/wp-content\/uploads\/2026\/01\/18443416.webp.jpeg\" fetchpriority=\"auto\" \/><\/p>\n<p>      TIL BRANN: Laura Kaminski blir Branns f\u00f8rste kvinnelige hovedtrener.<br \/>\n         Foto: Zac Goodwin \/ Pa Photos \/ NTB<\/p>\n<p>Kaminski har lang erfaring som assistenttrener i ulike storklubber som Chelsea og Arsenal, men har kun halvannen sesong bak seg som hovedtrener i Crystal Palace.<\/p>\n<p>\u2013 Ikke direkte positivt<\/p>\n<p>F\u00e5 i Norge har h\u00f8rt om Branns nye sjef.\u00a0<\/p>\n<p>Ingrid Ryland kjenner meget godt til Kaminskis nye arbeidsgiver.\u00a0<\/p>\n<p>Den tidligere Brann-spilleren er spent p\u00e5 \u00e5 se hva den ferske treneren bringer til torgs.\u00a0<\/p>\n<p>        <img class=\"image__img lazyload\" itemprop=\"image\" title=\"Foto: Sigve Bremer Mejdal \/ TV 2\" alt=\"SPENT: Ingrid Ryland er usikker p\u00e5 hva man kan forvente av Branns nye hovedtrener. Foto: Sigve Bremer Mejdal \/ TV 2\" width=\"978\" height=\"551\" bad-src=\"https:\/\/www.europesays.com\/no\/wp-content\/uploads\/2026\/01\/18444068.webp.jpeg\" fetchpriority=\"auto\" \/><\/p>\n<p>      SPENT: Ingrid Ryland er usikker p\u00e5 hva man kan forvente av Branns nye hovedtrener.<br \/>\n         Foto: Sigve Bremer Mejdal \/ TV 2<\/p>\n<p> \u2013 F\u00f8rst og fremst tenker jeg at hun er relativt ukjent i fotballverden og s\u00e5nn sett er det vanskelig \u00e5 sp\u00e5 hva hun kommer med. Hun har liten erfaring som hovedtrener, men jeg regner med at de har sett et potensial i henne som de \u00f8nsker \u00e5 videreutvikle i rollen. <\/p>\n<p>        <img class=\"image__img lazyload\" itemprop=\"image\" title=\"Foto: Rhianna Chadwick \/ Pa Photos \/ NTB\" alt=\"JUBEL: Laura Kaminski ledet Crystal Palace til opprykk fra Championship i 2024. Foto: Rhianna Chadwick \/ Pa Photos \/ NTB\" width=\"978\" height=\"551\" bad-src=\"https:\/\/www.europesays.com\/no\/wp-content\/uploads\/2026\/01\/18444099.webp.jpeg\" fetchpriority=\"auto\" \/><\/p>\n<p>      JUBEL: Laura Kaminski ledet Crystal Palace til opprykk fra Championship i 2024.<br \/>\n         Foto: Rhianna Chadwick \/ Pa Photos \/ NTB<\/p>\n<p>Branns ferske hovedtrener har st\u00e5tt uten trenerjobb siden hun fikk sparken i februar 2025. Det f\u00e5r Ryland til \u00e5 rynke p\u00e5 nesen.\u00a0<\/p>\n<p class=\"bold m-bold\" data-lab-font_weight=\"bold\">\u2013\u00a0 Det er jo ikke et direkte positivt signal at hun g\u00e5r gjennom et overgangsvindu i England uten \u00e5 bli ansatt av noe klubber, men jeg skal legge til at jeg ikke har oversikt over alle forhold p\u00e5 hvorfor.\u00a0Det er selvsagt ogs\u00e5 mange om beinet i Women&#8217;s Super League og Championship.\u00a0<\/p>\n<p>Uvanlig kobling<\/p>\n<p>Brann er regjerende seriemester. Det var det Leif Gunnar Smerud som s\u00f8rget for.\u00a0<\/p>\n<p>Intern misn\u00f8ye med 48-\u00e5ringen s\u00f8rget likevel for at Smerud fikk <a href=\"https:\/\/www.tv2.no\/sport\/fotball\/bekreftet-smerud-ferdig-i-brann\/18322454\/\" target=\"_blank\" rel=\"nofollow noopener\">sparken i november.\u00a0<\/a><\/p>\n<p>F\u00f8r den tid hadde den sindige rogalendingen tatt over jobben til nettopp Kaminski i Crystal Palace.\u00a0<\/p>\n<p>        <img class=\"image__img lazyload\" itemprop=\"image\" title=\"Foto: Paul S. Amundsen \/ NTB\" alt=\"SPARKET: Leif Gunnar Smerud fikk sparken etter \u00e5 ha ledet Brann til seriegull. Foto: Paul S. Amundsen \/ NTB\" width=\"978\" height=\"551\" bad-src=\"https:\/\/www.europesays.com\/no\/wp-content\/uploads\/2026\/01\/18443401.webp.jpeg\" fetchpriority=\"auto\" \/><\/p>\n<p>      SPARKET: Leif Gunnar Smerud fikk sparken etter \u00e5 ha ledet Brann til seriegull.<br \/>\n         Foto: Paul S. Amundsen \/ NTB<\/p>\n<p>Med en ung og urutinert tropp, gikk det d\u00e5rlig med dem begge.\u00a0<\/p>\n<p>Kaminski fikk med seg 14 kamper og tok seks poeng i Women&#8217;s Super League.\u00a0<\/p>\n<p>Smerud ga seg etter ti uker i jobben.\u00a0<\/p>\n<p>        <img class=\"image__img lazyload\" itemprop=\"image\" title=\"Foto: P\u00e5l S. Schaathun \/ TV 2\" alt=\"SUKSESS: Martin Ho gjorde sine saker meget bra i Brann. I sommer tok briten steget til Tottenham. Foto: P\u00e5l S. Schaathun \/ TV 2\" width=\"978\" height=\"551\" bad-src=\"https:\/\/www.europesays.com\/no\/wp-content\/uploads\/2026\/01\/17878910.webp.jpeg\" fetchpriority=\"auto\" \/><\/p>\n<p>      SUKSESS: Martin Ho gjorde sine saker meget bra i Brann. I sommer tok briten steget til Tottenham.<br \/>\n         Foto: P\u00e5l S. Schaathun \/ TV 2<\/p>\n<p>Ingrid Ryland tror Brann \u00f8nsker \u00e5 finne tilbake til suksessformelen de traff med under Martin Ho.\u00a0<\/p>\n<p>\u2013 Erfaringen med \u00e5 ansette Martin Ho fra assistent til hovedtrener gikk jo veldig bra. Kanskje det har styrket Brann i troen p\u00e5 ansettelsen. I tillegg har Martin Ho-reisen antagelig gjort Brann mer attraktiv for trenere fra UK som s\u00f8ker utvikling og \u00f8nsker et springbrett til jobber i st\u00f8rre klubber. Det er selvsagt ogs\u00e5 et \u00f8konomisk aspekt som er interessant for Brann. <\/p>\n<p>        <img class=\"image__img lazyload\" itemprop=\"image\" title=\"Foto: Rhianna Chadwick \/ Pa Photos \/ NTB\" alt=\"ENESTE: Crystal Palace er eneste klubb Kaminski har hatt hovedansvaret for. N\u00e5 overtar hun den norske seriemesteren. Foto: Rhianna Chadwick \/ Pa Photos \/ NTB\" width=\"978\" height=\"551\" bad-src=\"https:\/\/www.europesays.com\/no\/wp-content\/uploads\/2026\/01\/18444138.webp.jpeg\" fetchpriority=\"auto\" \/><\/p>\n<p>      ENESTE: Crystal Palace er eneste klubb Kaminski har hatt hovedansvaret for. N\u00e5 overtar hun den norske seriemesteren.<br \/>\n         Foto: Rhianna Chadwick \/ Pa Photos \/ NTB<\/p>\n","protected":false},"excerpt":{"rendered":"Laura Kaminski blir Branns f\u00f8rste kvinnelige hovedtrener.\u00a0 Onsdag meldte Bergensavisen at klubben er enig med briten og n\u00e5&hellip;\n","protected":false},"author":2,"featured_media":132364,"comment_status":"","ping_status":"","sticky":false,"template":"","format":"standard","meta":{"footnotes":""},"categories":[5],"tags":[20,21,24,25,15,19,22,23,17,18,13,30,28,29,14,16,26,27],"class_list":{"0":"post-132363","1":"post","2":"type-post","3":"status-publish","4":"format-standard","5":"has-post-thumbnail","7":"category-overskrifter","8":"tag-breaking-news","9":"tag-breakingnews","10":"tag-featured-news","11":"tag-featurednews","12":"tag-headlines","13":"tag-hovedoppslag","14":"tag-latest-news","15":"tag-latestnews","16":"tag-main-news","17":"tag-mainnews","18":"tag-news","19":"tag-no","20":"tag-norge","21":"tag-norway","22":"tag-nyheter","23":"tag-overskrifter","24":"tag-top-stories","25":"tag-topstories"},"share_on_mastodon":{"url":"https:\/\/pubeurope.com\/@no\/115860980638637056","error":""},"_links":{"self":[{"href":"https:\/\/www.europesays.com\/no\/wp-json\/wp\/v2\/posts\/132363","targetHints":{"allow":["GET"]}}],"collection":[{"href":"https:\/\/www.europesays.com\/no\/wp-json\/wp\/v2\/posts"}],"about":[{"href":"https:\/\/www.europesays.com\/no\/wp-json\/wp\/v2\/types\/post"}],"author":[{"embeddable":true,"href":"https:\/\/www.europesays.com\/no\/wp-json\/wp\/v2\/users\/2"}],"replies":[{"embeddable":true,"href":"https:\/\/www.europesays.com\/no\/wp-json\/wp\/v2\/comments?post=132363"}],"version-history":[{"count":0,"href":"https:\/\/www.europesays.com\/no\/wp-json\/wp\/v2\/posts\/132363\/revisions"}],"wp:featuredmedia":[{"embeddable":true,"href":"https:\/\/www.europesays.com\/no\/wp-json\/wp\/v2\/media\/132364"}],"wp:attachment":[{"href":"https:\/\/www.europesays.com\/no\/wp-json\/wp\/v2\/media?parent=132363"}],"wp:term":[{"taxonomy":"category","embeddable":true,"href":"https:\/\/www.europesays.com\/no\/wp-json\/wp\/v2\/categories?post=132363"},{"taxonomy":"post_tag","embeddable":true,"href":"https:\/\/www.europesays.com\/no\/wp-json\/wp\/v2\/tags?post=132363"}],"curies":[{"name":"wp","href":"https:\/\/api.w.org\/{rel}","templated":true}]}}