{"id":132369,"date":"2026-01-08T18:54:14","date_gmt":"2026-01-08T18:54:14","guid":{"rendered":"https:\/\/www.europesays.com\/no\/132369\/"},"modified":"2026-01-08T18:54:14","modified_gmt":"2026-01-08T18:54:14","slug":"arbeidstilsynet-stanset-arbeid-pa-jul-i-vinterland-dagen-for-ulykken-avisa-oslo","status":"publish","type":"post","link":"https:\/\/www.europesays.com\/no\/132369\/","title":{"rendered":"Arbeidstilsynet stanset arbeid p\u00e5 Jul i Vinterland dagen f\u00f8r ulykken &#8211; Avisa Oslo"},"content":{"rendered":"<ol>\n<li><a href=\"https:\/\/news.google.com\/rss\/articles\/CBMipAFBVV95cUxPYzJGa0tuSlVpRjJrUEFrVHNWYjBUTk5iTkwtR0VudXVRM2x1UnV0VkdaNWNwbXRVV2pzaUVPYkQ0TzZnaG9ob1Z1NHFVd3o5dHRQN0tWNnZ0RlMxT203elpSRFFJMGtQSG1yS1R0blBTR01TOE1aRHc1anJsUkwyaFR3cl9VMXh0d2Z6T1MwS3FmR0Q1MEs5cWJDZUdVVHphTHNxYQ?oc=5\" target=\"_blank\" rel=\"nofollow noopener\">Arbeidstilsynet stanset arbeid p\u00e5 Jul i Vinterland dagen f\u00f8r ulykken<\/a>&nbsp;&nbsp;Avisa Oslo<\/li>\n<li><a href=\"https:\/\/news.google.com\/rss\/articles\/CBMisAFBVV95cUxQSGRhclkwaEpHTGF1S3RJdXVOM1NOakJENW1KYm9Ra01reFY2cHlvT0pCd2hMY0s1MDlEWWJBSHFpRV9oLTNaY19ZcDl4dXYzTGtrSk1jMWZSV2swdnBIYzA5N1hiUVp2TjRZRE0xeHRHZ01WaXlxNnhIaGU0cGpKenRuSm1acVlEMGJ0ZUkzd2JKM1JHSmdiNXFsa2JSNllzRFU2YUc0bTh2eW5JMkhZOA?oc=5\" target=\"_blank\" rel=\"nofollow noopener\">Fransk statsborger l\u00f8slatt fra russisk fengsel<\/a>&nbsp;&nbsp;Dagbladet<\/li>\n<li><a href=\"https:\/\/news.google.com\/rss\/articles\/CBMiiAFBVV95cUxNajJCLVVZNW4tbk9CZEwyaWdaSFNyM1hPTjhaX3RvMWpneGo1N202SnNVVlZlbkxKdVZBVkx3eWtlLUs0T0MxQUdaMmFfZ1Mzcm9XY2h4Ti1fQVVEUkRJRk5IOWNKc2U3bVFSbmJVX19pSS1BNlNjZXRLamE4WlQwbUs4RE84c0tI?oc=5\" target=\"_blank\" rel=\"nofollow noopener\">Mann kritisk skadet etter fallulykke i Oslo sentrum<\/a>&nbsp;&nbsp;VG<\/li>\n<li><a href=\"https:\/\/news.google.com\/rss\/articles\/CBMiwgFBVV95cUxQY3RoeXdPNmNBRVlncnlNMVpSd202cXBZVkktM1BlMEdlNkpaVnNqc3lsMGctc2xqdTRISW5MX0ppeUtZXy1iakp4WnlNeWpsejRtQ3hhQld1bDd6TjBHVEtxUlpPQk5EblBFYVFQdy1KU0dCN05qbGxxMi1sWm9aby0tRFFHVkV2MGdqWWdvdHktQW9jaG1VN2RwVFNDNUVMTkRzZ2FtWUIxTGg2aFE4alJXU2VnakJONEdSeUZfSUUwUQ?oc=5\" target=\"_blank\" rel=\"nofollow noopener\">Fallulykke i Oslo sentrum \u2013 person til sykehus<\/a>&nbsp;&nbsp;TV2.no<\/li>\n<li><a href=\"https:\/\/news.google.com\/rss\/articles\/CBMieEFVX3lxTE5QcmRlU1BWYkxMenR6RFVuWEM4WENJalk4ZC1KVXd0ZmFOUWFiWk9tMWxNRE13OVNoelFYTHNvUnNZWGZGUHJOR01iWDF6cHctV053R0NaQUlWVmZjTmNiMFhsbWFIUnJ3RC1MRG9jZjF2YklZTndDMg?oc=5\" target=\"_blank\" rel=\"nofollow noopener\">Arbeidsulykke i Oslo sentrum \u2013 Stor-Oslo<\/a>&nbsp;&nbsp;NRK<\/li>\n<\/ol>\n","protected":false},"excerpt":{"rendered":"Arbeidstilsynet stanset arbeid p\u00e5 Jul i Vinterland dagen f\u00f8r ulykken&nbsp;&nbsp;Avisa Oslo Fransk statsborger l\u00f8slatt fra russisk fengsel&nbsp;&nbsp;Dagbladet Mann&hellip;\n","protected":false},"author":2,"featured_media":132370,"comment_status":"","ping_status":"","sticky":false,"template":"","format":"standard","meta":{"footnotes":""},"categories":[12],"tags":[20,21,24,25,15,22,23,13,30,28,29,14,16,26,27,42,43,44,45],"class_list":{"0":"post-132369","1":"post","2":"type-post","3":"status-publish","4":"format-standard","5":"has-post-thumbnail","7":"category-verden","8":"tag-breaking-news","9":"tag-breakingnews","10":"tag-featured-news","11":"tag-featurednews","12":"tag-headlines","13":"tag-latest-news","14":"tag-latestnews","15":"tag-news","16":"tag-no","17":"tag-norge","18":"tag-norway","19":"tag-nyheter","20":"tag-overskrifter","21":"tag-top-stories","22":"tag-topstories","23":"tag-verden","24":"tag-world","25":"tag-world-news","26":"tag-worldnews"},"share_on_mastodon":{"url":"https:\/\/pubeurope.com\/@no\/115861000256487793","error":""},"_links":{"self":[{"href":"https:\/\/www.europesays.com\/no\/wp-json\/wp\/v2\/posts\/132369","targetHints":{"allow":["GET"]}}],"collection":[{"href":"https:\/\/www.europesays.com\/no\/wp-json\/wp\/v2\/posts"}],"about":[{"href":"https:\/\/www.europesays.com\/no\/wp-json\/wp\/v2\/types\/post"}],"author":[{"embeddable":true,"href":"https:\/\/www.europesays.com\/no\/wp-json\/wp\/v2\/users\/2"}],"replies":[{"embeddable":true,"href":"https:\/\/www.europesays.com\/no\/wp-json\/wp\/v2\/comments?post=132369"}],"version-history":[{"count":0,"href":"https:\/\/www.europesays.com\/no\/wp-json\/wp\/v2\/posts\/132369\/revisions"}],"wp:featuredmedia":[{"embeddable":true,"href":"https:\/\/www.europesays.com\/no\/wp-json\/wp\/v2\/media\/132370"}],"wp:attachment":[{"href":"https:\/\/www.europesays.com\/no\/wp-json\/wp\/v2\/media?parent=132369"}],"wp:term":[{"taxonomy":"category","embeddable":true,"href":"https:\/\/www.europesays.com\/no\/wp-json\/wp\/v2\/categories?post=132369"},{"taxonomy":"post_tag","embeddable":true,"href":"https:\/\/www.europesays.com\/no\/wp-json\/wp\/v2\/tags?post=132369"}],"curies":[{"name":"wp","href":"https:\/\/api.w.org\/{rel}","templated":true}]}}