{"id":132377,"date":"2026-01-08T19:03:21","date_gmt":"2026-01-08T19:03:21","guid":{"rendered":"https:\/\/www.europesays.com\/no\/132377\/"},"modified":"2026-01-08T19:03:21","modified_gmt":"2026-01-08T19:03:21","slug":"hvem-tok-livet-av-muammar-al-gaddafi","status":"publish","type":"post","link":"https:\/\/www.europesays.com\/no\/132377\/","title":{"rendered":"Hvem tok livet av Muammar al-Gaddafi?"},"content":{"rendered":"<p>            <img loading=\"lazy\" decoding=\"async\" width=\"696\" height=\"464\" class=\"entry-thumb\" src=\"https:\/\/www.europesays.com\/no\/wp-content\/uploads\/2026\/01\/gaddafi-i-kiev-2008.jpg\"   alt=\"\" title=\"Kyiv,-,November,4,,2008:,President,Of,Libya's,Muammar,Gaddafi\"\/>Moammar al-Gaddafi p\u00e5 statsbes\u00f8k i Kiev 4. november 2008. Shutterstock.<\/p>\n<p>Det er snart femten \u00e5r siden Norge aktivt var med \u00e5 styrte statsoverhode Muammar al-Gaddafi i Libya. Sammen med andre NATO-land var Norge med p\u00e5 \u00e5 bombe fram et regimeskifte i det nord-afrikanske landet.<\/p>\n<p><img data-recalc-dims=\"1\" fetchpriority=\"high\" decoding=\"async\" width=\"221\" height=\"256\" src=\"https:\/\/www.europesays.com\/no\/wp-content\/uploads\/2026\/01\/oyvind-andresen.jpg\" alt=\"\" class=\"wp-image-14289\"  \/>\u00d8yvind Andresen.<\/p>\n<p>En kriminell historie<\/p>\n<p>Fra mars til august 2011 slapp seks norske F-16-fly i alt 588 bomber over Libya. Norge bombet blant annet Gaddafis residens. NATOs og Norges bombetokter f\u00f8rte til slutt til at Gaddafi ble slakta ned av en mobb med jihadister 20. oktober utenfor hans hjemby Sirte.<\/p>\n<p>Etter \u00e5 ha blitt slept ut av et skjulested under en bro, ble han mishandlet og drept av en mobb. De n\u00f8yaktige omstendighetene rundt drapet er fortsatt uklare. Overgangsregjeringen (TNC), som overtok makten etter Gaddafis fall, hevdet imidlertid at utenlandsk etterretning stod bak, sannsynligvis en agent fra den franske etterretningstjenesten DGSE (\u00abLe Bureau\u00bb).<\/p>\n<p>Krigen \u00f8dela et av Afrikas mer velfungerende land, og hele krigen m\u00e5 sies \u00e5 ha v\u00e6rt en forbrytelse mot menneskeheten..<\/p>\n<p>Libya \u2013 et helvete p\u00e5 jord<\/p>\n<p>Situasjonen etter Gaddafis fall ble oppsummert slik i Det britiske underhusets rapport om Libyakrigen (House of Commons, 2016):<\/p>\n<blockquote class=\"wp-block-quote is-layout-flow wp-block-quote-is-layout-flow\">\n<p>\u00abResultatet var politisk og \u00f8konomisk sammenbrudd, krig mellom militser og stammer, en humanit\u00e6r krise og en flyktningkrise, omfattende brudd p\u00e5 menneskerettighetene, spredning av Gaddafi-v\u00e5pen i hele regionen og framveksten av ISIL i Nord-Afrika\u00bb.<\/p>\n<\/blockquote>\n<p>David Yambio, f\u00f8dt i en flyktningleir i S\u00f8r-Sudan, fors\u00f8kte flere ganger \u00e5 krysse Middelhavet. Han endte selv i libyske interneringsleirer. I en ny bok fra i fjor med flyktningers vitnesbyrd fra Libya skriver han:<\/p>\n<blockquote class=\"wp-block-quote is-layout-flow wp-block-quote-is-layout-flow\">\n<p>\u00abLibya er, med overlegg, et mareritt bygget p\u00e5 tortur: voldtekt, tvangsarbeid og pengeutpressing \u2026 sult, t\u00f8rst, vilk\u00e5rlig fengsling, p\u00e5tvunget s\u00f8vnmangel, nekt av toalettbes\u00f8k og psykologiske overgrep i alle former\u00bb.<\/p>\n<\/blockquote>\n<p>Et regimeskifte bygget p\u00e5 l\u00f8gn<\/p>\n<p>Vi vet i dag at Gaddafi verken utf\u00f8rte eller planla et folkemord p\u00e5 egen befolkning. Likevel var nettopp p\u00e5standen om et n\u00e6rt forest\u00e5ende folkemord grunnlaget for NATOs og flere arabiske staters milit\u00e6re angrep p\u00e5 Libya. Regimeskiftet skjedde p\u00e5 falske premisser \u2013 p\u00e5 samme m\u00e5te som i Irak i 2003.<\/p>\n<p>Gaddafi ble brutalt henrettet uten lov og dom. En morder er ikke bare den som utf\u00f8rer drapet, men ogs\u00e5 den som oppfordrer til og legger til rette for det. Det er lite sannsynlig at noen internasjonal domstol noen gang vil stille de ansvarlige til ansvar. Men historien vil d\u00f8mme. Og i dag finnes det s\u00e5 mange kilder at det er mulig \u00e5 peke p\u00e5 hvem som bar ansvaret for dette regimeskiftet og for en krig som ble en katastrofe og en forbrytelse mot menneskeheten.<\/p>\n<p>Hvem hadde interesse av Gaddafis d\u00f8d?<\/p>\n<p>Gaddafi hadde b\u00e5de venner og fiender, internt i Libya og internasjonalt. I Libya var menneskesmuglerne blant hans bitreste fiender. Avtalen mellom Italia og Libya i 2008 om felles patruljering i Middelhavet f\u00f8rte til at menneskesmuglere i kystbyer som Benghazi mistet \u00e5rlige inntekter p\u00e5 titalls millioner dollar.<\/p>\n<p>Andre fiender var islamistiske grupper, blant annet lokale avdelinger av Det muslimske brorskapet og al-Qaida. Etter Gaddafis fall tok disse, sammen med menneskesmuglernettverk, kontroll over deler av landet.<\/p>\n<p>Gaddafi overlevde flere drapsfors\u00f8k. Siden 1970-tallet hadde USA, Storbritannia og Frankrike fors\u00f8kt \u00e5 fjerne ham. Hans politiske prosjekt var \u00e5 bygge et Libya \u2013 og et Afrika \u2013 uavhengig av vestlige strategiske og \u00f8konomiske interesser. Libya besitter enorme oljeressurser.<\/p>\n<p>Sarkozy, olje og afrikansk valuta<\/p>\n<p><img decoding=\"async\" src=\"https:\/\/www.europesays.com\/no\/wp-content\/uploads\/2026\/01\/sarkozy-bombe.jpg\" alt=\"\"\/><\/p>\n<p>Frankrikes president Nicolas Sarkozy tok initiativ til hastem\u00f8tet i Paris 19. mars 2011, der rammene for NATOs bombing av Libya ble lagt. Den 25. september 2025 ble Sarkozy funnet skyldig i ulovlig valgkampfinansiering knyttet til presidentvalget i 2007, og d\u00f8mt til fem \u00e5rs fengsel. Han ble d\u00f8mt for \u00e5 ha mottatt 50 millioner dollar i ulovlig st\u00f8tte fra Gaddafi.<\/p>\n<p>Det er blitt antydet at drapet p\u00e5 Gaddafi kan ha skjedd etter direkte ordre fra Sarkozy, eventuelt for \u00e5 fjerne et sentralt vitne og skjule spor etter korrupsjon. Men han er alts\u00e5 ikke d\u00f8mt for medvirking til drapet p\u00e5 Gaddafi.<\/p>\n<p>Libya sitter p\u00e5 n\u00e6r 40 prosent av Afrikas oljereserver. If\u00f8lge dokumenter presentert for USAs utenriksminister Hillary Clinton var franske hovedmotiver for krigen \u00e5 sikre tilgang til libysk olje og \u00e5 stanse Gaddafis planer om en ny afrikansk valuta, som ville ha svekket Frankrikes \u00f8konomiske og politiske innflytelse i Afrika.<\/p>\n<p>Vestlige og arabiske hovedansvarlige<\/p>\n<p>USAs utenriksminister Hillary Clinton spilte en sentral rolle i \u00e5 drive fram krigen og i \u00e5 blokkere fredsfors\u00f8k. Etter Gaddafis d\u00f8d uttalte hun triumferende p\u00e5 TV: \u00abVi kom, vi s\u00e5, han d\u00f8de\u00bb.<\/p>\n<p>USAs president Barack Obama var den \u00f8verste ansvarlige for amerikansk politikk. Han er for \u00f8vrig den eneste av hovedakt\u00f8rene som senere har innr\u00f8mmet feil. If\u00f8lge The Guardian har Obama sagt at Libya-krigen var den st\u00f8rste feilen i hans presidentperiode.<\/p>\n<p>Storbritannias statsminister David Cameron var en p\u00e5driver for NATO-bombingen, og blir hardt kritisert i Underhusets rapport.<\/p>\n<p>Ogs\u00e5 flere arabiske ledere bar ansvar, s\u00e6rlig Qatars dav\u00e6rende statsminister, sjeik Abdullah bin Khalifa al-Thani. Qatar sendte tusenvis av spesialsoldater til Libya, ogs\u00e5 f\u00f8r FNs sikkerhetsr\u00e5d vedtok resolusjon 1973 den 17. mars 2011. Fem land \u2013 Kina, Russland, India, Brasil og Tyskland \u2013 avstod fra \u00e5 stemme.<\/p>\n<p>Norges ansvar<\/p>\n<p>I norsk sammenheng m\u00e5 statsminister Jens Stoltenberg og utenriksminister Jonas Gahr St\u00f8re holdes ansvarlige. Stoltenberg deltok p\u00e5 Sarkozys m\u00f8te i Paris etter den velkjente SMS-runden til partilederne som ga full st\u00f8tte til Norges deltakelse i bombingen.<\/p>\n<p>Dav\u00e6rende statssekret\u00e6r i UD, n\u00e5 utenriksminister, Espen Barth Eide uttalte i mai 2011: \u00abVi bomber mest og best\u00bb. Ine Eriksen S\u00f8reide sa i et foredrag i februar 2014: \u00abOperasjonen i Libya var p\u00e5 mange m\u00e5ter sv\u00e6rt godt gjennomf\u00f8rt. I Norge er vi med god grunn stolte av v\u00e5r innsats\u00bb.<\/p>\n<p>Jens Stoltenberg uttalte til NRK 14. september 2018: \u00abJeg er veldig trygg p\u00e5 vurderingene vi gjorde f\u00f8r deltagelsen i Libya i 2011\u00bb. Han beklaget ingenting \u2013 ikke engang at han visste for lite.<\/p>\n<p>Medl\u00f8perne<\/p>\n<p><a href=\"https:\/\/i0.wp.com\/andresensblogg.no\/wp-content\/uploads\/2026\/01\/lysbakken-libya-kk.webp?ssl=1\" rel=\"nofollow noopener\" target=\"_blank\"><img loading=\"lazy\" data-recalc-dims=\"1\" height=\"300\" width=\"243\" decoding=\"async\" src=\"https:\/\/www.europesays.com\/no\/wp-content\/uploads\/2026\/01\/lysbakken-libya-kk-243x300.webp.jpeg\" alt=\"\" class=\"wp-image-10763\"\/><\/a><\/p>\n<p>Ansvarlige er ikke bare statsledere. Ogs\u00e5 det humanit\u00e6r-politiske komplekset, mediene, kirken og deler av akademia spilte en avgj\u00f8rende rolle i \u00e5 spre eller legitimere l\u00f8gnene. Mange ble manipulert, men de fleste har senere tiet.<\/p>\n<p>Blant norske partiledere er det bare Liv Signe Navarsete (Sp) og SVs dav\u00e6rende nestleder Audun Lysbakken som har uttrykt en viss selvkritikk. R\u00f8dt var imot bombingen, men var ikke representert p\u00e5 Stortinget.<\/p>\n<p>En av de mest aktive p\u00e5driveren for norsk deltakelse, var Jan Egeland, dav\u00e6rende leder for regjeringens sikkerhetspolitiske utvalg. Han er i dag leder for Flyktninghjelpen. Da Gaddafi ble drept, uttalte han at diktatorer verden over hadde \u00aball mulig grunn til \u00e5 skjelve i buksene\u00bb og at \u00abverden er bedre enn sitt rykte\u00bb. Libya, mente han, hadde \u00aballe muligheter til \u00e5 bli et positivt unntak i den arabiske verden\u00bb.<\/p>\n<p>Alle de store avisene st\u00f8ttet bombinga.<\/p>\n<p>De intellektuelles svik<\/p>\n<p>Ogs\u00e5 intellektuelle sviktet. Professor i Midt\u00f8sten-historie Bj\u00f8rn Olav Utvik uttalte til NRK dagen Gaddafi ble drept at det var \u00abviktig\u00bb at han ble tatt \u00abp\u00e5 denne m\u00e5ten\u00bb, fordi det ville svekke bildet av ham som helt.<\/p>\n<p>I ettertid vet vi at dette \u00abindre oppr\u00f8ret\u00bb ble avgjort av utenlandske spesialstyrker. Det var Qatars flagg som vaiet over Gaddafis hovedkvarter i Tripoli etter at deres styrker hadde erobret byen.<\/p>\n<p>Som Jan Myrdal skrev om Vestens intellektuelle i En illojal europeers bekjennelser (1968) \u00a0\u00abVi er ikke bevissthetens b\u00e6rere. Vi er bevissthetens luddere\u00bb.<\/p>\n<p><strong>Kilder:\u00a0<\/strong><\/p>\n<p><img loading=\"lazy\" data-recalc-dims=\"1\" decoding=\"async\" width=\"300\" height=\"514\" src=\"https:\/\/www.europesays.com\/no\/wp-content\/uploads\/2026\/01\/image-12.jpg\" alt=\"\" class=\"wp-image-157330\"  \/><\/p>\n<p>Ola Tunander: Libyakrigen. Bruken av retorikk og bedrag for \u00e5 \u00f8delegge en stat (2018)<\/p>\n<p><a href=\"https:\/\/www.aftenposten.no\/meninger\/kronikk\/i\/Kvm4a4\/det-politiske-lederskapet-vil-krige-i-verden-men-ikke-laere-om-den-terje-tvedt\" rel=\"nofollow noopener\" target=\"_blank\">Terje Tvedt: Det politiske lederskapet vil krige i verden, men ikke l\u00e6re av den<\/a>\u00a0 Aftenposten 30\/9 \u2013 2018.<\/p>\n<p>Ellers er alle sitatene fra norske politikere om Libya hentet fra Terje Tvedt \u00abNorske Tenkem\u00e5ter bind 1 og 2\u00bb.<\/p>\n<p>House of Commons (2016): Libya: Examination of intervention and collapse<br \/>The Intercept, 28.08.2018<\/p>\n<p><a href=\"https:\/\/www.refugeesinlibya.org\/book-of-shame\" rel=\"nofollow noopener\" target=\"_blank\">Book of Shame \u2013 f\u00f8rste bind<\/a><\/p>\n<p><a href=\"https:\/\/www.vg.no\/nyheter\/i\/1mpbe\/eksperter-symbolsk-viktig-aa-bli-kvitt-gaddafi\" rel=\"nofollow noopener\" target=\"_blank\">Eksperter: Symbolsk viktig \u00e5 bli kvitt Gaddafi<\/a>\u00a0 VG 21\/10 \u2013 2011<\/p>\n<p><a href=\"https:\/\/www.regjeringen.no\/no\/dokumentarkiv\/regjeringen-solberg\/aktuelt-regjeringen-solberg\/fd\/taler-og-innlegg\/ministeren\/taler-og-artikler-av-forsvarsminister-in\/2014\/norsk-luftmakt-som-en-relevant-og-effekt\/id750997\/\" rel=\"nofollow noopener\" target=\"_blank\">Ine Eriksen S\u00f8reide: \u00abNorsk luftmakt som en relevant og effektiv bidragsyter til Nato\u00bb\u00a0<\/a>\u00a0Foredrag 11\/2 \u2013 2014\u00a0 Forsvarsdep.<\/p>\n<p>Denne artikkelen bygger p\u00e5 en tekst jeg skreiv i 2018: <a href=\"https:\/\/andresensblogg.no\/hvem-myrda-muammar-al-gaddafi\/\" rel=\"nofollow noopener\" target=\"_blank\">&laquo;Hvem myrda Mohammar al-Gaddafi?&raquo;<\/a>  Bildet av Gaddafi \u00f8verst er henta fra Wikimedia Commons.<\/p>\n<p>Les ogs\u00e5:<\/p>\n<p>Denne artikkelen ble publisert p\u00e5 <a href=\"https:\/\/andresensblogg.no\/hvem-tok-livet-av-muammar-al-gaddafi\/\" rel=\"nofollow noopener\" target=\"_blank\">bloggen<\/a> til \u00d8yvind Andresen.<\/p>\n","protected":false},"excerpt":{"rendered":"Moammar al-Gaddafi p\u00e5 statsbes\u00f8k i Kiev 4. november 2008. Shutterstock. Det er snart femten \u00e5r siden Norge aktivt&hellip;\n","protected":false},"author":2,"featured_media":132378,"comment_status":"","ping_status":"","sticky":false,"template":"","format":"standard","meta":{"footnotes":""},"categories":[12],"tags":[20,21,24,25,15,22,23,13,30,28,29,14,16,26,27,42,43,44,45],"class_list":{"0":"post-132377","1":"post","2":"type-post","3":"status-publish","4":"format-standard","5":"has-post-thumbnail","7":"category-verden","8":"tag-breaking-news","9":"tag-breakingnews","10":"tag-featured-news","11":"tag-featurednews","12":"tag-headlines","13":"tag-latest-news","14":"tag-latestnews","15":"tag-news","16":"tag-no","17":"tag-norge","18":"tag-norway","19":"tag-nyheter","20":"tag-overskrifter","21":"tag-top-stories","22":"tag-topstories","23":"tag-verden","24":"tag-world","25":"tag-world-news","26":"tag-worldnews"},"share_on_mastodon":{"url":"https:\/\/pubeurope.com\/@no\/115861035785467036","error":""},"_links":{"self":[{"href":"https:\/\/www.europesays.com\/no\/wp-json\/wp\/v2\/posts\/132377","targetHints":{"allow":["GET"]}}],"collection":[{"href":"https:\/\/www.europesays.com\/no\/wp-json\/wp\/v2\/posts"}],"about":[{"href":"https:\/\/www.europesays.com\/no\/wp-json\/wp\/v2\/types\/post"}],"author":[{"embeddable":true,"href":"https:\/\/www.europesays.com\/no\/wp-json\/wp\/v2\/users\/2"}],"replies":[{"embeddable":true,"href":"https:\/\/www.europesays.com\/no\/wp-json\/wp\/v2\/comments?post=132377"}],"version-history":[{"count":0,"href":"https:\/\/www.europesays.com\/no\/wp-json\/wp\/v2\/posts\/132377\/revisions"}],"wp:featuredmedia":[{"embeddable":true,"href":"https:\/\/www.europesays.com\/no\/wp-json\/wp\/v2\/media\/132378"}],"wp:attachment":[{"href":"https:\/\/www.europesays.com\/no\/wp-json\/wp\/v2\/media?parent=132377"}],"wp:term":[{"taxonomy":"category","embeddable":true,"href":"https:\/\/www.europesays.com\/no\/wp-json\/wp\/v2\/categories?post=132377"},{"taxonomy":"post_tag","embeddable":true,"href":"https:\/\/www.europesays.com\/no\/wp-json\/wp\/v2\/tags?post=132377"}],"curies":[{"name":"wp","href":"https:\/\/api.w.org\/{rel}","templated":true}]}}