{"id":132381,"date":"2026-01-08T19:06:45","date_gmt":"2026-01-08T19:06:45","guid":{"rendered":"https:\/\/www.europesays.com\/no\/132381\/"},"modified":"2026-01-08T19:06:45","modified_gmt":"2026-01-08T19:06:45","slug":"stabaek-fotball-sport-oscar-23-er-klar-for-stabaek","status":"publish","type":"post","link":"https:\/\/www.europesays.com\/no\/132381\/","title":{"rendered":"Stab\u00e6k fotball, Sport | Oscar (23) er klar for Stab\u00e6k"},"content":{"rendered":"\n<p>\u2013 Han er en spiller med gode ferdigheter, god fotballforst\u00e5else og er trygg med ballen. Vi har fulgt Oscar over tid, og mener han passer godt inn i m\u00e5ten vi \u00f8nsker \u00e5 spille p\u00e5. Vi er sv\u00e6rt glade for at han n\u00e5 har signert, og ser frem til \u00e5 bli enda bedre kjent med han fremover, sier Thomas Finstad, som er sportssjef i Stab\u00e6k, til <a href=\"https:\/\/www.stabak.no\/nyheter\/oscar-solnordal-23-klar-for-stabaek\" rel=\"Follow nofollow noopener\" target=\"_blank\">Stab\u00e6ks hjemmeside<\/a>.<\/p>\n<p>Spilleren han \u00f8nsker velkommen til Nadderud er Oscar Soln\u00f8rdal. 23-\u00e5ringen kommer til Stab\u00e6k fra Brattv\u00e5g, hvor han var kaptein og scoret 10 m\u00e5l p\u00e5 26 kamper forrige sesong. Brattv\u00e5g tapte kvalifiseringen til OBOS-ligaen mot Moss i november.<\/p>\n<p>  <a href=\"https:\/\/www.budstikka.no\/5-55-2175696\" class=\"related-teaser has-image default-story-teaser article--c-eRUmMG article--c-eRUmMG-jKCPdD-design-default\" rel=\"nofollow noopener\" target=\"_blank\"><\/p>\n<p>    <img decoding=\"async\" loading=\"lazy\"  src=\"https:\/\/www.europesays.com\/no\/wp-content\/uploads\/2026\/01\/Abel+7+.jpg\" alt=\"\" class=\"brick-c-cFOWSL\" style=\"\"\/><\/p>\n<p>\n            Les ogs\u00e5<\/p>\n<p>              Sender 16-\u00e5ring utenlands \u2013 kan f\u00e5 over 20 millioner\n        <\/p>\n<p>  <\/a><\/p>\n<p>Soln\u00f8rdal gikk gradene i Aalesund som ung, i tillegg til \u00e5 v\u00e6re innom ungdomsavdelingen til Rosenborg. Han debuterte i OBOS-ligaen for Aalesund 2021 og Eliteserien i 2022.<\/p>\n<p>Soln\u00f8rdal har signert en tre\u00e5rskontrakt med Stab\u00e6k.<\/p>\n<p>  <a href=\"https:\/\/www.budstikka.no\/5-55-2175360\" class=\"related-teaser has-image default-story-teaser article--c-eRUmMG article--c-eRUmMG-jKCPdD-design-default\" rel=\"nofollow noopener\" target=\"_blank\"><\/p>\n<p>    <img decoding=\"async\" loading=\"lazy\"  src=\"https:\/\/www.europesays.com\/no\/wp-content\/uploads\/2026\/01\/Eggen_Vinge+%281%29.jpg\" alt=\"\" class=\"brick-c-cFOWSL\" style=\"\"\/><\/p>\n<p>\n            Les ogs\u00e5<\/p>\n<p>              Bekrefter: Solgt!\n        <\/p>\n<p>  <\/a><\/p>\n","protected":false},"excerpt":{"rendered":"\u2013 Han er en spiller med gode ferdigheter, god fotballforst\u00e5else og er trygg med ballen. Vi har fulgt&hellip;\n","protected":false},"author":2,"featured_media":132382,"comment_status":"","ping_status":"","sticky":false,"template":"","format":"standard","meta":{"footnotes":""},"categories":[59],"tags":[36,92,30,28,29,83,82,1267,1510],"class_list":{"0":"post-132381","1":"post","2":"type-post","3":"status-publish","4":"format-standard","5":"has-post-thumbnail","7":"category-sport","8":"tag-art","9":"tag-fotball","10":"tag-no","11":"tag-norge","12":"tag-norway","13":"tag-sport","14":"tag-sports","15":"tag-stabaek-fotball","16":"tag-story"},"share_on_mastodon":{"url":"https:\/\/pubeurope.com\/@no\/115861047386804404","error":""},"_links":{"self":[{"href":"https:\/\/www.europesays.com\/no\/wp-json\/wp\/v2\/posts\/132381","targetHints":{"allow":["GET"]}}],"collection":[{"href":"https:\/\/www.europesays.com\/no\/wp-json\/wp\/v2\/posts"}],"about":[{"href":"https:\/\/www.europesays.com\/no\/wp-json\/wp\/v2\/types\/post"}],"author":[{"embeddable":true,"href":"https:\/\/www.europesays.com\/no\/wp-json\/wp\/v2\/users\/2"}],"replies":[{"embeddable":true,"href":"https:\/\/www.europesays.com\/no\/wp-json\/wp\/v2\/comments?post=132381"}],"version-history":[{"count":0,"href":"https:\/\/www.europesays.com\/no\/wp-json\/wp\/v2\/posts\/132381\/revisions"}],"wp:featuredmedia":[{"embeddable":true,"href":"https:\/\/www.europesays.com\/no\/wp-json\/wp\/v2\/media\/132382"}],"wp:attachment":[{"href":"https:\/\/www.europesays.com\/no\/wp-json\/wp\/v2\/media?parent=132381"}],"wp:term":[{"taxonomy":"category","embeddable":true,"href":"https:\/\/www.europesays.com\/no\/wp-json\/wp\/v2\/categories?post=132381"},{"taxonomy":"post_tag","embeddable":true,"href":"https:\/\/www.europesays.com\/no\/wp-json\/wp\/v2\/tags?post=132381"}],"curies":[{"name":"wp","href":"https:\/\/api.w.org\/{rel}","templated":true}]}}