{"id":132383,"date":"2026-01-08T19:10:08","date_gmt":"2026-01-08T19:10:08","guid":{"rendered":"https:\/\/www.europesays.com\/no\/132383\/"},"modified":"2026-01-08T19:10:08","modified_gmt":"2026-01-08T19:10:08","slug":"gronland-danmark-danmarks-ambassador-i-moter-i-det-hvite-hus","status":"publish","type":"post","link":"https:\/\/www.europesays.com\/no\/132383\/","title":{"rendered":"Gr\u00f8nland, Danmark | Danmarks ambassad\u00f8r i m\u00f8ter i Det hvite hus"},"content":{"rendered":"\n<p>Det melder b\u00e5de <a href=\"https:\/\/www.dr.dk\/nyheder\/indland\/groenland\/live-storpolitisk-drama-mellem-usa-danmark-og-groenland?focusId=10817647\" rel=\"nofollow noopener\" target=\"_blank\">Danmarks Radio<\/a> , dansk <a href=\"https:\/\/nyheder.tv2.dk\/live\/2025-01-06-kampen-om-groenlands-fremtid\/danmarks-ambassadoer-paa-vej-til-det-hvide-hus-erfarer-tv-2?entry=a1820925-8e13-423c-a414-cf518e90b845\" rel=\"nofollow noopener\" target=\"_blank\">TV2<\/a> og avisen <a href=\"https:\/\/www.berlingske.dk\/indland\/kampen-om-groenland--foelg-med-her-7?directpost=10817608\" rel=\"nofollow noopener\" target=\"_blank\">Berlingske<\/a>.<\/p>\n<p>Gr\u00f8nlands representasjonssjef i USA Jacob Isbosethsen deltar ogs\u00e5, skriver de.<\/p>\n<p>M\u00f8tet skal v\u00e6re med h\u00f8ytst\u00e5ende amerikanske embetsmenn. Det er ikke kjent hva de snakker om.<\/p>\n<p>De har ogs\u00e5 m\u00f8tt amerikanske politikere i kongressen tidligere i dag, skriver de.<\/p>\n<p>USAs utenriksminister Marco Rubio sa onsdag at han etter foresp\u00f8rsel kom til \u00e5 ta imot representanter fra Danmark og Gr\u00f8nland i et m\u00f8te neste uke.<\/p>\n","protected":false},"excerpt":{"rendered":"Det melder b\u00e5de Danmarks Radio , dansk TV2 og avisen Berlingske. Gr\u00f8nlands representasjonssjef i USA Jacob Isbosethsen deltar&hellip;\n","protected":false},"author":2,"featured_media":132384,"comment_status":"","ping_status":"","sticky":false,"template":"","format":"standard","meta":{"footnotes":""},"categories":[12],"tags":[20,21,24,25,15,22,23,13,30,28,29,14,16,26,27,42,43,44,45],"class_list":{"0":"post-132383","1":"post","2":"type-post","3":"status-publish","4":"format-standard","5":"has-post-thumbnail","7":"category-verden","8":"tag-breaking-news","9":"tag-breakingnews","10":"tag-featured-news","11":"tag-featurednews","12":"tag-headlines","13":"tag-latest-news","14":"tag-latestnews","15":"tag-news","16":"tag-no","17":"tag-norge","18":"tag-norway","19":"tag-nyheter","20":"tag-overskrifter","21":"tag-top-stories","22":"tag-topstories","23":"tag-verden","24":"tag-world","25":"tag-world-news","26":"tag-worldnews"},"share_on_mastodon":{"url":"https:\/\/pubeurope.com\/@no\/115861063203975503","error":""},"_links":{"self":[{"href":"https:\/\/www.europesays.com\/no\/wp-json\/wp\/v2\/posts\/132383","targetHints":{"allow":["GET"]}}],"collection":[{"href":"https:\/\/www.europesays.com\/no\/wp-json\/wp\/v2\/posts"}],"about":[{"href":"https:\/\/www.europesays.com\/no\/wp-json\/wp\/v2\/types\/post"}],"author":[{"embeddable":true,"href":"https:\/\/www.europesays.com\/no\/wp-json\/wp\/v2\/users\/2"}],"replies":[{"embeddable":true,"href":"https:\/\/www.europesays.com\/no\/wp-json\/wp\/v2\/comments?post=132383"}],"version-history":[{"count":0,"href":"https:\/\/www.europesays.com\/no\/wp-json\/wp\/v2\/posts\/132383\/revisions"}],"wp:featuredmedia":[{"embeddable":true,"href":"https:\/\/www.europesays.com\/no\/wp-json\/wp\/v2\/media\/132384"}],"wp:attachment":[{"href":"https:\/\/www.europesays.com\/no\/wp-json\/wp\/v2\/media?parent=132383"}],"wp:term":[{"taxonomy":"category","embeddable":true,"href":"https:\/\/www.europesays.com\/no\/wp-json\/wp\/v2\/categories?post=132383"},{"taxonomy":"post_tag","embeddable":true,"href":"https:\/\/www.europesays.com\/no\/wp-json\/wp\/v2\/tags?post=132383"}],"curies":[{"name":"wp","href":"https:\/\/api.w.org\/{rel}","templated":true}]}}