{"id":132387,"date":"2026-01-08T19:12:10","date_gmt":"2026-01-08T19:12:10","guid":{"rendered":"https:\/\/www.europesays.com\/no\/132387\/"},"modified":"2026-01-08T19:12:10","modified_gmt":"2026-01-08T19:12:10","slug":"fra-himmel-til-helvete","status":"publish","type":"post","link":"https:\/\/www.europesays.com\/no\/132387\/","title":{"rendered":"\u2013 Fra himmel til helvete"},"content":{"rendered":"\n<p class=\"_lead_o9xde_2 _lead_xtcu6_50 layout-component text-serif-m layout-normal text-serif-l layout-component layout-wide layout-padded _wide_17hqh_1 layout-padded\">(Norge-Danmark 26\u201334) En god 1. omgang ble forvandlet til et mareritt etter pause.<\/p>\n<p><img alt=\" Foto: Bj\u00f8rn S. Delebekk \/ VG\" class=\"_image_qp4xg_65 layout-component layout-wide\" data-fullscreen- data-track-element-type=\"Article image fullscreen\" data-track-name=\"ImageFullscreen\" fetchpriority=\"high\" decoding=\"sync\" loading=\"eager\" height=\"4272\" itemprop=\"image\"  src=\"https:\/\/www.europesays.com\/no\/wp-content\/uploads\/2026\/01\/61ceebeb-edc8-455d-b729-9fff5078ef22.png\"  style=\"object-position:0% 0%\" width=\"6400\"\/> Foto: Bj\u00f8rn S. Delebekk \/ VG<\/p>\n<ul aria-hidden=\"true\" class=\"_images_ntbth_112\">\n<li><a class=\"_link_ntbth_117\" href=\"https:\/\/www.vg.no\/forfatter\/jostein-overvik\" style=\"z-index:1\" title=\"Jostein Overvik\" rel=\"nofollow noopener\" target=\"_blank\"><img alt=\"Bilde av Jostein Overvik\" class=\"_image_ntbth_93\" fetchpriority=\"low\" loading=\"lazy\" decoding=\"async\" itemprop=\"image\"  src=\"https:\/\/www.europesays.com\/no\/wp-content\/uploads\/2026\/01\/1767899529_129_9167fa6a-7320-4d6f-b3c9-6c4ecb8beb8c.jpeg\"  width=\"480\"\/><\/a><\/li>\n<\/ul>\n<p> Oppdatert torsdag 8. januar kl. 19:46     <\/p>\n<p class=\"_paragraph_o9xde_4 _paragraph_xtcu6_10 layout-component text-serif-m layout-normal text-serif-m layout-padded\">Torbj\u00f8rn Bergerud dominerte og Norge spilte jevnt med Danmark i de f\u00f8rste 30 minuttene i Nederland. Men s\u00e5 var det slutt. Helt slutt. En uke f\u00f8r EM-\u00e5pningen mot Ukraina.<\/p>\n<p class=\"_paragraph_o9xde_4 _paragraph_xtcu6_10 layout-component text-serif-m layout-normal text-serif-m layout-padded\">\u2013 Fra himmel til helvete p\u00e5 et dr\u00f8yt kvarter, kommenterte TV 2s Harald Bredeli i Norges elendige kvarter i 2. omgang. Plutselig ledet danskene med 10 m\u00e5l.<\/p>\n<p class=\"_paragraph_o9xde_4 _paragraph_xtcu6_10 layout-component text-serif-m layout-normal text-serif-m layout-padded\">\u2013 En stygg periode, mener landslagssjef Jonas Wille.<\/p>\n<p class=\"_paragraph_o9xde_4 _paragraph_xtcu6_10 layout-component text-serif-m layout-normal text-serif-m layout-padded\">\u2013 Vi og jeg bommer for mye, sier Sander Sagosen. Han mener at Norge ble \u00abovermatchet\u00bb.<\/p>\n<p class=\"_paragraph_o9xde_4 _paragraph_xtcu6_10 layout-component text-serif-m layout-normal text-serif-m layout-padded\">Det er n\u00e5 fem \u00e5r og 13 kamper siden Norge slo laget som har vunnet VM fire ganger p\u00e5 rad. <\/p>\n<p class=\"_paragraph_o9xde_4 _paragraph_xtcu6_10 layout-component text-serif-m layout-normal text-serif-m layout-padded\">P\u00e5 grunn av sn\u00f8kaos p\u00e5 Schiphol m\u00e5tte danskene kj\u00f8re buss til Nederland i 13 timer onsdag. Mathias Gidsel (10 m\u00e5l) dominerte etter hvert sammen med Simon Pytlick (9 m\u00e5l).<\/p>\n<p><img alt=\"Foto: Ole Martin Wold \/ NTB\" class=\"_image_qp4xg_65 layout-component layout-normal\" data-fullscreen- data-track-element-type=\"Article image fullscreen\" data-track-name=\"ImageFullscreen\" decoding=\"async\" loading=\"lazy\" height=\"2468\" itemprop=\"image\"  src=\"https:\/\/www.europesays.com\/no\/wp-content\/uploads\/2026\/01\/39c13790-591e-49ae-bc14-1cc1b672aae5.jpeg\"  style=\"object-position:0% 0%\" width=\"3702\"\/>Foto: Ole Martin Wold \/ NTB<\/p>\n<p class=\"_paragraph_o9xde_4 _paragraph_xtcu6_10 layout-component text-serif-m layout-normal text-serif-m layout-padded\">Men halvveis sto det 13\u201313.<\/p>\n<p class=\"_paragraph_o9xde_4 _paragraph_xtcu6_10 layout-component text-serif-m layout-normal text-serif-m layout-padded\">Aller mest p\u00e5 grunn av Torbj\u00f8rn Bergeruds 11 redninger.<\/p>\n<p class=\"_paragraph_o9xde_4 _paragraph_xtcu6_10 layout-component text-serif-m layout-normal text-serif-m layout-padded\">\u2013 Glitrende, var karakteristikken fra TV 2s ekspert, Gro Hammerseng-Edin.<\/p>\n<p class=\"_paragraph_o9xde_4 _paragraph_xtcu6_10 layout-component text-serif-m layout-normal text-serif-m layout-padded\">Verdens beste h\u00e5ndballspiller, Gidsel, var en av danskene som var i problemer mot den norske keeperen.<\/p>\n<p class=\"_paragraph_o9xde_4 _paragraph_xtcu6_10 layout-component text-serif-m layout-normal text-serif-m layout-padded\">Faktisk \u00abledet\u00bb Bergerud 11\u20134 over Danmark-m\u00e5lvakt Emil Nielsen etter de f\u00f8rste 30 minuttene. Han fikk god hjelp av et forsvar anf\u00f8rt av den nye landslagskapteinen, Vetle Eck Aga.<\/p>\n<p class=\"_paragraph_o9xde_4 _paragraph_xtcu6_10 layout-component text-serif-m layout-normal text-serif-m layout-padded\">\u2013 Vi klarer \u00e5 gi Torbj\u00f8rn gode betingelser, sier Eck Aga til TV 2.<\/p>\n<p class=\"_paragraph_o9xde_4 _paragraph_xtcu6_10 layout-component text-serif-m layout-normal text-serif-m layout-padded\">Det skulle ikke vare. Men de norske keeperne Bergerud (13 redninger) og Robin Haug (5 redninger) gjorde jobben sin.<\/p>\n<p>Norges EM-gruppespill<\/p>\n<p class=\"_paragraph_o9xde_4 _paragraph_xtcu6_10 _paragraph_16v91_10 layout-component text-serif-m layout-normal text-sans-m layout-padded\">15. januar kl. 20.30: Norge \u2013 Ukraina (Unity Arena).<\/p>\n<p class=\"_paragraph_o9xde_4 _paragraph_xtcu6_10 _paragraph_16v91_10 layout-component text-serif-m layout-normal text-sans-m layout-padded\">17. januar kl. 20.30: Tsjekkia \u2013 Norge (Unity Arena).<\/p>\n<p class=\"_paragraph_o9xde_4 _paragraph_xtcu6_10 _paragraph_16v91_10 layout-component text-serif-m layout-normal text-sans-m layout-padded\">19. januar kl. 20.30: Frankrike \u2013 Norge (Unity Arena).<\/p>\n<p>Vis mer<\/p>\n<p class=\"_paragraph_o9xde_4 _paragraph_xtcu6_10 layout-component text-serif-m layout-normal text-serif-m layout-padded\">Alexander Blonz er tilbake p\u00e5 venstre kant. Han satte straffene i m\u00e5l og gjorde en bra kamp. Han endte p\u00e5 seks m\u00e5l.<\/p>\n<p class=\"_paragraph_o9xde_4 _paragraph_xtcu6_10 layout-component text-serif-m layout-normal text-serif-m layout-padded\">Simen Sch\u00f8nningsen gjorde comeback etter nesten fire \u00e5r borte fra landslaget med tre fine scoringer. Ogs\u00e5 kollegaen p\u00e5 h\u00f8yre bakspillerplass, Patrick Helland Anderson, leverte sterk skyting. Slikt trengs med Harald Reinkind og Magnus Abelvik R\u00f8d uaktuelle for EM-spill.<\/p>\n<p class=\"_paragraph_o9xde_4 _paragraph_xtcu6_10 layout-component text-serif-m layout-normal text-serif-m layout-padded\">21-\u00e5rige Helland Anderson fortsatte med nye scoringer i starten av 2. omgang. Han scoret fem m\u00e5l mot den sterke motstanderen.<\/p>\n<p><img alt=\"Foto: Erik Flaaris Johansen \/ NTB\" class=\"_image_qp4xg_65 layout-component layout-normal\" data-fullscreen- data-track-element-type=\"Article image fullscreen\" data-track-name=\"ImageFullscreen\" decoding=\"async\" loading=\"lazy\" height=\"533\" itemprop=\"image\"  src=\"https:\/\/www.europesays.com\/no\/wp-content\/uploads\/2026\/01\/e683f70c-2754-43da-b704-67bb2a25f22c.jpeg\"  style=\"object-position:0% 0%\" width=\"800\"\/>Foto: Erik Flaaris Johansen \/ NTB<\/p>\n<p class=\"_paragraph_o9xde_4 _paragraph_xtcu6_10 layout-component text-serif-m layout-normal text-serif-m layout-padded\">Men Norge var etter hvert sjansel\u00f8se p\u00e5 seier mot Danmark. Mathias Gidsel scoret syv m\u00e5l p\u00e5 rad. Norge var hektet av.<\/p>\n<p class=\"_paragraph_o9xde_4 _paragraph_xtcu6_10 layout-component text-serif-m layout-normal text-serif-m layout-padded\"><strong class=\"_strong_o9xde_25\">Sander Sagosen har hatt en positiv h\u00f8st i Aalborg etter \u00e5 ha v\u00e6rt \u00e5tte uker ute med en tommelskade. Men mot Danmark traff han bare p\u00e5 tre av ni skudd.<\/strong><\/p>\n<p class=\"_paragraph_o9xde_4 _paragraph_xtcu6_10 layout-component text-serif-m layout-normal text-serif-m layout-padded\">Angrepsesset Tobias Gr\u00f8ndahl var heller ikke god nok. Han leverte noen gode pasninger, men fem tekniske feil er altfor mye.<\/p>\n<p class=\"_paragraph_o9xde_4 _paragraph_xtcu6_10 layout-component text-serif-m layout-normal text-serif-m layout-padded\">Norges generalpr\u00f8ve f\u00f8r EM g\u00e5r mot Nederland l\u00f8rdag.<\/p>\n","protected":false},"excerpt":{"rendered":"(Norge-Danmark 26\u201334) En god 1. omgang ble forvandlet til et mareritt etter pause. Foto: Bj\u00f8rn S. Delebekk \/&hellip;\n","protected":false},"author":2,"featured_media":132388,"comment_status":"","ping_status":"","sticky":false,"template":"","format":"standard","meta":{"footnotes":""},"categories":[5],"tags":[20,21,24,25,105,13991,15,8794,19,22,23,17,18,13,30,28,29,14,16,26,27],"class_list":{"0":"post-132387","1":"post","2":"type-post","3":"status-publish","4":"format-standard","5":"has-post-thumbnail","7":"category-overskrifter","8":"tag-breaking-news","9":"tag-breakingnews","10":"tag-featured-news","11":"tag-featurednews","12":"tag-handball","13":"tag-handball-em","14":"tag-headlines","15":"tag-herrelandslaget-handball","16":"tag-hovedoppslag","17":"tag-latest-news","18":"tag-latestnews","19":"tag-main-news","20":"tag-mainnews","21":"tag-news","22":"tag-no","23":"tag-norge","24":"tag-norway","25":"tag-nyheter","26":"tag-overskrifter","27":"tag-top-stories","28":"tag-topstories"},"share_on_mastodon":{"url":"https:\/\/pubeurope.com\/@no\/115861071053762812","error":""},"_links":{"self":[{"href":"https:\/\/www.europesays.com\/no\/wp-json\/wp\/v2\/posts\/132387","targetHints":{"allow":["GET"]}}],"collection":[{"href":"https:\/\/www.europesays.com\/no\/wp-json\/wp\/v2\/posts"}],"about":[{"href":"https:\/\/www.europesays.com\/no\/wp-json\/wp\/v2\/types\/post"}],"author":[{"embeddable":true,"href":"https:\/\/www.europesays.com\/no\/wp-json\/wp\/v2\/users\/2"}],"replies":[{"embeddable":true,"href":"https:\/\/www.europesays.com\/no\/wp-json\/wp\/v2\/comments?post=132387"}],"version-history":[{"count":0,"href":"https:\/\/www.europesays.com\/no\/wp-json\/wp\/v2\/posts\/132387\/revisions"}],"wp:featuredmedia":[{"embeddable":true,"href":"https:\/\/www.europesays.com\/no\/wp-json\/wp\/v2\/media\/132388"}],"wp:attachment":[{"href":"https:\/\/www.europesays.com\/no\/wp-json\/wp\/v2\/media?parent=132387"}],"wp:term":[{"taxonomy":"category","embeddable":true,"href":"https:\/\/www.europesays.com\/no\/wp-json\/wp\/v2\/categories?post=132387"},{"taxonomy":"post_tag","embeddable":true,"href":"https:\/\/www.europesays.com\/no\/wp-json\/wp\/v2\/tags?post=132387"}],"curies":[{"name":"wp","href":"https:\/\/api.w.org\/{rel}","templated":true}]}}