{"id":132394,"date":"2026-01-08T19:18:22","date_gmt":"2026-01-08T19:18:22","guid":{"rendered":"https:\/\/www.europesays.com\/no\/132394\/"},"modified":"2026-01-08T19:18:22","modified_gmt":"2026-01-08T19:18:22","slug":"nye-helgelandssykehuset-influensa-opprettholder-stengingen-pa-helgelandssykehuset-grunnet-influensautbruddet","status":"publish","type":"post","link":"https:\/\/www.europesays.com\/no\/132394\/","title":{"rendered":"Nye Helgelandssykehuset, Influensa | Opprettholder stengingen p\u00e5 Helgelandssykehuset grunnet influensautbruddet"},"content":{"rendered":"\n<p>Det er i en pressemelding Helgelandssykehuset melder at sengepostene p\u00e5 sykehusene p\u00e5 Helgeland fortsatt er stengt for bes\u00f8kende, dette grunnet influensautbruddet.<\/p>\n<p>\u2013 P\u00e5 Helgeland startet influensautbruddet noe senere enn i resten av landet, dermed ser det ut til at den h\u00f8yeste smittebelastningen enn\u00e5 ikke er n\u00e5dd i regionen, uttaler klinikksjef for medisinsk klinikk, Ole Johnny Pettersen.<\/p>\n<p>Det var den 18. desember Helgelandssykehuset stengte for bes\u00f8kende ved avdelingen i Mo i Rana. Senere stengte ogs\u00e5 avdelinger andre steder p\u00e5 Helgeland.<\/p>\n<p>Tiltaket er iverksatt for \u00e5 forebygge smittespredning av influensa, covid-19 og andre luftveisinfeksjoner, samt for \u00e5 ivareta pasientsikkerheten og helsepersonellets arbeidsmilj\u00f8.<\/p>\n<p>Bes\u00f8ksrestriksjonene vil gjelde inntil smittepresset avtar. Det vil bli gitt ny informasjon n\u00e5r situasjonen endrer seg.<\/p>\n<p>  <a href=\"https:\/\/www.ranablad.no\/5-42-1534903\" class=\"related-teaser has-image default-story-teaser article--c-eRUmMG article--c-eRUmMG-jKCPdD-design-default\" rel=\"nofollow noopener\" target=\"_blank\"><\/p>\n<p>    <img decoding=\"async\" loading=\"lazy\"  src=\"https:\/\/www.europesays.com\/no\/wp-content\/uploads\/2026\/01\/5_42_1343189+e4178535+1b3e+4dec+bf24+d5909dd7ade8.bin.jpeg\" alt=\"\" class=\"brick-c-cFOWSL\" style=\"\"\/><\/p>\n<p>\n            Les ogs\u00e5<\/p>\n<p>              Influensautbrudd: Stenger medisinsk sengepost for bes\u00f8k &#8211; redusert kapasitet i helsetjenestene til Rana kommune\n        <\/p>\n<p>  <\/a><\/p>\n<p>  <a href=\"https:\/\/www.ranablad.no\/5-42-1537524\" class=\"related-teaser has-image default-story-teaser article--c-eRUmMG article--c-eRUmMG-jKCPdD-design-default\" rel=\"nofollow noopener\" target=\"_blank\"><\/p>\n<p>    <img decoding=\"async\" loading=\"lazy\"  src=\"https:\/\/www.europesays.com\/no\/wp-content\/uploads\/2026\/01\/cueres_scp-mangler_navn_W2Y2UYz3uzc.jpg\" alt=\"\" class=\"brick-c-cFOWSL\" style=\"\"\/><\/p>\n<p>\n            Les ogs\u00e5<\/p>\n<p>              Markant \u00f8kning \u2013 derfor er influensaviruset spesielt i \u00e5r\n        <\/p>\n<p>  <\/a><\/p>\n","protected":false},"excerpt":{"rendered":"Det er i en pressemelding Helgelandssykehuset melder at sengepostene p\u00e5 sykehusene p\u00e5 Helgeland fortsatt er stengt for bes\u00f8kende,&hellip;\n","protected":false},"author":2,"featured_media":116621,"comment_status":"","ping_status":"","sticky":false,"template":"","format":"standard","meta":{"footnotes":""},"categories":[10],"tags":[36,20,21,24,25,15,3413,7141,22,23,1782,1781,13,30,28,29,8266,14,16,1360,1510,26,27],"class_list":{"0":"post-132394","1":"post","2":"type-post","3":"status-publish","4":"format-standard","5":"has-post-thumbnail","7":"category-norge","8":"tag-art","9":"tag-breaking-news","10":"tag-breakingnews","11":"tag-featured-news","12":"tag-featurednews","13":"tag-headlines","14":"tag-hemnes","15":"tag-influensa","16":"tag-latest-news","17":"tag-latestnews","18":"tag-luroy","19":"tag-nesna","20":"tag-news","21":"tag-no","22":"tag-norge","23":"tag-norway","24":"tag-nye-helgelandssykehuset","25":"tag-nyheter","26":"tag-overskrifter","27":"tag-rana","28":"tag-story","29":"tag-top-stories","30":"tag-topstories"},"share_on_mastodon":{"url":"https:\/\/pubeurope.com\/@no\/115861094680452543","error":""},"_links":{"self":[{"href":"https:\/\/www.europesays.com\/no\/wp-json\/wp\/v2\/posts\/132394","targetHints":{"allow":["GET"]}}],"collection":[{"href":"https:\/\/www.europesays.com\/no\/wp-json\/wp\/v2\/posts"}],"about":[{"href":"https:\/\/www.europesays.com\/no\/wp-json\/wp\/v2\/types\/post"}],"author":[{"embeddable":true,"href":"https:\/\/www.europesays.com\/no\/wp-json\/wp\/v2\/users\/2"}],"replies":[{"embeddable":true,"href":"https:\/\/www.europesays.com\/no\/wp-json\/wp\/v2\/comments?post=132394"}],"version-history":[{"count":0,"href":"https:\/\/www.europesays.com\/no\/wp-json\/wp\/v2\/posts\/132394\/revisions"}],"wp:featuredmedia":[{"embeddable":true,"href":"https:\/\/www.europesays.com\/no\/wp-json\/wp\/v2\/media\/116621"}],"wp:attachment":[{"href":"https:\/\/www.europesays.com\/no\/wp-json\/wp\/v2\/media?parent=132394"}],"wp:term":[{"taxonomy":"category","embeddable":true,"href":"https:\/\/www.europesays.com\/no\/wp-json\/wp\/v2\/categories?post=132394"},{"taxonomy":"post_tag","embeddable":true,"href":"https:\/\/www.europesays.com\/no\/wp-json\/wp\/v2\/tags?post=132394"}],"curies":[{"name":"wp","href":"https:\/\/api.w.org\/{rel}","templated":true}]}}