{"id":132398,"date":"2026-01-08T19:27:16","date_gmt":"2026-01-08T19:27:16","guid":{"rendered":"https:\/\/www.europesays.com\/no\/132398\/"},"modified":"2026-01-08T19:27:16","modified_gmt":"2026-01-08T19:27:16","slug":"svalbard-er-norges-varmeste-sted-i-dag","status":"publish","type":"post","link":"https:\/\/www.europesays.com\/no\/132398\/","title":{"rendered":"Svalbard er Norges varmeste sted i dag"},"content":{"rendered":"<p class=\"extendedContent hyperion-css-eyn926\" data-test-tag=\"lead-text\">Mens \u00d8stlandet har temperaturer under 10 minus, har Svalbard plussgrader.<\/p>\n<p><img decoding=\"async\" class=\"image-asset hyperion-css-u06ts1\" data-test-tag=\"image-asset\" src=\"https:\/\/www.europesays.com\/no\/wp-content\/uploads\/2026\/01\/b3abc8fa-6450-4f4f-9873-562b89a8e523.jpeg\"  alt=\"Longyearbyen, Svalbard.\"  loading=\"eager\" fetchpriority=\"high\" style=\"aspect-ratio:2048 \/ 1365\"\/>Longyearbyen, Svalbard. Foto: Olav Olsen \/ Aftenposten<\/p>\n<p class=\"paywall hyperion-css-1j42uic\">Mens store deler av \u00d8stlandet gjorde seg klar til et sn\u00f8kaos som aldri kom, har Meteorologene kommet med en overraskende nyhet.<\/p>\n<p class=\"paywall hyperion-css-1j42uic\">Landets varmeste sted i dag, er Svalbard. Den arktiske \u00f8ya er det eneste stedet i Norge hvor det er plussgrader torsdag ettermiddag.<\/p>\n<p class=\"paywall hyperion-css-1j42uic\">\u2013 Grunnen er lavtrykk mellom Spitsbergen og Nordpolen som gir mild vind fra vest over \u00f8ygruppen, skriver de.<\/p>\n<p class=\"paywall hyperion-css-1j42uic\">\u2013 I tillegg blokkerer et h\u00f8ytrykk ved Bj\u00f8rn\u00f8ya kaldluften, slik at den blir liggende lenger s\u00f8r.<\/p>\n","protected":false},"excerpt":{"rendered":"Mens \u00d8stlandet har temperaturer under 10 minus, har Svalbard plussgrader. Longyearbyen, Svalbard. Foto: Olav Olsen \/ Aftenposten Mens&hellip;\n","protected":false},"author":2,"featured_media":132399,"comment_status":"","ping_status":"","sticky":false,"template":"","format":"standard","meta":{"footnotes":""},"categories":[12],"tags":[20,21,24,25,15,22,23,13,30,28,29,14,16,26,27,42,43,44,45],"class_list":{"0":"post-132398","1":"post","2":"type-post","3":"status-publish","4":"format-standard","5":"has-post-thumbnail","7":"category-verden","8":"tag-breaking-news","9":"tag-breakingnews","10":"tag-featured-news","11":"tag-featurednews","12":"tag-headlines","13":"tag-latest-news","14":"tag-latestnews","15":"tag-news","16":"tag-no","17":"tag-norge","18":"tag-norway","19":"tag-nyheter","20":"tag-overskrifter","21":"tag-top-stories","22":"tag-topstories","23":"tag-verden","24":"tag-world","25":"tag-world-news","26":"tag-worldnews"},"share_on_mastodon":{"url":"https:\/\/pubeurope.com\/@no\/115861130151845937","error":""},"_links":{"self":[{"href":"https:\/\/www.europesays.com\/no\/wp-json\/wp\/v2\/posts\/132398","targetHints":{"allow":["GET"]}}],"collection":[{"href":"https:\/\/www.europesays.com\/no\/wp-json\/wp\/v2\/posts"}],"about":[{"href":"https:\/\/www.europesays.com\/no\/wp-json\/wp\/v2\/types\/post"}],"author":[{"embeddable":true,"href":"https:\/\/www.europesays.com\/no\/wp-json\/wp\/v2\/users\/2"}],"replies":[{"embeddable":true,"href":"https:\/\/www.europesays.com\/no\/wp-json\/wp\/v2\/comments?post=132398"}],"version-history":[{"count":0,"href":"https:\/\/www.europesays.com\/no\/wp-json\/wp\/v2\/posts\/132398\/revisions"}],"wp:featuredmedia":[{"embeddable":true,"href":"https:\/\/www.europesays.com\/no\/wp-json\/wp\/v2\/media\/132399"}],"wp:attachment":[{"href":"https:\/\/www.europesays.com\/no\/wp-json\/wp\/v2\/media?parent=132398"}],"wp:term":[{"taxonomy":"category","embeddable":true,"href":"https:\/\/www.europesays.com\/no\/wp-json\/wp\/v2\/categories?post=132398"},{"taxonomy":"post_tag","embeddable":true,"href":"https:\/\/www.europesays.com\/no\/wp-json\/wp\/v2\/tags?post=132398"}],"curies":[{"name":"wp","href":"https:\/\/api.w.org\/{rel}","templated":true}]}}