{"id":132404,"date":"2026-01-08T19:35:08","date_gmt":"2026-01-08T19:35:08","guid":{"rendered":"https:\/\/www.europesays.com\/no\/132404\/"},"modified":"2026-01-08T19:35:08","modified_gmt":"2026-01-08T19:35:08","slug":"uteliv-oslo-oslos-mest-kjente-skeive-utested-er-konkurs","status":"publish","type":"post","link":"https:\/\/www.europesays.com\/no\/132404\/","title":{"rendered":"Uteliv, Oslo | Oslos mest kjente skeive utested er konkurs"},"content":{"rendered":"\n<p>\u2013 Det stemmer, sier daglig leder Jim Ekberg p\u00e5 Elsker til <a href=\"https:\/\/www.blikk.no\/bergen-elsker-elsker-oslo\/skeivt-utested-i-oslo-har-stengt-dorene-for-godt\/286477?fbclid=IwdGRleAPMtMBleHRuA2FlbQIxMQBzcnRjBmFwcF9pZAo2NjI4NTY4Mzc5AAEeGlmSv1e5FvQhs9iMUJPLlHm_QlZanuU8nau608v0_eyJUv3r6uCxUJWwBvs_aem_OfcAkzj2bmHSwX9VeZkA-g\" rel=\"nofollow noopener\" target=\"_blank\">Blikk<\/a>.<\/p>\n<p>Stengingen skjer etter n\u00e6rmere 20 \u00e5r som en del av det skeive utelivet i hovedstaden.<\/p>\n<p>Bostyrer Klemet Ingvar Gaski ble orientert om konkursen torsdag ettermiddag.<\/p>\n<p> \u2013 Det er forel\u00f8pig for tidlig \u00e5 si noe om antall kreditorer og detaljer i boet, sier han til <a href=\"https:\/\/www.ao.no\/utestedet-elsker-har-meldt-seg-selv-konkurs\/s\/5-128-1231080\" rel=\"nofollow noopener\" target=\"_blank\">Avisa Oslo<\/a>.<\/p>\n<p>If\u00f8lge kjennelsen fra Oslo tingrett har selskapet en samlet gjeld p\u00e5 3,5 millioner kroner, mens verdiene i boet kun er ansl\u00e5tt til rundt 500.000 kroner.<\/p>\n<p>\u00abDet fremg\u00e5r at gjelden er st\u00f8rre enn verdien av eiendelene og selskapet er insuffisient\u00bb, heter det i kjennelsen, if\u00f8lge Avisa Oslo.<\/p>\n<p>Elsker eies av Sbf AS, som er en del av utelivskonsertet Noho Norway, som eier flere kjente steder i Oslo. Blant annet Kulturhuset, Oslo Camping, Prindsens Hage og Youngs.<\/p>\n<p>I 2025 tapte Sbf to millioner kroner.<\/p>\n","protected":false},"excerpt":{"rendered":"\u2013 Det stemmer, sier daglig leder Jim Ekberg p\u00e5 Elsker til Blikk. Stengingen skjer etter n\u00e6rmere 20 \u00e5r&hellip;\n","protected":false},"author":2,"featured_media":132405,"comment_status":"","ping_status":"","sticky":false,"template":"","format":"standard","meta":{"footnotes":""},"categories":[10],"tags":[20,21,24,25,15,22,23,13,30,28,29,14,16,26,27],"class_list":{"0":"post-132404","1":"post","2":"type-post","3":"status-publish","4":"format-standard","5":"has-post-thumbnail","7":"category-norge","8":"tag-breaking-news","9":"tag-breakingnews","10":"tag-featured-news","11":"tag-featurednews","12":"tag-headlines","13":"tag-latest-news","14":"tag-latestnews","15":"tag-news","16":"tag-no","17":"tag-norge","18":"tag-norway","19":"tag-nyheter","20":"tag-overskrifter","21":"tag-top-stories","22":"tag-topstories"},"share_on_mastodon":{"url":"https:\/\/pubeurope.com\/@no\/115861161620446472","error":""},"_links":{"self":[{"href":"https:\/\/www.europesays.com\/no\/wp-json\/wp\/v2\/posts\/132404","targetHints":{"allow":["GET"]}}],"collection":[{"href":"https:\/\/www.europesays.com\/no\/wp-json\/wp\/v2\/posts"}],"about":[{"href":"https:\/\/www.europesays.com\/no\/wp-json\/wp\/v2\/types\/post"}],"author":[{"embeddable":true,"href":"https:\/\/www.europesays.com\/no\/wp-json\/wp\/v2\/users\/2"}],"replies":[{"embeddable":true,"href":"https:\/\/www.europesays.com\/no\/wp-json\/wp\/v2\/comments?post=132404"}],"version-history":[{"count":0,"href":"https:\/\/www.europesays.com\/no\/wp-json\/wp\/v2\/posts\/132404\/revisions"}],"wp:featuredmedia":[{"embeddable":true,"href":"https:\/\/www.europesays.com\/no\/wp-json\/wp\/v2\/media\/132405"}],"wp:attachment":[{"href":"https:\/\/www.europesays.com\/no\/wp-json\/wp\/v2\/media?parent=132404"}],"wp:term":[{"taxonomy":"category","embeddable":true,"href":"https:\/\/www.europesays.com\/no\/wp-json\/wp\/v2\/categories?post=132404"},{"taxonomy":"post_tag","embeddable":true,"href":"https:\/\/www.europesays.com\/no\/wp-json\/wp\/v2\/tags?post=132404"}],"curies":[{"name":"wp","href":"https:\/\/api.w.org\/{rel}","templated":true}]}}