{"id":132406,"date":"2026-01-08T19:36:09","date_gmt":"2026-01-08T19:36:09","guid":{"rendered":"https:\/\/www.europesays.com\/no\/132406\/"},"modified":"2026-01-08T19:36:09","modified_gmt":"2026-01-08T19:36:09","slug":"vi-ma-nok-doble-arbeidsstokken-nrk-troms-og-finnmark","status":"publish","type":"post","link":"https:\/\/www.europesays.com\/no\/132406\/","title":{"rendered":"\u2013 Vi m\u00e5 nok doble arbeidsstokken \u2013 NRK Troms og Finnmark"},"content":{"rendered":"<p><strong>\u2013 Det var veldig \u00abl\u00f8fte taket\u00bb-stemning, og vi feiret i kantinen med alkoholfrie bobler.<\/strong><\/p>\n<p>Det sier Kristine Remme Nordbakk, anleggsleder for Aibel Hammerfest, om nyheten Equinor slapp torsdag.<\/p>\n<p>Aibel er en av syv leverand\u00f8rbedrifter som har blitt tildelt nye rammeavtaler med Equinor, blant annet knyttet til vedlikehold og ombygginger p\u00e5 installasjoner p\u00e5 sokkelen og landanlegg.<\/p>\n<p>Verdien av alle kontraktene er p\u00e5 rundt 10 milliarder i \u00e5ret.<\/p>\n<p><strong>\u2013 Dette er blant de aller st\u00f8rste tildelingene Equinor har gjort, sier anskaffelsesdirekt\u00f8r Jannicke Nilsson i Equinor.<\/strong><\/p>\n<p><img decoding=\"async\"   src=\"data:image\/gif;base64,R0lGODlhAQABAIAAAAAAAP\/\/\/yH5BAEAAAAALAAAAAABAAEAAAIBRAA7\" loading=\"eager\" alt=\"Kristine Remme Nordbakk, anleggsleder hos Aibel i Hammerfest, sitter p\u00e5 kontoret foran pcen.\" title=\"Foto: Allan Klo \/ NRK\"\/><\/p>\n<p class=\"\">Kristine Remme Nordbakk, anleggsleder for Aibel i Hammerfest, kunne torsdag poppe de (alkoholfrie) boblene.<\/p>\n<p>Foto: Allan Klo \/ NRK<\/p>\n<p><strong>For Aibel er verdien for den faste avtaleperioden p\u00e5 fem \u00e5r, ansl\u00e5tt til inntil 20 milliarder kroner.<\/strong><\/p>\n<p>Aibel har b\u00e5de f\u00e5tt rammeavtale for landanlegg, som Hammerfest LNG og Mongstad, og for installasjoner p\u00e5 norsk sokkel, som Sleipner, Johan Castberg og Sn\u00f8hvit.<\/p>\n<p>\u2013 Det er en enorm tillit som vi f\u00e5r, som vi er veldig forn\u00f8yd med. Det gir oss en enorm mulighet i Hammerfest til vekst og \u00f8kning i antall ansatte og rekruttering, sier Remme Nordbakk.<\/p>\n<p>\u2013 Hvor mange ansatte m\u00e5 dere \u00f8ke med? <\/p>\n<p><strong>\u2013 Vi m\u00e5 nok i hvert fall doble arbeidsstokken, om ikke mer. Per i dag er vi rundt 70 p\u00e5 kontoret og ute p\u00e5 anlegget, s\u00e5 vi m\u00e5 nok doble det. <\/strong><\/p>\n<p><img decoding=\"async\"   src=\"data:image\/gif;base64,R0lGODlhAQABAIAAAAAAAP\/\/\/yH5BAEAAAAALAAAAAABAAEAAAIBRAA7\" loading=\"eager\" alt=\"Gassanlegget p\u00e5 Melk\u00f8ya ved Hammerfest\" title=\"Foto: Gunnar S\u00e6tra \/ NRK\"\/><\/p>\n<p class=\"\">Aibel har blant annet f\u00e5tt rammeavtalen for vedlikehold, erstatning og modifikasjoner ved Hammerfest LNG, bedre kjent som Melk\u00f8ya.<\/p>\n<p>Foto: Gunnar S\u00e6tra \/ NRK<\/p>\n<p>\u2013 Gir forutsigbarhet<\/p>\n<p>Kjell Gi\u00e6ver, direkt\u00f8r i Arctic Energy Partners, er enig i at dagens nyhet vil skape masse arbeidsplasser i nord, og gir god grunn til \u00e5 juble.<\/p>\n<p><strong>\u2013 Jeg tenker at de som vurderer \u00e5 flytte til Finnmark, det er bare \u00e5 bestille flyttebil og ta med seg familien. Dette er framtida og det er spennende arbeidsplasser.<\/strong><\/p>\n<p>Han forteller at 10 prosent av befolkningen i Hammerfest jobber innen olje- og gassn\u00e6ringen, og trekker frem Aibel som en av byens viktigste bedrifter.<\/p>\n<p>Gi\u00e6ver mener rammeavtalene gir bedriften muligheten til \u00e5 f\u00e5 underleveranser fra andre bedrifter i Finnmark.<\/p>\n<p><strong>\u2013 Dette gir forutsigbarhet. Dette gir trygghet for de arbeidsplassene som allerede er der, og det gir ogs\u00e5 spennende nye arbeidsplasser.<\/strong><\/p>\n<p><img decoding=\"async\"   src=\"data:image\/gif;base64,R0lGODlhAQABAIAAAAAAAP\/\/\/yH5BAEAAAAALAAAAAABAAEAAAIBRAA7\" loading=\"eager\" alt=\"Kjell Gi\u00e6ver, Arctic Energy Partners\" title=\"Foto: Arctic Energy Partners\"\/><\/p>\n<p class=\"\">Kjell Gi\u00e6ver i Arctic Energy Partners mener de nye rammeavtalene gir forutsigbarhet til Nord-Norge. <\/p>\n<p>Foto: Arctic Energy Partners<\/p>\n<p>Alt lyst ut stillinger<\/p>\n<p>Remme Nordbakk bekrefter at bedriften n\u00e5 f\u00e5r en langsiktighet som gir Aibel unike muligheter for rekruttering og satsing i nord.<\/p>\n<p><strong>Aibel har allerede lyst ut flere stillinger i Hammerfest. <\/strong><\/p>\n<p>\u2013 Norsk sokkel vil v\u00e6re b\u00e6rebjelken for Equinor i lang tid. Ambisjonen v\u00e5r er \u00e5 opprettholde et h\u00f8yt produksjonsniv\u00e5 og forutsigbare energileveranser til Europa mot 2035, sier konsernsjef for norsk sokkel i Equinor, Kjetil Hove.<\/p>\n<p>I likhet med Equinor s\u00e5 setter bedriften ogs\u00e5 krav til sine ansatte om \u00e5 bosette seg i kommunen.<\/p>\n<p><strong>\u2013 Skal du jobbe p\u00e5 kontoret v\u00e5rt i Hammerfest, s\u00e5 m\u00e5 du bo i Hammerfest. Men skal du jobbe p\u00e5 offshore-anleggene v\u00e5re, s\u00e5 har vi litt st\u00f8rre frihet, sier Remme Nordbakk.<\/strong><\/p>\n<p>Disse akt\u00f8rene f\u00e5r rammeavtaler:<\/p>\n<p><strong>Vedlikehold, erstatning og modifikasjoner (VEM) for installasjoner p\u00e5 norsk sokkel:<\/strong><\/p>\n<ul>\n<li>Aibel AS: Sleipner, Gudrun, Draupner, Gullfaks, Visund, Oseberg, Martin Linge, Aasta Hansteen, Norne, Johan Castberg og Sn\u00f8hvit.<\/li>\n<li>Aker Solutions AS: Johan Sverdrup, Grane, Troll, Kvitebj\u00f8rn, Valemon, Kristin, \u00c5sgard, Heidrun og Njord.<\/li>\n<li>Wood Group Norway AS: Snorre.<\/li>\n<\/ul>\n<p><strong>Vedlikehold, erstatning og modifikasjoner for landanlegg i Norge:<\/strong><\/p>\n<ul>\n<li>Aibel AS: Hammerfest LNG, Mongstad, K\u00e5rst\u00f8 og Tjeldbergodden.<\/li>\n<li>Aker Solutions AS: \u00d8ygarden (Kollsnes og Sture).<\/li>\n<\/ul>\n<p><strong>St\u00f8rre modifikasjoner (utvidet prosjekt) for installasjoner p\u00e5 norsk sokkel og landanleggene:<\/strong><\/p>\n<ul>\n<li>Aibel AS, Aker Solutions AS, Apply AS, Wood Group Norway AS: Leverand\u00f8rene er kvalifiserte som tilbydere for kommende anbudsrunder.<\/li>\n<\/ul>\n<p><strong>Vedlikehold og enkle prosjekt for utvalgte installasjoner p\u00e5 norsk sokkel:<\/strong><\/p>\n<ul>\n<li>Rosenberg Worley AS: Sleipner og Johan Sverdrup.<\/li>\n<li>Head Energy AS: Gullfaks, Oseberg og Troll.<\/li>\n<li>IKM Gruppen AS: \u00c5sgard og Heidrun.<\/li>\n<\/ul>\n<p>Publisert<\/p>\n<p>08.01.2026, kl. 19.04<\/p>\n","protected":false},"excerpt":{"rendered":"\u2013 Det var veldig \u00abl\u00f8fte taket\u00bb-stemning, og vi feiret i kantinen med alkoholfrie bobler. Det sier Kristine Remme&hellip;\n","protected":false},"author":2,"featured_media":132407,"comment_status":"","ping_status":"","sticky":false,"template":"","format":"standard","meta":{"footnotes":""},"categories":[5],"tags":[20,21,24,25,15,19,22,23,17,18,13,30,28,29,14,16,26,27],"class_list":{"0":"post-132406","1":"post","2":"type-post","3":"status-publish","4":"format-standard","5":"has-post-thumbnail","7":"category-overskrifter","8":"tag-breaking-news","9":"tag-breakingnews","10":"tag-featured-news","11":"tag-featurednews","12":"tag-headlines","13":"tag-hovedoppslag","14":"tag-latest-news","15":"tag-latestnews","16":"tag-main-news","17":"tag-mainnews","18":"tag-news","19":"tag-no","20":"tag-norge","21":"tag-norway","22":"tag-nyheter","23":"tag-overskrifter","24":"tag-top-stories","25":"tag-topstories"},"share_on_mastodon":{"url":"https:\/\/pubeurope.com\/@no\/115861165443758346","error":""},"_links":{"self":[{"href":"https:\/\/www.europesays.com\/no\/wp-json\/wp\/v2\/posts\/132406","targetHints":{"allow":["GET"]}}],"collection":[{"href":"https:\/\/www.europesays.com\/no\/wp-json\/wp\/v2\/posts"}],"about":[{"href":"https:\/\/www.europesays.com\/no\/wp-json\/wp\/v2\/types\/post"}],"author":[{"embeddable":true,"href":"https:\/\/www.europesays.com\/no\/wp-json\/wp\/v2\/users\/2"}],"replies":[{"embeddable":true,"href":"https:\/\/www.europesays.com\/no\/wp-json\/wp\/v2\/comments?post=132406"}],"version-history":[{"count":0,"href":"https:\/\/www.europesays.com\/no\/wp-json\/wp\/v2\/posts\/132406\/revisions"}],"wp:featuredmedia":[{"embeddable":true,"href":"https:\/\/www.europesays.com\/no\/wp-json\/wp\/v2\/media\/132407"}],"wp:attachment":[{"href":"https:\/\/www.europesays.com\/no\/wp-json\/wp\/v2\/media?parent=132406"}],"wp:term":[{"taxonomy":"category","embeddable":true,"href":"https:\/\/www.europesays.com\/no\/wp-json\/wp\/v2\/categories?post=132406"},{"taxonomy":"post_tag","embeddable":true,"href":"https:\/\/www.europesays.com\/no\/wp-json\/wp\/v2\/tags?post=132406"}],"curies":[{"name":"wp","href":"https:\/\/api.w.org\/{rel}","templated":true}]}}