{"id":132410,"date":"2026-01-08T19:42:11","date_gmt":"2026-01-08T19:42:11","guid":{"rendered":"https:\/\/www.europesays.com\/no\/132410\/"},"modified":"2026-01-08T19:42:11","modified_gmt":"2026-01-08T19:42:11","slug":"runar-gundersen-73-ble-misbrukt-av-falsk-konto","status":"publish","type":"post","link":"https:\/\/www.europesays.com\/no\/132410\/","title":{"rendered":"Runar Gundersen (73) ble misbrukt av falsk konto"},"content":{"rendered":"\n<p class=\"_lead_o9xde_2 _lead_xtcu6_50 layout-component text-serif-m layout-normal text-serif-l layout-component layout-wide layout-padded _wide_17hqh_1 layout-padded\">\u2013 Det syns jeg ikke noe om, sier Runar Gundersen. <\/p>\n<p><img alt=\"Til venstre er en skjermdump av det avpubliserte debattinnlegget i Aftenposten. Til h\u00f8yre er bilde av Runar Gundersen som ble brukt p\u00e5 den falske forfatterens Facebook-profil.  Foto: Skjermdump\/Privat\" class=\"_image_qp4xg_65 layout-component layout-wide\" data-fullscreen- data-track-element-type=\"Article image fullscreen\" data-track-name=\"ImageFullscreen\" fetchpriority=\"high\" decoding=\"sync\" loading=\"eager\" height=\"1668\" itemprop=\"image\"  src=\"https:\/\/www.europesays.com\/no\/wp-content\/uploads\/2026\/01\/c258a52e-528d-4cf2-969f-b44c0191c3eb.png\"  style=\"object-position:0% 0%\" width=\"2500\"\/>Til venstre er en skjermdump av det avpubliserte debattinnlegget i Aftenposten. Til h\u00f8yre er bilde av Runar Gundersen som ble brukt p\u00e5 den falske forfatterens Facebook-profil.  Foto: Skjermdump\/Privat<\/p>\n<ul aria-hidden=\"true\" class=\"_images_ntbth_112\">\n<li><a class=\"_link_ntbth_117\" href=\"https:\/\/www.vg.no\/forfatter\/hedda-kurseth\" style=\"z-index:1\" title=\"Hedda Kurseth\" rel=\"nofollow noopener\" target=\"_blank\"><img alt=\"Bilde av Hedda Kurseth\" class=\"_image_ntbth_93\" fetchpriority=\"low\" loading=\"lazy\" decoding=\"async\" itemprop=\"image\"  src=\"https:\/\/www.europesays.com\/no\/wp-content\/uploads\/2026\/01\/1767901328_414_b6ad06ce-2f4e-4492-9dd9-7cfbdae81f6d.jpeg\"  width=\"480\"\/><\/a><\/li>\n<\/ul>\n<p> Oppdatert torsdag 8. januar kl. 20:38    <\/p>\n<ul class=\"_list_o9xde_3 _list_64s2r_85 _unordered_o9xde_106 text-sans-m\">\n<li class=\"_item_o9xde_30\">Aftenposten avpubliserte et debattinnlegg av \u00abKutz Schmeiner\u00bb etter sp\u00f8rsm\u00e5l om hans identitet.<\/li>\n<li class=\"_item_o9xde_30\">VG oppdaget at et bilde i Schmeiners profil faktisk viser Runar Gundersen, en maratonl\u00f8per fra Drammen.<\/li>\n<li class=\"_item_o9xde_30\">Debattredakt\u00f8r Erik Tornes innr\u00f8mmer at Aftenposten ble lurt og at rutiner for kontroll av innlegg var utilstrekkelige.<\/li>\n<\/ul>\n<p>Vis mer <\/p>\n<p class=\"_paragraph_o9xde_4 _paragraph_xtcu6_10 layout-component text-serif-m layout-normal text-serif-m layout-padded\">Aftenposten publiserte denne uken et debattinnlegg signert det som s\u00e5 ut til \u00e5 v\u00e6re en israelsk forretningsmann med navn Kutz Schmeiner.<\/p>\n<p class=\"_paragraph_o9xde_4 _paragraph_xtcu6_10 layout-component text-serif-m layout-normal text-serif-m layout-padded\"><a href=\"https:\/\/www.vg.no\/nyheter\/i\/e7KWKy\/aftenposten-avpubliserer-debattinnlegg\" data-track-element-type=\"Link\" data-track-id=\"link:e7KWKy\" class=\"_link_o9xde_39\" rel=\"nofollow noopener\" target=\"_blank\">Det viste seg \u00e5 v\u00e6re falskt.<\/a><\/p>\n<p class=\"_paragraph_o9xde_4 _paragraph_xtcu6_10 layout-component text-serif-m layout-normal text-serif-m layout-padded\">Torsdag avpubliserte de innlegget, etter at flere stilte sp\u00f8rsm\u00e5l ved hans identitet. <\/p>\n<p class=\"_paragraph_o9xde_4 _paragraph_xtcu6_10 layout-component text-serif-m layout-normal text-serif-m layout-padded\">Blant annet sto det p\u00e5 Schmeiners Facebook-profil, som n\u00e5 er slettet, at han deltok p\u00e5 New York City Marathon i 2013. <\/p>\n<p><img alt=\"Dette er en skjermdump av Kutz Schmeiners Facebook-profil. Bildet til h\u00f8yre er en versjon av bildet av Gundersen fra 2009.   Foto: Skjermdump\" class=\"_image_qp4xg_65 layout-component layout-normal\" data-fullscreen- data-track-element-type=\"Article image fullscreen\" data-track-name=\"ImageFullscreen\" decoding=\"async\" loading=\"lazy\" height=\"1740\" itemprop=\"image\"  src=\"https:\/\/www.europesays.com\/no\/wp-content\/uploads\/2026\/01\/2f0d9362-58b5-4f63-bc28-cc53967ade6c.png\"  style=\"object-position:0% 0%\" width=\"1206\"\/>Dette er en skjermdump av Kutz Schmeiners Facebook-profil. Bildet til h\u00f8yre er en versjon av bildet av Gundersen fra 2009.   Foto: Skjermdump<\/p>\n<p class=\"_paragraph_o9xde_4 _paragraph_xtcu6_10 layout-component text-serif-m layout-normal text-serif-m layout-padded\">Men startnummeret p\u00e5 brystet viste derimot \u00e5rstallet 2009. <\/p>\n<p class=\"_paragraph_o9xde_4 _paragraph_xtcu6_10 layout-component text-serif-m layout-normal text-serif-m layout-padded\">Da VG s\u00f8kte startnummeret opp i New York City Maratons sine arkiver, viste det seg at det er Runar B. Gundersen fra Drammen som deltok p\u00e5 arrangementet i 2009. <\/p>\n<p class=\"_paragraph_o9xde_4 _paragraph_xtcu6_10 layout-component text-serif-m layout-normal text-serif-m layout-padded\">VG sl\u00e5r p\u00e5 tr\u00e5den til 73-\u00e5ringen og viser ham bildet. <\/p>\n<p class=\"_paragraph_o9xde_4 _paragraph_xtcu6_10 layout-component text-serif-m layout-normal text-serif-m layout-padded\"><strong class=\"_strong_o9xde_25\">\u2013 Dette liker jeg overhodet ikke, sier han p\u00e5 telefonen. <\/strong><\/p>\n<p class=\"_paragraph_o9xde_4 _paragraph_xtcu6_10 layout-component text-serif-m layout-normal text-serif-m layout-padded\">Han har l\u00f8pt New York City Marathon hele 45 ganger og debuterte i 1978 sammen med Grete Waitz. <\/p>\n<p><img alt=\"Runar Gundersen (73) under New York City Marathon i 2009.\" class=\"_image_qp4xg_65 layout-component layout-normal\" data-fullscreen- data-track-element-type=\"Article image fullscreen\" data-track-name=\"ImageFullscreen\" decoding=\"async\" loading=\"lazy\" height=\"735\" itemprop=\"image\"  src=\"https:\/\/www.europesays.com\/no\/wp-content\/uploads\/2026\/01\/495fc4fa-50b1-4b1e-acb3-c18a5287bbef.jpeg\"  style=\"object-position:0% 0%\" width=\"593\"\/>Runar Gundersen (73) under New York City Marathon i 2009.<\/p>\n<p class=\"_paragraph_o9xde_4 _paragraph_xtcu6_10 layout-component text-serif-m layout-normal text-serif-m layout-padded\">Gundersen forteller at han ofte har l\u00f8pt i t-skjorten fra OL p\u00e5 Lillehammer med norsk flagg p\u00e5 brystet. <\/p>\n<p class=\"_paragraph_o9xde_4 _paragraph_xtcu6_10 layout-component text-serif-m layout-normal text-serif-m layout-padded\">N\u00e5 bekrefter han at bildet som ble brukt av den s\u00e5kalte Schmeiner, er en versjon av hans eget. <\/p>\n<p class=\"_paragraph_o9xde_4 _paragraph_xtcu6_10 layout-component text-serif-m layout-normal text-serif-m layout-padded\">\u2013 Jeg ser litt rar ut i ansiktet, men det er ekte, sl\u00e5r han fast. <\/p>\n<p><img decoding=\"async\" alt=\"Bilde av Runar Gundersen\" class=\"_image_ygndg_42\" height=\"42\" itemprop=\"image\" loading=\"lazy\"  src=\"https:\/\/www.europesays.com\/no\/wp-content\/uploads\/2026\/01\/235f416c-4f0e-4350-aed0-8e4e99338eef.jpeg\"  width=\"40\"\/><strong class=\"_name_ygndg_51 title-serif-xs\">Runar Gundersen<\/strong><\/p>\n<p class=\"_paragraph_o9xde_4 text-sans-m _description_ygndg_56\">Fra Drammen. Har l\u00f8pt maraton i New York 45 ganger. <\/p>\n<p class=\"_paragraph_o9xde_4 _paragraph_xtcu6_10 layout-component text-serif-m layout-normal text-serif-m layout-padded\">P\u00e5 hans egen nettside har han skrevet mye om alle turene til New York. Etter litt leting finner han det originale bildet der. <\/p>\n<p class=\"_paragraph_o9xde_4 _paragraph_xtcu6_10 layout-component text-serif-m layout-normal text-serif-m layout-padded\">Han sier at han ikke synes noe om at det er blitt brukt, men at det kunne v\u00e6rt mye verre. <\/p>\n<p class=\"_paragraph_o9xde_4 _paragraph_xtcu6_10 layout-component text-serif-m layout-normal text-serif-m layout-padded\">\u2013 Det er jo veldig uskyldig i forhold til mange andre ting som spesielt kvinner opplever. Dette skader meg jo ikke. <\/p>\n<p>\u2013 Ble lurt<\/p>\n<p class=\"_paragraph_o9xde_4 _paragraph_xtcu6_10 layout-component text-serif-m layout-normal text-serif-m layout-padded\">Et d\u00f8gn etter at Aftenposten publiserte debattinnlegget, begynte flere i en tr\u00e5d p\u00e5 Reddit \u00e5 stille sp\u00f8rsm\u00e5l til hans identitet. <\/p>\n<p class=\"_paragraph_o9xde_4 _paragraph_xtcu6_10 layout-component text-serif-m layout-normal text-serif-m layout-padded\">Kommentaren var et svar p\u00e5 et tidligere <a href=\"https:\/\/www.aftenposten.no\/meninger\/debatt\/i\/8pmm5G\/asle-toje-vil-norge-overleve-det-som-kommer\" class=\"_link_o9xde_39\" rel=\"nofollow noopener\" target=\"_blank\">debattinnlegg fra Asle Toje.<\/a><\/p>\n<p class=\"_paragraph_o9xde_4 _paragraph_xtcu6_10 layout-component text-serif-m layout-normal text-serif-m layout-padded\">Flere reagerte blant annet p\u00e5 at profilbildet drar likhet til et bilder av Mike Pompeo og David Friedman i forbindelse med filmen <a href=\"https:\/\/www.imdb.com\/title\/tt28002892\/\" class=\"_link_o9xde_39\" rel=\"nofollow noopener\" target=\"_blank\">Route 60: The Biblical Highway.<\/a><\/p>\n<p><img alt=\"Mike Pompeo og David Friedman i forbindelse med filmen Route 60: The Biblical Highway.  Foto: Everett Collection\" class=\"_image_qp4xg_65 layout-component layout-normal\" data-fullscreen- data-track-element-type=\"Article image fullscreen\" data-track-name=\"ImageFullscreen\" decoding=\"async\" loading=\"lazy\" height=\"1384\" itemprop=\"image\"  src=\"https:\/\/www.europesays.com\/no\/wp-content\/uploads\/2026\/01\/a33bd3a5-6d6a-4a3c-9d87-64418c61ab1c.jpeg\"  style=\"object-position:0% 0%\" width=\"2851\"\/>Mike Pompeo og David Friedman i forbindelse med filmen Route 60: The Biblical Highway.  Foto: Everett Collection<\/p>\n<p class=\"_paragraph_o9xde_4 _paragraph_xtcu6_10 layout-component text-serif-m layout-normal text-serif-m layout-padded\">Aftenpostens debattredakt\u00f8r sa tidligere til VG at de ikke hadde f\u00e5tt kontakt med forfatteren etter publisering og at de ikke hadde kontroll p\u00e5 alle opplysningene. <\/p>\n<p class=\"_paragraph_o9xde_4 _paragraph_xtcu6_10 layout-component text-serif-m layout-normal text-serif-m layout-padded\">Derfor avpubliserte de debattinnlegget.  <\/p>\n<p class=\"_paragraph_o9xde_4 _paragraph_xtcu6_10 layout-component text-serif-m layout-normal text-serif-m layout-padded\"><strong class=\"_strong_o9xde_25\">\u2013 Det ser ut som vi har blitt lurt. Det er f\u00f8rst og fremst veldig leit for leserne. Vi vil at de skal stole p\u00e5 det som st\u00e5r i Aftenposten, sier Erik <a href=\"https:\/\/www.vg.no\/tag\/tornes?utm_source=vg-article&amp;utm_medium=auto-tagger&amp;utm_campaign=aJP1qE\" class=\"_link_o9xde_39\" rel=\"nofollow noopener\" target=\"_blank\">Tornes<\/a>. <\/strong><\/p>\n<p class=\"_paragraph_o9xde_4 _paragraph_xtcu6_10 layout-component text-serif-m layout-normal text-serif-m layout-padded\">Han opplyste om at han hadde sendt meldinger til Schmeiners venner p\u00e5 Facebook og f\u00e5tt til svar at de ikke kjente ham.<\/p>\n<p><img alt=\"Slik s\u00e5 debattinnlegget ut f\u00f8r det ble slettet.   Foto: Skjermbilde fra Aftenposten\" class=\"_image_qp4xg_65 layout-component layout-normal\" data-fullscreen- data-track-element-type=\"Article image fullscreen\" data-track-name=\"ImageFullscreen\" decoding=\"async\" loading=\"lazy\" height=\"1196\" itemprop=\"image\"  src=\"https:\/\/www.europesays.com\/no\/wp-content\/uploads\/2026\/01\/1767901329_193_21c57874-f0c6-4288-841f-2054debc2361.jpeg\"  style=\"object-position:0% 0%\" width=\"906\"\/>Slik s\u00e5 debattinnlegget ut f\u00f8r det ble slettet.   Foto: Skjermbilde fra Aftenposten<\/p>\n<p class=\"_paragraph_o9xde_4 _paragraph_xtcu6_10 layout-component text-serif-m layout-normal text-serif-m layout-padded\">\u2013 Har dere gjort research p\u00e5 ham for forh\u00e5nd?<\/p>\n<p class=\"_paragraph_o9xde_4 _paragraph_xtcu6_10 layout-component text-serif-m layout-normal text-serif-m layout-padded\">\u2013 Vi har rutiner for det. Det er litt avhengig av innholdet i innlegget og i hvor stor grad vi mener det er behov for \u00e5 kontrollere. <\/p>\n<p class=\"_paragraph_o9xde_4 _paragraph_xtcu6_10 layout-component text-serif-m layout-normal text-serif-m layout-padded\">Aftenposten innr\u00f8mmer at rutinene ikke var gode nok.<\/p>\n<p class=\"_paragraph_o9xde_4 _paragraph_xtcu6_10 layout-component text-serif-m layout-normal text-serif-m layout-padded\">\u2013 N\u00e5r vi har blitt lurt, s\u00e5 er ikke rutinene gode nok, sa Tornes. <\/p>\n<p>    <img decoding=\"async\" alt=\"Tips oss illustrasjon\" src=\"https:\/\/www.europesays.com\/no\/wp-content\/uploads\/2025\/10\/pssst-small.webp.webp\"\/>    <\/p>\n<p class=\"title-serif-s\">Har du tips?<\/p>\n<p class=\"text-sans-m\">Send oss informasjon, bilder eller video.<\/p>\n<p>  <a href=\"https:\/\/www.vg.no\/tips-oss\" rel=\"nofollow noopener\" target=\"_blank\"> Tips oss <\/a>      <\/p>\n","protected":false},"excerpt":{"rendered":"\u2013 Det syns jeg ikke noe om, sier Runar Gundersen. Til venstre er en skjermdump av det avpubliserte&hellip;\n","protected":false},"author":2,"featured_media":132411,"comment_status":"","ping_status":"","sticky":false,"template":"","format":"standard","meta":{"footnotes":""},"categories":[10],"tags":[31,20,21,24,25,15,1124,22,23,6805,97,13,30,28,29,14,16,15303,26,27,15302],"class_list":{"0":"post-132410","1":"post","2":"type-post","3":"status-publish","4":"format-standard","5":"has-post-thumbnail","7":"category-norge","8":"tag-breaking","9":"tag-breaking-news","10":"tag-breakingnews","11":"tag-featured-news","12":"tag-featurednews","13":"tag-headlines","14":"tag-identitet","15":"tag-latest-news","16":"tag-latestnews","17":"tag-marathon","18":"tag-new-york","19":"tag-news","20":"tag-no","21":"tag-norge","22":"tag-norway","23":"tag-nyheter","24":"tag-overskrifter","25":"tag-reddit","26":"tag-top-stories","27":"tag-topstories","28":"tag-tornes"},"share_on_mastodon":{"url":"https:\/\/pubeurope.com\/@no\/115861189020500335","error":""},"_links":{"self":[{"href":"https:\/\/www.europesays.com\/no\/wp-json\/wp\/v2\/posts\/132410","targetHints":{"allow":["GET"]}}],"collection":[{"href":"https:\/\/www.europesays.com\/no\/wp-json\/wp\/v2\/posts"}],"about":[{"href":"https:\/\/www.europesays.com\/no\/wp-json\/wp\/v2\/types\/post"}],"author":[{"embeddable":true,"href":"https:\/\/www.europesays.com\/no\/wp-json\/wp\/v2\/users\/2"}],"replies":[{"embeddable":true,"href":"https:\/\/www.europesays.com\/no\/wp-json\/wp\/v2\/comments?post=132410"}],"version-history":[{"count":0,"href":"https:\/\/www.europesays.com\/no\/wp-json\/wp\/v2\/posts\/132410\/revisions"}],"wp:featuredmedia":[{"embeddable":true,"href":"https:\/\/www.europesays.com\/no\/wp-json\/wp\/v2\/media\/132411"}],"wp:attachment":[{"href":"https:\/\/www.europesays.com\/no\/wp-json\/wp\/v2\/media?parent=132410"}],"wp:term":[{"taxonomy":"category","embeddable":true,"href":"https:\/\/www.europesays.com\/no\/wp-json\/wp\/v2\/categories?post=132410"},{"taxonomy":"post_tag","embeddable":true,"href":"https:\/\/www.europesays.com\/no\/wp-json\/wp\/v2\/tags?post=132410"}],"curies":[{"name":"wp","href":"https:\/\/api.w.org\/{rel}","templated":true}]}}