{"id":132412,"date":"2026-01-08T19:49:16","date_gmt":"2026-01-08T19:49:16","guid":{"rendered":"https:\/\/www.europesays.com\/no\/132412\/"},"modified":"2026-01-08T19:49:16","modified_gmt":"2026-01-08T19:49:16","slug":"apenhet-gir-frihet","status":"publish","type":"post","link":"https:\/\/www.europesays.com\/no\/132412\/","title":{"rendered":"\u00c5penhet gir frihet"},"content":{"rendered":"<p>    \u00d8kt oppmerksomhet rundt H\u00f8iby-saken gj\u00f8r at flere voldsofre s\u00f8ker hjelp.<\/p>\n<p>\n    M\u00d8TES I RETTEN: Marius Borg H\u00f8iby er blant annet tiltalt for vold i n\u00e6re relasjoner mot Nora Haukland. Her er det tidligere paret p\u00e5 vei til Elle-fest i Oslo i 2023.\n  <\/p>\n<p>Straffesaken mot Marius Borg H\u00f8iby\u00a0begynner\u00a0i Oslo tingrett om en knapp m\u00e5ned. Kronprinsessens s\u00f8nn skal svare for 32 ulike tiltalepunkter, og en lang rekke vitner skal gjennom seks lange uker belyse alvorlige anklager om voldtekt og vold i n\u00e6re relasjoner.<\/p>\n<p>Det kommer til \u00e5 bli t\u00f8ft for alle involverte, ikke minst fordi saken dekkes bredt av b\u00e5de norsk og internasjonal presse. Men denne flombelysningen har ogs\u00e5 positive konsekvenser.<\/p>\n<p>Flere ofre s\u00f8ker hjelp\u00a0n\u00e5r s\u00f8kelyset settes p\u00e5 denne saken. Det sier Sanitetskvinnenes konstituerte generalsekret\u00e6r May Britt Buhaug til The Guardian. Hun sier at ansatte har registert en \u00f8kning i antall kvinner som tar kontakt for \u00e5 s\u00f8ke r\u00e5d og hjelp etter \u00e5 blitt utsatt for vold og seksuelle overgrep.<\/p>\n<p>    <a itemprop=\"url\" href=\"https:\/\/www.dagbladet.no\/meninger\/donald-doktrinen\/84057326\" rel=\"nofollow noopener\" target=\"_blank\"><\/p>\n<p>        <img loading=\"lazy\" decoding=\"async\" src=\"https:\/\/www.europesays.com\/no\/wp-content\/uploads\/2026\/01\/1767901755_783_84056236.webp.webp\" width=\"980\" height=\"441\" title=\"Donald-doktrinen\" alt=\"\" class=\"lazyload\" style=\"--aspect-ratio-image: 2.22; \"\/><\/p>\n<p>        Donald-doktrinen<\/p>\n<p>    <\/a><\/p>\n<p>&#8211; Mediedekningen av saker som som H\u00f8ibys senker terskelen for \u00e5 s\u00f8ke hjelp. Det er en positiv effekt at kvinner lettere ber om hjelp. \u00c5penhet bryter tabuer, <a href=\"https:\/\/www.theguardian.com\/world\/2026\/jan\/01\/more-women-reporting-abuse-norway-since-royal-family-member-allegations-trial\" rel=\"nofollow noopener\" target=\"_blank\">sier Buhaug til avisa<\/a>.<\/p>\n<p>Uavhengig av utfallet av rettssaken kommer det alts\u00e5 noe godt ut av den. Det er sjelden at en sak som handler om vold i n\u00e6re relasjoner flombelyses i offentligheten.\u00a0<\/p>\n<p>P\u00e5 samme m\u00e5te var ogs\u00e5 straffesaken mot Gjert Ingebrigtsen egnet til bevisstgj\u00f8ring. Den skapte diskusjoner rundt lunsjbordene om hvor grensene g\u00e5r for hva slags oppf\u00f8rsel man b\u00f8r godta og hva som er lovlig. Slik bevisstgj\u00f8ring er i seg selv preventivt.<\/p>\n<p>Jo mer vi snakker om grensene for psykisk og fysisk vold, jo vanskeligere blir det \u00e5 bagatellisere negativ oppf\u00f8rsel. Samtidig senker slik bevisstgj\u00f8ring terskelen for \u00e5 s\u00f8ke hjelp.<\/p>\n<p>N\u00e5r slike saker blir rettssaker med stor offentlig oppmerksomhet, flombelyses ogs\u00e5 politiets og rettsvesenets arbeid. Dette er ofte saker med krevende juss og begrenset bevismateriale, ofte st\u00e5r ord mot ord i retten og det er uklart n\u00f8yaktig hvor den juridiske terskelen for straffansvar ligger.<\/p>\n<p>    <a itemprop=\"url\" href=\"https:\/\/www.dagbladet.no\/meninger\/det-gjor-vondt\/84032280\" rel=\"nofollow noopener\" target=\"_blank\"><\/p>\n<p>        <img loading=\"lazy\" decoding=\"async\" src=\"https:\/\/www.europesays.com\/no\/wp-content\/uploads\/2026\/01\/84032304.webp.webp\" width=\"980\" height=\"441\" title=\"Det gj\u00f8r vondt\" alt=\"\" class=\"lazyload\" style=\"--aspect-ratio-image: 2.22; \"\/><\/p>\n<p>        Det gj\u00f8r vondt<\/p>\n<p>    <\/a><\/p>\n<p>Nettopp derfor er prinsippet om \u00e5pen rett s\u00e5 viktig. Bare slik kan publikum gjennom offentligheten etterg\u00e5 politiets arbeid og gj\u00f8re seg opp en mening om jussen. Dette ligger i neste omgang til grunn for politisk oppf\u00f8lging, slik at lovverket er i samsvar med den allmenne rettsoppfatning.<\/p>\n<p>En sak som denne setter rettsstaten p\u00e5 pr\u00f8ve, fordi offentlig interesse eller tiltaltes posisjon ikke skal p\u00e5virke verken hans eller forn\u00e6rmedes rettssikkerhet. Det er uansett en tragisk sak. Om \u00e9n annen person kommer ut av et voldelig forhold, har den likevel f\u00f8rt noe godt med seg. \u00c5penhet skaper frihet.<\/p>\n","protected":false},"excerpt":{"rendered":"\u00d8kt oppmerksomhet rundt H\u00f8iby-saken gj\u00f8r at flere voldsofre s\u00f8ker hjelp. M\u00d8TES I RETTEN: Marius Borg H\u00f8iby er blant&hellip;\n","protected":false},"author":2,"featured_media":132413,"comment_status":"","ping_status":"","sticky":false,"template":"","format":"standard","meta":{"footnotes":""},"categories":[10],"tags":[20,21,24,25,15,22,23,246,4129,5301,156,13,30,28,29,14,1622,16,26,27,11668],"class_list":{"0":"post-132412","1":"post","2":"type-post","3":"status-publish","4":"format-standard","5":"has-post-thumbnail","7":"category-norge","8":"tag-breaking-news","9":"tag-breakingnews","10":"tag-featured-news","11":"tag-featurednews","12":"tag-headlines","13":"tag-latest-news","14":"tag-latestnews","15":"tag-leder","16":"tag-leder1","17":"tag-mau","18":"tag-meninger","19":"tag-news","20":"tag-no","21":"tag-norge","22":"tag-norway","23":"tag-nyheter","24":"tag-overgrep","25":"tag-overskrifter","26":"tag-top-stories","27":"tag-topstories","28":"tag-vold-i-naere-relasjoner"},"share_on_mastodon":{"url":"https:\/\/pubeurope.com\/@no\/115861216492703016","error":""},"_links":{"self":[{"href":"https:\/\/www.europesays.com\/no\/wp-json\/wp\/v2\/posts\/132412","targetHints":{"allow":["GET"]}}],"collection":[{"href":"https:\/\/www.europesays.com\/no\/wp-json\/wp\/v2\/posts"}],"about":[{"href":"https:\/\/www.europesays.com\/no\/wp-json\/wp\/v2\/types\/post"}],"author":[{"embeddable":true,"href":"https:\/\/www.europesays.com\/no\/wp-json\/wp\/v2\/users\/2"}],"replies":[{"embeddable":true,"href":"https:\/\/www.europesays.com\/no\/wp-json\/wp\/v2\/comments?post=132412"}],"version-history":[{"count":0,"href":"https:\/\/www.europesays.com\/no\/wp-json\/wp\/v2\/posts\/132412\/revisions"}],"wp:featuredmedia":[{"embeddable":true,"href":"https:\/\/www.europesays.com\/no\/wp-json\/wp\/v2\/media\/132413"}],"wp:attachment":[{"href":"https:\/\/www.europesays.com\/no\/wp-json\/wp\/v2\/media?parent=132412"}],"wp:term":[{"taxonomy":"category","embeddable":true,"href":"https:\/\/www.europesays.com\/no\/wp-json\/wp\/v2\/categories?post=132412"},{"taxonomy":"post_tag","embeddable":true,"href":"https:\/\/www.europesays.com\/no\/wp-json\/wp\/v2\/tags?post=132412"}],"curies":[{"name":"wp","href":"https:\/\/api.w.org\/{rel}","templated":true}]}}