{"id":132414,"date":"2026-01-08T19:56:20","date_gmt":"2026-01-08T19:56:20","guid":{"rendered":"https:\/\/www.europesays.com\/no\/132414\/"},"modified":"2026-01-08T19:56:20","modified_gmt":"2026-01-08T19:56:20","slug":"kjendisene-strommer-til-premieren-pa-forestillingen-hoy-og-mork","status":"publish","type":"post","link":"https:\/\/www.europesays.com\/no\/132414\/","title":{"rendered":"Kjendisene str\u00f8mmer til premieren p\u00e5 forestillingen \u00abH\u00f8y og m\u00f8rk\u00bb"},"content":{"rendered":"<p class=\"kicker \" style=\"\">Premiere p\u00e5 \u00abH\u00f8y og m\u00f8rk\u00bb:<\/p>\n<p>    Flere kjente fjes har tatt turen til premieren p\u00e5 forestillingen til John Brungot og Terje Sporsem.\u00a0<\/p>\n<p>\n    DUKKET OPP: Linni Meister og Morten Rognstad p\u00e5 premiere torsdag kveld. Foto: Shad Madian\/Se og H\u00f8r\n  <\/p>\n<p>Torsdag er det duket for premieren p\u00e5 showet \u00abH\u00f8y og m\u00f8rk\u00bb, med John Brungot (48) og Terje Sporsem (49).\u00a0<\/p>\n<p>    <a itemprop=\"url\" href=\"https:\/\/www.dagbladet.no\/kjendis\/full-forvirring-etter-brude-bilde\/84072915\" rel=\"nofollow noopener\" target=\"_blank\"><\/p>\n<p>        <img loading=\"lazy\" decoding=\"async\" src=\"https:\/\/www.europesays.com\/no\/wp-content\/uploads\/2026\/01\/84072550.webp.webp\" width=\"147\" height=\"98\" title=\"Full forvirring etter \u00abbrude\u00bb-bilde\" alt=\"\" class=\"lazyload\" style=\"--aspect-ratio-image: 1.50; \"\/><\/p>\n<p>        Full forvirring etter \u00abbrude\u00bb-bilde<\/p>\n<p>    <\/a><\/p>\n<p>Forestillingen inneholder\u00a0stand-up, musikk og parodier, og duoen skal begi seg inn i temaer\u00a0\u00absom h\u00f8ye, m\u00f8rke maktsyke ledere, beredskap, generasjonskonflikter og frykten for \u00e5 plutselig v\u00e6re den eldste i familien\u00bb, skriver teateret.<\/p>\n<p>\u00a0\u00abH\u00f8y og m\u00f8rk\u00bb er regissert av komiker Martin Beyer Olsen (46).\u00a0<\/p>\n<p>        INNR\u00d8MMER: Emil Gukild r\u00f8per at han gikk p\u00e5 en pinlig smell allerede i sin f\u00f8rste scene som skuespiller. Reporter: Sanne Holt. Video: \u00abFlukten fra Bolivia\u00bb\/ TV 2\/ Celine N\u00e6ss Andreassen\/ R\u00f8d L\u00f8per <\/p>\n<p>I anledning premieren har en rekke kjente fjes tatt turen til\u00a0Christiania Teater i Oslo sentrum. <\/p>\n<p>Blant de som er p\u00e5 plass er Linni Meister og Morten Rognstad.\u00a0<\/p>\n<p>&#8211; Jeg gleder meg masse. Jeg er veldig fan av begge. Jeg synes John Brungot er hysterisk morsom, sier Meister.\u00a0<\/p>\n<p>        <img loading=\"lazy\" decoding=\"async\" src=\"https:\/\/www.europesays.com\/no\/wp-content\/uploads\/2026\/01\/84074111.webp.webp\" width=\"667\" height=\"794\" title=\"KOM SAMMEN: Linni Meister og Morten Rognstad. Foto: Shad Madian\/Se og H\u00f8r\" alt=\"\" class=\"\" style=\"--aspect-ratio-image: 0.84; \"\/><\/p>\n<p>\n        KOM SAMMEN: Linni Meister og Morten Rognstad. Foto: Shad Madian\/Se og H\u00f8r\n    <\/p>\n<p> I starten av desember ble Meister<a href=\"https:\/\/www.dagbladet.no\/kjendis\/hastet-til-sykehus-etter-bursdagsfeiring\/83936481\" rel=\"nofollow noopener\" target=\"_blank\"> hastet til sykehus<\/a> etter at hun brakk kragebeinet da hun feiret 40-\u00e5rsdagen sin. <\/p>\n<p>&#8211; Jeg brakk kragebeinet p\u00e5 bursdagen min, s\u00e5 det er f\u00f8rste gang jeg ikke har f\u00e5tt trent p\u00e5 en m\u00e5ned, fordi det er f\u00f8rste gang jeg har brukket noe. S\u00e5 nytt\u00e5rsforsettet mitt, som sikkert mange, er \u00e5 trene.\u00a0<\/p>\n<p>Komiker Sigrid Bonde Tusvik forteller at hun har skyh\u00f8ye forventinger til kvelden.\u00a0<\/p>\n<p>&#8211; Det er jo to av Norges st\u00f8rste og morsomste komikere vi har med \u00e5 gj\u00f8re, sier Bonde Tusvik.\u00a0<\/p>\n<p>        <img loading=\"lazy\" decoding=\"async\" src=\"https:\/\/www.europesays.com\/no\/wp-content\/uploads\/2026\/01\/84074051.webp.webp\" width=\"667\" height=\"894\" title=\"Sigrid Bonde Tusvik. Foto: Shad Madian\/Se og H\u00f8r\" alt=\"\" class=\"\" style=\"--aspect-ratio-image: 0.75; \"\/><\/p>\n<p>\n        Sigrid Bonde Tusvik. Foto: Shad Madian\/Se og H\u00f8r\n    <\/p>\n<p>&#8211; Jeg h\u00e5per de beholder lekenheten, og beholder det barnslige. Det er egentlig to veldig barnslige gutter &#8211; og det er skikkelig g\u00f8y.\u00a0<\/p>\n<p>Programleder Thomas Numme forteller til Dagbladet at han gleder seg til forestillingen.\u00a0<\/p>\n<p>&#8211; Jeg kjenner b\u00e5de Terje og John ganske godt, og jeg vet at de er spente &#8211; og at de kommer til \u00e5 levere. Forventingene er h\u00f8ye.\u00a0<\/p>\n<p class=\"font-weight-bold m-font-weight-bold\" data-lab-font_weight=\"font-weight-bold\">Se bildene:\u00a0<\/p>\n<p>        <img loading=\"lazy\" decoding=\"async\" src=\"https:\/\/www.europesays.com\/no\/wp-content\/uploads\/2026\/01\/84074068.webp.webp\" width=\"667\" height=\"881\" title=\"Thomas Numme. Foto: Shad Madian\/Se og H\u00f8r\" alt=\"\" class=\"\" style=\"--aspect-ratio-image: 0.76; \"\/><\/p>\n<p>\n        Thomas Numme. Foto: Shad Madian\/Se og H\u00f8r\n    <\/p>\n<p>        <img loading=\"lazy\" decoding=\"async\" src=\"https:\/\/www.europesays.com\/no\/wp-content\/uploads\/2026\/01\/84074126.webp.webp\" width=\"667\" height=\"881\" title=\"Nils-Ingar Adne. Foto: Shad Madian\/Se og H\u00f8r\" alt=\"\" class=\"\" style=\"--aspect-ratio-image: 0.76; \"\/><\/p>\n<p>\n        Nils-Ingar Adne. Foto: Shad Madian\/Se og H\u00f8r\n    <\/p>\n<p>        <img loading=\"lazy\" decoding=\"async\" src=\"https:\/\/www.europesays.com\/no\/wp-content\/uploads\/2026\/01\/84074053.webp.webp\" width=\"667\" height=\"1054\" title=\"Arman Surizehi. Foto: Shad Madian\/Se og H\u00f8r\" alt=\"\" class=\"\" style=\"--aspect-ratio-image: 0.63; \"\/><\/p>\n<p>\n        Arman Surizehi. Foto: Shad Madian\/Se og H\u00f8r\n    <\/p>\n<p>        <img loading=\"lazy\" decoding=\"async\" src=\"https:\/\/www.europesays.com\/no\/wp-content\/uploads\/2026\/01\/84074078.webp.webp\" width=\"667\" height=\"801\" title=\"Mathea Stens\u00e6th Josefsen og Javad El Bakali. Foto: Shad Madian\/Se og H\u00f8r\" alt=\"\" class=\"\" style=\"--aspect-ratio-image: 0.83; \"\/><\/p>\n<p>\n        Mathea Stens\u00e6th Josefsen og Javad El Bakali. Foto: Shad Madian\/Se og H\u00f8r\n    <\/p>\n","protected":false},"excerpt":{"rendered":"Premiere p\u00e5 \u00abH\u00f8y og m\u00f8rk\u00bb: Flere kjente fjes har tatt turen til premieren p\u00e5 forestillingen til John Brungot&hellip;\n","protected":false},"author":2,"featured_media":132415,"comment_status":"","ping_status":"","sticky":false,"template":"","format":"standard","meta":{"footnotes":""},"categories":[10],"tags":[20,21,24,25,15,12744,479,22,23,13,30,28,29,14,16,8783,26,27],"class_list":{"0":"post-132414","1":"post","2":"type-post","3":"status-publish","4":"format-standard","5":"has-post-thumbnail","7":"category-norge","8":"tag-breaking-news","9":"tag-breakingnews","10":"tag-featured-news","11":"tag-featurednews","12":"tag-headlines","13":"tag-john-brungot","14":"tag-kjendis","15":"tag-latest-news","16":"tag-latestnews","17":"tag-news","18":"tag-no","19":"tag-norge","20":"tag-norway","21":"tag-nyheter","22":"tag-overskrifter","23":"tag-terje-sporsem","24":"tag-top-stories","25":"tag-topstories"},"share_on_mastodon":{"url":"https:\/\/pubeurope.com\/@no\/115861244236142875","error":""},"_links":{"self":[{"href":"https:\/\/www.europesays.com\/no\/wp-json\/wp\/v2\/posts\/132414","targetHints":{"allow":["GET"]}}],"collection":[{"href":"https:\/\/www.europesays.com\/no\/wp-json\/wp\/v2\/posts"}],"about":[{"href":"https:\/\/www.europesays.com\/no\/wp-json\/wp\/v2\/types\/post"}],"author":[{"embeddable":true,"href":"https:\/\/www.europesays.com\/no\/wp-json\/wp\/v2\/users\/2"}],"replies":[{"embeddable":true,"href":"https:\/\/www.europesays.com\/no\/wp-json\/wp\/v2\/comments?post=132414"}],"version-history":[{"count":0,"href":"https:\/\/www.europesays.com\/no\/wp-json\/wp\/v2\/posts\/132414\/revisions"}],"wp:featuredmedia":[{"embeddable":true,"href":"https:\/\/www.europesays.com\/no\/wp-json\/wp\/v2\/media\/132415"}],"wp:attachment":[{"href":"https:\/\/www.europesays.com\/no\/wp-json\/wp\/v2\/media?parent=132414"}],"wp:term":[{"taxonomy":"category","embeddable":true,"href":"https:\/\/www.europesays.com\/no\/wp-json\/wp\/v2\/categories?post=132414"},{"taxonomy":"post_tag","embeddable":true,"href":"https:\/\/www.europesays.com\/no\/wp-json\/wp\/v2\/tags?post=132414"}],"curies":[{"name":"wp","href":"https:\/\/api.w.org\/{rel}","templated":true}]}}