{"id":132416,"date":"2026-01-08T19:57:10","date_gmt":"2026-01-08T19:57:10","guid":{"rendered":"https:\/\/www.europesays.com\/no\/132416\/"},"modified":"2026-01-08T19:57:10","modified_gmt":"2026-01-08T19:57:10","slug":"j-d-vance-jeg-stotter-ice","status":"publish","type":"post","link":"https:\/\/www.europesays.com\/no\/132416\/","title":{"rendered":"J.D. Vance: \u2013 Jeg st\u00f8tter ICE"},"content":{"rendered":"\n<p class=\"_lead_o9xde_2 _lead_xtcu6_50 layout-component text-serif-m layout-normal text-serif-l layout-component layout-wide layout-padded _wide_17hqh_1 layout-padded\">Visepresidenten hevder at ICE-agenten som skj\u00f8t en 37 \u00e5r gammel kvinne, forsvarte seg. <\/p>\n<p> <img class=\"_image_qp4xg_65 layout-component layout-wide\" data-fullscreen- data-track-element-type=\"Article image fullscreen\" data-track-name=\"ImageFullscreen\" fetchpriority=\"high\" decoding=\"sync\" loading=\"eager\" height=\"102\" itemprop=\"image\"  src=\"https:\/\/www.europesays.com\/no\/wp-content\/uploads\/2026\/01\/13aa55bc97c41af45853101b94d8d045.jpg\"  style=\"object-position:50% 50%;aspect-ratio:1.75;height:auto;object-fit:cover;width:100%\" width=\"102\"\/>  <\/p>\n<ul aria-hidden=\"true\" class=\"_images_ntbth_112\">\n<li><a class=\"_link_ntbth_117\" href=\"https:\/\/www.vg.no\/forfatter\/live-tronstad\" style=\"z-index:2\" title=\"Live Tronstad\" rel=\"nofollow noopener\" target=\"_blank\"><img alt=\"Bilde av Live Tronstad\" class=\"_image_ntbth_93\" fetchpriority=\"low\" loading=\"lazy\" decoding=\"async\" itemprop=\"image\"  src=\"https:\/\/www.europesays.com\/no\/wp-content\/uploads\/2026\/01\/1767902230_603_730bca66-e713-4274-9d1c-1222feeb3c7d.jpeg\"  width=\"480\"\/><\/a><\/li>\n<li><a class=\"_link_ntbth_117\" href=\"https:\/\/www.vg.no\/forfatter\/hedda-kurseth\" style=\"z-index:1\" title=\"Hedda Kurseth\" rel=\"nofollow noopener\" target=\"_blank\"><img alt=\"Bilde av Hedda Kurseth\" class=\"_image_ntbth_93\" fetchpriority=\"low\" loading=\"lazy\" decoding=\"async\" itemprop=\"image\"  src=\"https:\/\/www.europesays.com\/no\/wp-content\/uploads\/2026\/01\/1767902230_178_b6ad06ce-2f4e-4492-9dd9-7cfbdae81f6d.jpeg\"  width=\"480\"\/><\/a><\/li>\n<\/ul>\n<p> Oppdatert torsdag 8. januar kl. 20:26     <\/p>\n<p class=\"_paragraph_o9xde_4 _paragraph_xtcu6_10 layout-component text-serif-m layout-normal text-serif-m layout-padded\"><a href=\"https:\/\/www.vg.no\/tag\/james-david-vance?utm_source=vg-article&amp;utm_medium=auto-tagger&amp;utm_campaign=431jJ9\" class=\"_link_o9xde_39\" rel=\"nofollow noopener\" target=\"_blank\">J.D. Vance<\/a> holdt pressekonferanse i Det hvite hus torsdag kveld norsk tid. <\/p>\n<p class=\"_paragraph_o9xde_4 _paragraph_xtcu6_10 layout-component text-serif-m layout-normal text-serif-m layout-padded\">Der tok han den amerikanske immigrasjonsmyndigheten ICEICEImmigration and Customs Enforcement  i forsvar, etter en <a href=\"https:\/\/www.vg.no\/nyheter\/i\/9pvyel\/ice-agent-drepte-bilfoerer-i-minneapolis-ordfoerer-krever-at-etaten-forlater-byen\" data-track-element-type=\"Link\" data-track-id=\"link:9pvyel\" class=\"_link_o9xde_39\" rel=\"nofollow noopener\" target=\"_blank\">ICE-agent drepte Renee Nicole Good (37)<\/a> onsdag. <\/p>\n<p class=\"_paragraph_o9xde_4 _paragraph_xtcu6_10 layout-component text-serif-m layout-normal text-serif-m layout-padded\"><strong class=\"_strong_o9xde_25\">\u2013 Presidenten st\u00f8tter ICE. Jeg st\u00f8tter ICE, fastsl\u00e5r han. <\/strong><\/p>\n<p class=\"_paragraph_o9xde_4 _paragraph_xtcu6_10 layout-component text-serif-m layout-normal text-serif-m layout-padded\">Han mener kvinnen utf\u00f8rte et angrep p\u00e5 f\u00f8derale politimyndigheter.<\/p>\n<p class=\"_paragraph_o9xde_4 _paragraph_xtcu6_10 layout-component text-serif-m layout-normal text-serif-m layout-padded\">\u2013 Dette var et angrep p\u00e5 lov orden. Dette var et angrep p\u00e5 det amerikanske folket. <\/p>\n<p class=\"_paragraph_o9xde_4 _paragraph_xtcu6_10 layout-component text-serif-m layout-normal text-serif-m layout-padded\">Han mener mediene har gitt et feil bilde av hva som skjedde. <\/p>\n<p class=\"_paragraph_o9xde_4 _paragraph_xtcu6_10 layout-component text-serif-m layout-normal text-serif-m layout-padded\">\u2013 Vi st\u00e5r sammen med alle v\u00e5re politibetjenter. Og en del av det er \u00e5 erkjenne at dere i mediene \u2013 ikke alle i dette rommet, men mange av dere \u2013 har l\u00f8yet om dette angrepet, sa Vance til presseoppbudet i Det hvite hus. <\/p>\n<p class=\"_paragraph_o9xde_4 _paragraph_xtcu6_10 layout-component text-serif-m layout-normal text-serif-m layout-padded\">Han forklarer videre hva han mener skjedde onsdag: <\/p>\n<p class=\"_paragraph_o9xde_4 _paragraph_xtcu6_10 layout-component text-serif-m layout-normal text-serif-m layout-padded\">\u2013 Hun fors\u00f8kte \u00e5 kj\u00f8re p\u00e5 denne mannen med bilen sin. Han skj\u00f8t tilbake. Han forsvarte seg selv.<\/p>\n<p class=\"_paragraph_o9xde_4 _paragraph_xtcu6_10 layout-component text-serif-m layout-normal layout-padded\"><strong class=\"_strong_o9xde_25\">Les ogs\u00e5:<\/strong> <a href=\"https:\/\/www.vg.no\/i\/Arlzv3\" data-track-element-type=\"Link\" data-track-id=\"link:Arlzv3\" class=\"_link_o9xde_39\" rel=\"nofollow noopener\" target=\"_blank\">Hvem var kvinnen som ble drept av ICE? <\/a><\/p>\n<p class=\"_paragraph_o9xde_4 _paragraph_xtcu6_10 layout-component text-serif-m layout-normal text-serif-m layout-padded\">Vance forteller videre at ICE-agenten som skj\u00f8t Good har tidligere blitt skadet p\u00e5 jobben i en lignende operasjon. Han m\u00e5tte da sy 33 sting i beinet.<\/p>\n<p class=\"_paragraph_o9xde_4 _paragraph_xtcu6_10 layout-component text-serif-m layout-normal text-serif-m layout-padded\">\u2013 S\u00e5 han er kanskje litt sensitiv etter at noen fors\u00f8kte \u00e5 kj\u00f8re p\u00e5 ham med en bil, sier Vance. <\/p>\n<p class=\"_paragraph_o9xde_4 _paragraph_xtcu6_10 layout-component text-serif-m layout-normal text-serif-m layout-padded\">Han understreker at d\u00f8dsfallet er en tragedie, som ingen \u00f8nsker seg. <\/p>\n<p class=\"_paragraph_o9xde_4 _paragraph_xtcu6_10 layout-component text-serif-m layout-normal text-serif-m layout-padded\">Han frykter at hendelsen kan f\u00f8re til voldelige hendelser mot ICE-agenter og andre politibetjenter. <\/p>\n<p>   Sterkt kritisert<\/p>\n<p class=\"_paragraph_o9xde_4 _paragraph_xtcu6_10 layout-component text-serif-m layout-normal text-serif-m layout-padded\">Det var onsdag denne uken at videoen fra hendelsen spredde seg verden over. <\/p>\n<p class=\"_paragraph_o9xde_4 _paragraph_xtcu6_10 layout-component text-serif-m layout-normal text-serif-m layout-padded\">Mens de statlige myndighetene tok ICE-agenten i forsvar, gikk ordf\u00f8reren i Minneapolis hardt ut om handlingen. <\/p>\n<p class=\"_paragraph_o9xde_4 _paragraph_xtcu6_10 layout-component text-serif-m layout-normal text-serif-m layout-padded\">\u2013 De er ikke her for \u00e5 skape trygghet i byen. Det de gj\u00f8r, er ikke \u00e5 gi trygghet til Amerika. Det de gj\u00f8r, er \u00e5 for\u00e5rsake kaos og mistillit, sa ordf\u00f8rer Jacob Frey.<\/p>\n<p class=\"_paragraph_o9xde_4 _paragraph_xtcu6_10 layout-component text-serif-m layout-normal text-serif-m layout-padded\">P\u00e5 en pressekonferanse flere timer etter hendelsen kom Frey med en kraftig irettesettelse av myndighetene. <\/p>\n<p class=\"_paragraph_o9xde_4 _paragraph_xtcu6_10 layout-component text-serif-m layout-normal text-serif-m layout-padded\"><strong class=\"_strong_o9xde_25\">Han ba ogs\u00e5 ICE-agentene om \u00e5 forlate byen. <\/strong><\/p>\n<p class=\"_paragraph_o9xde_4 _paragraph_xtcu6_10 layout-component text-serif-m layout-normal text-serif-m layout-padded\">I et intervju med CNN forteller den avd\u00f8des mor at Good bodde i omr\u00e5det sammen med sin partner. <\/p>\n<p class=\"_paragraph_o9xde_4 _paragraph_xtcu6_10 layout-component text-serif-m layout-normal text-serif-m layout-padded\">Good etterlater seg en kone og en seks \u00e5r gammel s\u00f8nn. P\u00e5 Instagram beskrev hun seg selv som \u00abpoet, forfatter og kone og mor\u00bb, skriver\u00a0<a href=\"https:\/\/www.vg.no\/tag\/usa?utm_source=vg-article&amp;utm_medium=auto-tagger&amp;utm_campaign=9pvyel\" class=\"_link_o9xde_39\" rel=\"nofollow noopener\" target=\"_blank\">USA<\/a>\u00a0Today.<\/p>\n<p class=\"_paragraph_o9xde_4 _paragraph_xtcu6_10 layout-component text-serif-m layout-normal text-serif-m layout-padded\">\u2013 Hun var kj\u00e6rlig, tilgivende og \u00f8m. Hun var et fantastisk menneske, sier Ganger til avisen Minnesota Star Tribune.<\/p>\n<p><img alt=\"Foto: KEREM YUCEL \/ AFP \/ NTB\" class=\"_image_qp4xg_65 layout-component layout-normal\" data-fullscreen- data-track-element-type=\"Article image fullscreen\" data-track-name=\"ImageFullscreen\" decoding=\"async\" loading=\"lazy\" height=\"2601\" itemprop=\"image\"  src=\"https:\/\/www.europesays.com\/no\/wp-content\/uploads\/2026\/01\/1767902230_657_3119618b-efd4-4f7d-ab0d-37cb6213f767.png\"  style=\"object-position:0% 0%\" width=\"3900\"\/>Foto: KEREM YUCEL \/ AFP \/ NTB\u00d8kning i antall f\u00f8derale betjenter<\/p>\n<p class=\"_paragraph_o9xde_4 _paragraph_xtcu6_10 layout-component text-serif-m layout-normal text-serif-m layout-padded\">Skytingen fant sted onsdag i et middelklassenabolag i Minneapolis, rundt 1 kilometer fra stedet der George Floyd ble drept av politiet i 2020.<\/p>\n<p class=\"_paragraph_o9xde_4 _paragraph_xtcu6_10 layout-component text-serif-m layout-normal text-serif-m layout-padded\">Det har v\u00e6rt en stor \u00f8kning i antall f\u00f8derale betjenter i delstaten siden forrige m\u00e5te. <\/p>\n<p><img alt=\"Foto: Tim Evans \/ Reuters \/ NTB\" class=\"_image_qp4xg_65 layout-component layout-normal\" data-fullscreen- data-track-element-type=\"Article image fullscreen\" data-track-name=\"ImageFullscreen\" decoding=\"async\" loading=\"lazy\" height=\"2336\" itemprop=\"image\"  src=\"https:\/\/www.europesays.com\/no\/wp-content\/uploads\/2026\/01\/1767902230_874_7a85846f-48fb-4f7b-a6a5-adef3c1eb501.png\"  style=\"object-position:0% 0%\" width=\"3504\"\/>Foto: Tim Evans \/ Reuters \/ NTB<\/p>\n<p class=\"_paragraph_o9xde_4 _paragraph_xtcu6_10 layout-component text-serif-m layout-normal text-serif-m layout-padded\">Denne uken kom nyheten om at opptil 2000 nye agenter forventes \u00e5 delta i et tiltak knyttet delvis til anklager om svindel som involverer innbyggere med somalisk bakgrunn, skriver\u00a0<a href=\"https:\/\/www.nytimes.com\/live\/2026\/01\/07\/us\/minnesota-shooting-ice?nl=Breaking+News&amp;segment_id=213251#shooting-immigration-minneapolis\" class=\"_link_o9xde_39\" rel=\"nofollow noopener\" target=\"_blank\">New York Times.<\/a><\/p>\n<p class=\"_paragraph_o9xde_4 _paragraph_xtcu6_10 layout-component text-serif-m layout-normal text-serif-m layout-padded\">Tusenvis samlet seg i Minneapolis for \u00e5 tenne lys etter at Good ble drept. <\/p>\n","protected":false},"excerpt":{"rendered":"Visepresidenten hevder at ICE-agenten som skj\u00f8t en 37 \u00e5r gammel kvinne, forsvarte seg. Oppdatert torsdag 8. januar kl.&hellip;\n","protected":false},"author":2,"featured_media":132417,"comment_status":"","ping_status":"","sticky":false,"template":"","format":"standard","meta":{"footnotes":""},"categories":[5],"tags":[20,21,24,25,15,19,6887,529,22,23,17,18,2119,13,30,28,29,14,16,26,27,50],"class_list":{"0":"post-132416","1":"post","2":"type-post","3":"status-publish","4":"format-standard","5":"has-post-thumbnail","7":"category-overskrifter","8":"tag-breaking-news","9":"tag-breakingnews","10":"tag-featured-news","11":"tag-featurednews","12":"tag-headlines","13":"tag-hovedoppslag","14":"tag-ice-immigration-and-customs-enforcement","15":"tag-j-d-vance","16":"tag-latest-news","17":"tag-latestnews","18":"tag-main-news","19":"tag-mainnews","20":"tag-minnesota","21":"tag-news","22":"tag-no","23":"tag-norge","24":"tag-norway","25":"tag-nyheter","26":"tag-overskrifter","27":"tag-top-stories","28":"tag-topstories","29":"tag-usa"},"share_on_mastodon":{"url":"https:\/\/pubeurope.com\/@no\/115861247957459390","error":""},"_links":{"self":[{"href":"https:\/\/www.europesays.com\/no\/wp-json\/wp\/v2\/posts\/132416","targetHints":{"allow":["GET"]}}],"collection":[{"href":"https:\/\/www.europesays.com\/no\/wp-json\/wp\/v2\/posts"}],"about":[{"href":"https:\/\/www.europesays.com\/no\/wp-json\/wp\/v2\/types\/post"}],"author":[{"embeddable":true,"href":"https:\/\/www.europesays.com\/no\/wp-json\/wp\/v2\/users\/2"}],"replies":[{"embeddable":true,"href":"https:\/\/www.europesays.com\/no\/wp-json\/wp\/v2\/comments?post=132416"}],"version-history":[{"count":0,"href":"https:\/\/www.europesays.com\/no\/wp-json\/wp\/v2\/posts\/132416\/revisions"}],"wp:featuredmedia":[{"embeddable":true,"href":"https:\/\/www.europesays.com\/no\/wp-json\/wp\/v2\/media\/132417"}],"wp:attachment":[{"href":"https:\/\/www.europesays.com\/no\/wp-json\/wp\/v2\/media?parent=132416"}],"wp:term":[{"taxonomy":"category","embeddable":true,"href":"https:\/\/www.europesays.com\/no\/wp-json\/wp\/v2\/categories?post=132416"},{"taxonomy":"post_tag","embeddable":true,"href":"https:\/\/www.europesays.com\/no\/wp-json\/wp\/v2\/tags?post=132416"}],"curies":[{"name":"wp","href":"https:\/\/api.w.org\/{rel}","templated":true}]}}