{"id":132418,"date":"2026-01-08T19:59:11","date_gmt":"2026-01-08T19:59:11","guid":{"rendered":"https:\/\/www.europesays.com\/no\/132418\/"},"modified":"2026-01-08T19:59:11","modified_gmt":"2026-01-08T19:59:11","slug":"vokteren-deltakelsen-var-ikke-slik-han-forventet","status":"publish","type":"post","link":"https:\/\/www.europesays.com\/no\/132418\/","title":{"rendered":"\u00abVokteren\u00bb: Deltakelsen var ikke slik han forventet:"},"content":{"rendered":"<p class=\"italic m-italic\" data-lab-italic=\"italic\">NB! Artikkelen inneholder spoilere fra torsdagens episode av \u00abVokteren\u00bb.<\/p>\n<p>Influenser Snorre Klanderud gikk inn i \u00abVokteren\u00bb med en klar id\u00e9 om hva som ventet ham.\u00a0<\/p>\n<p>Han s\u00e5 for seg slitne bein, lange dager i fjellet og en ekspedisjon der naturen skulle v\u00e6re den st\u00f8rste motstanderen.\u00a0<\/p>\n<p>\u2013 Det var virkelig ikke det jeg trodde det skulle v\u00e6re, sier Klanderud til TV 2.<\/p>\n<p>30-\u00e5ringen opplevde at \u00abVokteren\u00bb i all hovedsak handlet om et sosialt spill, der relasjoner, posisjonering og taktikk veide tyngre enn styrke og utholdenhet.<\/p>\n<p>\u2013 Det var ikke fysisk krevende i det hele tatt. Vi gikk tre kilometer om dagen. Det er like langt som jeg g\u00e5r til jobb, sier han.<\/p>\n<p>En fremmed i \u00abderes lille paradis\u00bb<\/p>\n<p>Han slet med \u00e5 finne plassen sin i gruppa og opplevde at tonen raskt ble kaldere enn han hadde sett for seg.<\/p>\n<p>\u2013 Jeg syntes folk var \u00abfake\u00bb, iskalde og sleipe, sier Klanderud.\u00a0<\/p>\n<p>Tidlig i sesongen havnet han i en utsatt posisjon etter \u00e5 ha blitt etterlatt alene i skogen og stemplet som \u00abutrygg\u00bb. Sammen med ham fikk ogs\u00e5 Isak Dreyer samme status etter \u00e5 ha <a href=\"https:\/\/www.tv2.no\/underholdning\/hyller-isak-dreyer-han-er-var-tids-messias\/18390145\/\" target=\"_blank\" rel=\"nofollow noopener\">ofret seg selv<\/a>.\u00a0<\/p>\n<p>        <img class=\"image__img lazyload\" itemprop=\"image\" title=\"\" alt=\"\u00abVOKTEREN\u00bb: Deltakerne skal kjempe seg opp Kol\u00e5stinden (1432 moh.), kjent som \u00abkongen av Sunnm\u00f8rsalpene\u00bb, med \u00e9n million kroner ventende p\u00e5 toppen.\" width=\"675\" height=\"379\" bad-src=\"https:\/\/www.europesays.com\/no\/wp-content\/uploads\/2026\/01\/18426286.webp.jpeg\" fetchpriority=\"auto\" \/><\/p>\n<p>      \u00abVOKTEREN\u00bb: Deltakerne skal kjempe seg opp Kol\u00e5stinden (1432 moh.), kjent som \u00abkongen av Sunnm\u00f8rsalpene\u00bb, med \u00e9n million kroner ventende p\u00e5 toppen.<\/p>\n<p>De etterlatte fikk bli med videre og sl\u00e5 seg sammen med det andre laget, en situasjon som raskt skapte spenninger.\u00a0<\/p>\n<p>Klanderud kom inn i en gruppe som allerede var sammensveiset, og f\u00f8lelsen av \u00e5 v\u00e6re en fremmed ble tydelig.<\/p>\n<p>V\u00e5r Staude beskriver det i episoden som at Snorre kom inn i \u00abderes lille paradis\u00bb og pr\u00f8vde s\u00e5 godt han kunne \u00e5 bli en del av gjengen. Hun sier samtidig at han i realiteten var d\u00f8dsd\u00f8mt fra f\u00f8rste sekund.<\/p>\n<p>\u2013 Vi kommer til \u00e5 komme hjem som noen kalde, harde fisker hele gjengen, som bare dolker folk i ryggen. Det er helt forferdelig, sier hun.<\/p>\n<p>F\u00f8rste deltaker ute<\/p>\n<p>For Snorre Klanderud forsterket det bare f\u00f8lelsen av \u00e5 st\u00e5 utenfor.\u00a0<\/p>\n<p>Da ogs\u00e5 Yasmin Mehmood og Simen Agdestein\u00a0ble stemplet som utrygge, m\u00e5tte deltakerne avgj\u00f8re hvem av de fire som skulle sendes hjem.<\/p>\n<p>Klanderud hadde p\u00e5 dette tidspunktet allerede begynt \u00e5 forberede seg p\u00e5 at det kunne bli han som ble f\u00f8rste deltaker ut av programmet.<\/p>\n<p>\u2013 Dere kan gjerne bare stemme p\u00e5 meg n\u00e5, dere som vil det, sier han i episoden, f\u00f8r han erkjenner at han uansett har slitt med \u00e5 finne plassen sin.<\/p>\n<p>        <img class=\"image__img lazyload\" itemprop=\"image\" title=\"Foto: Haakon Lundkvist\" alt=\"UTRYGGE: Fire deltakere sto i fare for \u00e5 m\u00e5tte forlate \u00abVokteren\u00bb. Foto: Haakon Lundkvist\" width=\"675\" height=\"426\" bad-src=\"https:\/\/www.europesays.com\/no\/wp-content\/uploads\/2026\/01\/18426235.webp.jpeg\" fetchpriority=\"auto\" \/><\/p>\n<p>      UTRYGGE: Fire deltakere sto i fare for \u00e5 m\u00e5tte forlate \u00abVokteren\u00bb.<br \/>\n         Foto: Haakon Lundkvist<\/p>\n<p>Stemmegivningen bekreftet det han allerede hadde kjent p\u00e5. Snorre fikk flest stemmer og m\u00e5tte forlate \u00abVokterens\u00bb rike.<\/p>\n<p>\u2013 Det blir helt \u00e6rlig litt digg \u00e5 slippe dette her. Det har v\u00e6rt en angstball som har gjort meg veldig usikker, sier han i episoden.\u00a0<\/p>\n<p>Feil arena<\/p>\n<p>I ettertid er influenseren tydelig p\u00e5 at han m\u00e5tte spilt et spill han ikke var komfortabel med for \u00e5 bli v\u00e6rende.<\/p>\n<p>\u2013 Skulle jeg v\u00e6rt med videre, m\u00e5tte jeg spilt p\u00e5 en m\u00e5te jeg ikke var forberedt p\u00e5.<\/p>\n<p>\u2013 Det var litt sjokk. Trist og litt leit. Det var nesten t\u00e5rer helt fra start, sier han.<\/p>\n<p>30-\u00e5ringen sier erfaringen har gjort ham mer bevisst p\u00e5 hva slags reality han \u00f8nsker \u00e5 v\u00e6re med p\u00e5 i fremtiden.<\/p>\n<p>\u2013 Det var ikke programmet for meg.\u00a0Jeg fant ikke plassen min der inne. Det var helt elendig. Jeg kommer ikke til \u00e5 v\u00e6re med p\u00e5 et sosialt spill igjen, sier han.<\/p>\n<p>        <img class=\"image__img lazyload\" itemprop=\"image\" title=\"Foto: Haakon Lundkvist\" alt=\"SKUFFET: For Snorre Klanderud ble m\u00f8tet med \u00abVokteren\u00bb noe helt annet enn planlagt. Foto: Haakon Lundkvist\" width=\"675\" height=\"446\" bad-src=\"https:\/\/www.europesays.com\/no\/wp-content\/uploads\/2026\/01\/18426263.webp.jpeg\" fetchpriority=\"auto\" \/><\/p>\n<p>      SKUFFET: For Snorre Klanderud ble m\u00f8tet med \u00abVokteren\u00bb noe helt annet enn planlagt.<br \/>\n         Foto: Haakon Lundkvist<\/p>\n<p>Likevel var ikke opplevelsen bare negativ. Vestlandsnaturen gjorde sterkt inntrykk, til tross for regn og krevende v\u00e6rforhold. Fjellene og landskapet ble et glimt av det han hadde h\u00e5pet Vokteren skulle v\u00e6re.<\/p>\n<p>\u2013 Det var heftig natur. Noe av det villeste jeg har sett, sier han.<\/p>\n<p>Men f\u00f8lelsen av \u00e5 v\u00e6re feil plassert slapp aldri helt taket.<\/p>\n<p>\u2013 Det jeg sitter igjen med etter \u00abVokteren\u00bb er en vond f\u00f8lelse, sier Klanderud.<\/p>\n<p>Klanderuds utsagn er blitt forelagt TV 2. Pressesjef, Jan-Petter Dahl, sier f\u00f8lgende:<\/p>\n<p>\u00a0\u2013\u00a0I \u00abVokteren\u00bb legger vi etappene p\u00e5 et niv\u00e5 som gj\u00f8r at alle har mulighet til \u00e5 henge med fra start, men jo lenger man er med jo mer fysisk krevende blir det.<\/p>\n<p>\u2013\u00a0Det stemmer at det sosiale spillet er en viktig del av programmet, noe det ogs\u00e5 var i f\u00f8rste sesong.<\/p>\n<p>\u00a0<\/p>\n","protected":false},"excerpt":{"rendered":"NB! Artikkelen inneholder spoilere fra torsdagens episode av \u00abVokteren\u00bb. Influenser Snorre Klanderud gikk inn i \u00abVokteren\u00bb med en&hellip;\n","protected":false},"author":2,"featured_media":132419,"comment_status":"","ping_status":"","sticky":false,"template":"","format":"standard","meta":{"footnotes":""},"categories":[58],"tags":[71,30,28,29,72],"class_list":{"0":"post-132418","1":"post","2":"type-post","3":"status-publish","4":"format-standard","5":"has-post-thumbnail","7":"category-underholdning","8":"tag-entertainment","9":"tag-no","10":"tag-norge","11":"tag-norway","12":"tag-underholdning"},"share_on_mastodon":{"url":"https:\/\/pubeurope.com\/@no\/115861255813398055","error":""},"_links":{"self":[{"href":"https:\/\/www.europesays.com\/no\/wp-json\/wp\/v2\/posts\/132418","targetHints":{"allow":["GET"]}}],"collection":[{"href":"https:\/\/www.europesays.com\/no\/wp-json\/wp\/v2\/posts"}],"about":[{"href":"https:\/\/www.europesays.com\/no\/wp-json\/wp\/v2\/types\/post"}],"author":[{"embeddable":true,"href":"https:\/\/www.europesays.com\/no\/wp-json\/wp\/v2\/users\/2"}],"replies":[{"embeddable":true,"href":"https:\/\/www.europesays.com\/no\/wp-json\/wp\/v2\/comments?post=132418"}],"version-history":[{"count":0,"href":"https:\/\/www.europesays.com\/no\/wp-json\/wp\/v2\/posts\/132418\/revisions"}],"wp:featuredmedia":[{"embeddable":true,"href":"https:\/\/www.europesays.com\/no\/wp-json\/wp\/v2\/media\/132419"}],"wp:attachment":[{"href":"https:\/\/www.europesays.com\/no\/wp-json\/wp\/v2\/media?parent=132418"}],"wp:term":[{"taxonomy":"category","embeddable":true,"href":"https:\/\/www.europesays.com\/no\/wp-json\/wp\/v2\/categories?post=132418"},{"taxonomy":"post_tag","embeddable":true,"href":"https:\/\/www.europesays.com\/no\/wp-json\/wp\/v2\/tags?post=132418"}],"curies":[{"name":"wp","href":"https:\/\/api.w.org\/{rel}","templated":true}]}}