{"id":132420,"date":"2026-01-08T20:01:08","date_gmt":"2026-01-08T20:01:08","guid":{"rendered":"https:\/\/www.europesays.com\/no\/132420\/"},"modified":"2026-01-08T20:01:08","modified_gmt":"2026-01-08T20:01:08","slug":"levanger-steinkjer-oker-mest-klaer-og-stil-har-tatt-av-fullstendig-tronder-avisa","status":"publish","type":"post","link":"https:\/\/www.europesays.com\/no\/132420\/","title":{"rendered":"Levanger, Steinkjer | \u00d8ker mest: \u2013 Kl\u00e6r og stil har tatt av fullstendig &#8211; Tr\u00f8nder-Avisa"},"content":{"rendered":"<ol>\n<li><a href=\"https:\/\/news.google.com\/rss\/articles\/CBMiiAFBVV95cUxQNC1aR3BzUFNhSFdyVXlGd2lFVF94MC1ZdGI3MkJBc0ZfLWJoRTRnajNMTkxBQXVFbHM1MUdqMm0yTy1ad0FMRHNMSF9Dd1lTdjRBZFZWV0NmM1htZXF0bDZOUnRUYVJoR1RHc0hYWUs1RVRfQnNab21LaU5DVVRCNG41TWxJYTNV?oc=5\" target=\"_blank\" rel=\"nofollow noopener\">Levanger, Steinkjer | \u00d8ker mest: \u2013 Kl\u00e6r og stil har tatt av fullstendig<\/a>&nbsp;&nbsp;Tr\u00f8nder-Avisa<\/li>\n<li><a href=\"https:\/\/news.google.com\/rss\/articles\/CBMijwFBVV95cUxPWExsT2JjLXVIT09rd3ZOaXZEcGJCb3hRVEx1cmtaUTJGOVBUWTJ3c0hvU0JrM0F3VWFuR3JlQ0hHLXVyWmprVmkxOE1lN1Nfd0hMSU1pWjVjelVXckhvRGRqSnU3VXlVSWJXY19vOTgtcGtjSWVmdTBlZG5EVmEteTQ1bmExdW9VenhxMjB6aw?oc=5\" target=\"_blank\" rel=\"nofollow noopener\">Husnes, N\u00e6ringsliv | Stor auke for senteret: \u2013 Over all forventning<\/a>&nbsp;&nbsp;Kvinnheringen<\/li>\n<li><a href=\"https:\/\/news.google.com\/rss\/articles\/CBMickFVX3lxTE4xRXFrcWFtcTVPd0Y1cnFSeVhib1Q2Ukh3R2w1NTdOUm11M0lSZGFYOEpqckhzamJKQTQyWTdCVlhuZC1vVVB4UWxNWDVlM0NqRjVkazNobnA2SXA2X2RQLXYxY2RCc3BGeFREZjh1LWVZUQ?oc=5\" target=\"_blank\" rel=\"nofollow noopener\">\u2013 N\u00e5r det kokar gir det end\u00e5 meir energi<\/a>&nbsp;&nbsp;nyss.no<\/li>\n<li><a href=\"https:\/\/news.google.com\/rss\/articles\/CBMigwFBVV95cUxNeXNWVXdVSXJURDg3U2dlcmFxeHlPTE14YmZBeXdDcmswaDk2NFBpbVM5cWE1TGdXZGFnUjktS2ZudmVwbmx1X01UM3VUZ2laNTR5NC13U2hNZV90YktYMDZNbi1GLUlfbHJRYzhod0ZyYWV2bHdWdm1ZTi16RjMwODEyOA?oc=5\" target=\"_blank\" rel=\"nofollow noopener\">Julespurten ga kraftig l\u00f8ft for handelen<\/a>&nbsp;&nbsp;l-a.no<\/li>\n<li><a href=\"https:\/\/news.google.com\/rss\/articles\/CBMinwFBVV95cUxOZHctcjFIZDRvQTNMOXVINlVQMW1rVklLNEVIY3Y2dEtTdTRJNEtIWm9kMFk2bHZVUlpEWWFfZVBBeV85WmJ1VExXSnNDVUtUdzhraGVVNEFLQlF3TVJ3eUlpRUZwZUxwWjZ0YnVTbHBXd3JfWlV2V1ItRlI2aVd0NDlQX2lTeWE0RnBoZlppMmNZNEl6TER2MDdCYVVNbTQ?oc=5\" target=\"_blank\" rel=\"nofollow noopener\">Julehandel 2025, Hvaltorvet | Kan juble for nok en rekord: \u2013 Mangler bare tallene fra nytt\u00e5rsaften<\/a>&nbsp;&nbsp;Sandefjords Blad<\/li>\n<\/ol>\n","protected":false},"excerpt":{"rendered":"Levanger, Steinkjer | \u00d8ker mest: \u2013 Kl\u00e6r og stil har tatt av fullstendig&nbsp;&nbsp;Tr\u00f8nder-Avisa Husnes, N\u00e6ringsliv | Stor auke&hellip;\n","protected":false},"author":2,"featured_media":132421,"comment_status":"","ping_status":"","sticky":false,"template":"","format":"standard","meta":{"footnotes":""},"categories":[56],"tags":[60,61,62,30,28,29],"class_list":{"0":"post-132420","1":"post","2":"type-post","3":"status-publish","4":"format-standard","5":"has-post-thumbnail","7":"category-naeringsliv","8":"tag-business","9":"tag-economy","10":"tag-naeringsliv","11":"tag-no","12":"tag-norge","13":"tag-norway"},"share_on_mastodon":{"url":"https:\/\/pubeurope.com\/@no\/115861263718639947","error":""},"_links":{"self":[{"href":"https:\/\/www.europesays.com\/no\/wp-json\/wp\/v2\/posts\/132420","targetHints":{"allow":["GET"]}}],"collection":[{"href":"https:\/\/www.europesays.com\/no\/wp-json\/wp\/v2\/posts"}],"about":[{"href":"https:\/\/www.europesays.com\/no\/wp-json\/wp\/v2\/types\/post"}],"author":[{"embeddable":true,"href":"https:\/\/www.europesays.com\/no\/wp-json\/wp\/v2\/users\/2"}],"replies":[{"embeddable":true,"href":"https:\/\/www.europesays.com\/no\/wp-json\/wp\/v2\/comments?post=132420"}],"version-history":[{"count":0,"href":"https:\/\/www.europesays.com\/no\/wp-json\/wp\/v2\/posts\/132420\/revisions"}],"wp:featuredmedia":[{"embeddable":true,"href":"https:\/\/www.europesays.com\/no\/wp-json\/wp\/v2\/media\/132421"}],"wp:attachment":[{"href":"https:\/\/www.europesays.com\/no\/wp-json\/wp\/v2\/media?parent=132420"}],"wp:term":[{"taxonomy":"category","embeddable":true,"href":"https:\/\/www.europesays.com\/no\/wp-json\/wp\/v2\/categories?post=132420"},{"taxonomy":"post_tag","embeddable":true,"href":"https:\/\/www.europesays.com\/no\/wp-json\/wp\/v2\/tags?post=132420"}],"curies":[{"name":"wp","href":"https:\/\/api.w.org\/{rel}","templated":true}]}}