{"id":132422,"date":"2026-01-08T20:03:17","date_gmt":"2026-01-08T20:03:17","guid":{"rendered":"https:\/\/www.europesays.com\/no\/132422\/"},"modified":"2026-01-08T20:03:17","modified_gmt":"2026-01-08T20:03:17","slug":"is-og-sno-pa-lyktene-dette-glemmer-mange-na","status":"publish","type":"post","link":"https:\/\/www.europesays.com\/no\/132422\/","title":{"rendered":"Is og sn\u00f8 p\u00e5 lyktene: Dette glemmer mange n\u00e5"},"content":{"rendered":"<p>        Saken oppsummert<\/p>\n<ul lang=\"nb-NO\">\n<li>Mange glemmer \u00e5 fjerne sn\u00f8 og is fra bilens lykter f\u00f8r de kj\u00f8rer.<\/li>\n<li>LED-lykter smelter ikke sn\u00f8 og is like effektivt som eldre lykter.<\/li>\n<li>Statens vegvesen stopper biler med tildekkede lykter og gir bruksforbud.<\/li>\n<li>De fleste bilister er positive n\u00e5r de blir gjort oppmerksomme p\u00e5 problemet.<\/li>\n<\/ul>\n<p class=\"italic ai-disclaimer\" data-lab-italic=\"italic\">Oppsummeringen er laget med kunstig intelligens (KI) fra OpenAI. Innholdet er kvalitetssikret av TV 2s journalister. <a target=\"_blank\" href=\"https:\/\/hjelp.tv2.no\/info\/artikkel\/slik-jobber-vi-med-ki-i-tv-2\" title=\"Les om hvordan vi jobber med KI\" rel=\"nofollow noopener\">Les om hvordan vi jobber med KI<\/a><\/p>\n<p>De fleste av oss passer p\u00e5 \u00e5 f\u00e5 bort sn\u00f8 og is fra rutene p\u00e5 bilen f\u00f8r vi kj\u00f8rer av g\u00e5rde. Men s\u00e5 det dessverre noen som glemmer noe annet som ogs\u00e5 er sv\u00e6rt viktig: Nemlig lyktene.<\/p>\n<p>Det har blitt ekstra viktig etter hvert som stadig flere biler har LED-lykter. Disse avgir veldig lite varme, dermed smelter ikke sn\u00f8 og is p\u00e5 samme m\u00e5te som tidligere.<\/p>\n<p>Dette er noe kontroll\u00f8rene til Statens vegvesen ofte kommer over n\u00e5 i vinterhalv\u00e5ret. Bilen du ser over ble nylig stoppet i kontroll p\u00e5 Bryne. Og den fikk ikke kj\u00f8re videre f\u00f8r sn\u00f8en som l\u00e5 over frontlyktene var fjernet.<\/p>\n<p>Ikke s\u00e5 enkelt \u00e5 oppdage<\/p>\n<p>\u2013 I v\u00e5r instruks heter det at biler som dette f\u00e5r bruksforbud. De f\u00e5r alts\u00e5 ikke kj\u00f8re videre f\u00f8r sn\u00f8 og is er fjernet, forteller Bj\u00f8rn Uno Rogneby som er seniorinspekt\u00f8r i Statens vegvesen.<\/p>\n<p>        <img class=\"image__img lazyload\" itemprop=\"image\" title=\"\" alt=\"IKKE UVANLIG: Bj\u00f8rn Uno Rogneby er seniorinspekt\u00f8r i Statens vegvesen.\" width=\"338\" height=\"180\" bad-src=\"https:\/\/www.europesays.com\/no\/wp-content\/uploads\/2026\/01\/18062340.webp.jpeg\" fetchpriority=\"auto\" \/><\/p>\n<p>      IKKE UVANLIG: Bj\u00f8rn Uno Rogneby er seniorinspekt\u00f8r i Statens vegvesen.<\/p>\n<p class=\"italic m-italic\" data-lab-italic=\"italic\">\u2013 Hvor vanlig er dette?<\/p>\n<p>\u2013 Det er dessverre ikke uvanlig. S\u00e6rlig n\u00e5r man kj\u00f8rer i dagslys eller p\u00e5 opplyste veier. Da er det jo ikke n\u00f8dvendigvis s\u00e5 enkelt \u00e5 se at frontlyktene ikke lyser, eller lyser i sv\u00e6rt begrenset grad. Derfor er det ogs\u00e5 s\u00e5 viktig at man husker \u00e5 sjekke dem f\u00f8r man kj\u00f8rer av g\u00e5rde, sier Rogneby.<\/p>\n<p> <a href=\"https:\/\/www.tv2.no\/broom\/dette-er-ikke-lovlig-sjekk-hva-du-risikerer\/15842304\/\" target=\"_blank\" rel=\"nofollow noopener\">Dette er ikke lovlig \u2013 sjekk hva du risikerer<\/a> <\/p>\n<p>        <img class=\"image__img lazyload\" itemprop=\"image\" title=\"Foto: NAF\" alt=\"TETTES TIL: Det er ikke uvanlig at sn\u00f8en n\u00e6rmest tetter igjen hekken p\u00e5 mange biler etter at man har kj\u00f8rt et stykke. Da kan ogs\u00e5 lyktene etter hvert bli ganske usynlige. Foto: NAF\" width=\"978\" height=\"551\" bad-src=\"https:\/\/www.europesays.com\/no\/wp-content\/uploads\/2026\/01\/11244972.webp.jpeg\" fetchpriority=\"auto\" \/><\/p>\n<p>      TETTES TIL: Det er ikke uvanlig at sn\u00f8en n\u00e6rmest tetter igjen hekken p\u00e5 mange biler etter at man har kj\u00f8rt et stykke. Da kan ogs\u00e5 lyktene etter hvert bli ganske usynlige.<br \/>\n         Foto: NAF<\/p>\n<p>\u2013 Tar det positivt<\/p>\n<p>Tildekkede baklykter har ogs\u00e5 blitt et st\u00f8rre problem de siste \u00e5rene:<\/p>\n<p>\u2013 S\u00e6rlig p\u00e5 stasjonsvogner og SUV-er kan sn\u00f8en lett pakke seg her. Uten lykter som smelter bort sn\u00f8en, blir sikten fort minimal. Og det kan v\u00e6re sv\u00e6rt skummelt. Hvis ikke bremselysene er synlige, \u00f8ker faren for p\u00e5kj\u00f8rsel bakfra betydelig, sier Rogneby.<\/p>\n<p class=\"italic m-italic\" data-lab-italic=\"italic\">\u2013 Hvordan reagerer de som\u00a0 blir stoppet og f\u00e5r beskjed om \u00e5 fjerne sn\u00f8 og is?<\/p>\n<p>\u2013 De aller fleste tar det positivt. Mitt inntrykk er at mange ikke vet hvordan det egentlig ser ut. Derfor er det ogs\u00e5 viktig \u00e5 v\u00e6re bevisst. B\u00e5de f\u00f8r man kj\u00f8rer av g\u00e5rde \u2013 og \u00e5 sjekke underveis p\u00e5 tur, avslutter Rogneby.<\/p>\n<p><a href=\"https:\/\/www.tv2.no\/broom\/okende-problem-kan-vaere-veldig-skummelt\/17338418\/\" rel=\"nofollow noopener\" target=\"_blank\">\u00d8kende problem: Kan v\u00e6re veldig skummelt<\/a><\/p>\n<p class=\"bold m-bold\" data-lab-font_weight=\"bold\">Ny regel p\u00e5 gang, les mer i artikkelen under:<\/p>\n<p>    <a class=\"article__link\" data-ga-active-label=\"\" data-ga-active-label-animation=\"\" href=\"https:\/\/www.tv2.no\/broom\/ny-eu-regel-den-vil-du-merke\/18296558\/\" rel=\"nofollow noopener\" target=\"_blank\"><\/p>\n<p>    <img class=\"image__img lazyload\" itemprop=\"image\" title=\"\" alt=\"\" width=\"978\" height=\"411\" bad-src=\"https:\/\/www.europesays.com\/no\/wp-content\/uploads\/2026\/01\/18296611.webp.jpeg\" fetchpriority=\"auto\" \/><\/p>\n<p>            Ny EU-regel \u2013 den vil du merke<\/p>\n<p>    <\/a><\/p>\n","protected":false},"excerpt":{"rendered":"Saken oppsummert Mange glemmer \u00e5 fjerne sn\u00f8 og is fra bilens lykter f\u00f8r de kj\u00f8rer. LED-lykter smelter ikke&hellip;\n","protected":false},"author":2,"featured_media":132423,"comment_status":"","ping_status":"","sticky":false,"template":"","format":"standard","meta":{"footnotes":""},"categories":[10],"tags":[20,21,24,25,15,22,23,13,30,28,29,14,16,26,27],"class_list":{"0":"post-132422","1":"post","2":"type-post","3":"status-publish","4":"format-standard","5":"has-post-thumbnail","7":"category-norge","8":"tag-breaking-news","9":"tag-breakingnews","10":"tag-featured-news","11":"tag-featurednews","12":"tag-headlines","13":"tag-latest-news","14":"tag-latestnews","15":"tag-news","16":"tag-no","17":"tag-norge","18":"tag-norway","19":"tag-nyheter","20":"tag-overskrifter","21":"tag-top-stories","22":"tag-topstories"},"share_on_mastodon":{"url":"https:\/\/pubeurope.com\/@no\/115861271708186110","error":""},"_links":{"self":[{"href":"https:\/\/www.europesays.com\/no\/wp-json\/wp\/v2\/posts\/132422","targetHints":{"allow":["GET"]}}],"collection":[{"href":"https:\/\/www.europesays.com\/no\/wp-json\/wp\/v2\/posts"}],"about":[{"href":"https:\/\/www.europesays.com\/no\/wp-json\/wp\/v2\/types\/post"}],"author":[{"embeddable":true,"href":"https:\/\/www.europesays.com\/no\/wp-json\/wp\/v2\/users\/2"}],"replies":[{"embeddable":true,"href":"https:\/\/www.europesays.com\/no\/wp-json\/wp\/v2\/comments?post=132422"}],"version-history":[{"count":0,"href":"https:\/\/www.europesays.com\/no\/wp-json\/wp\/v2\/posts\/132422\/revisions"}],"wp:featuredmedia":[{"embeddable":true,"href":"https:\/\/www.europesays.com\/no\/wp-json\/wp\/v2\/media\/132423"}],"wp:attachment":[{"href":"https:\/\/www.europesays.com\/no\/wp-json\/wp\/v2\/media?parent=132422"}],"wp:term":[{"taxonomy":"category","embeddable":true,"href":"https:\/\/www.europesays.com\/no\/wp-json\/wp\/v2\/categories?post=132422"},{"taxonomy":"post_tag","embeddable":true,"href":"https:\/\/www.europesays.com\/no\/wp-json\/wp\/v2\/tags?post=132422"}],"curies":[{"name":"wp","href":"https:\/\/api.w.org\/{rel}","templated":true}]}}