{"id":132424,"date":"2026-01-08T20:04:09","date_gmt":"2026-01-08T20:04:09","guid":{"rendered":"https:\/\/www.europesays.com\/no\/132424\/"},"modified":"2026-01-08T20:04:09","modified_gmt":"2026-01-08T20:04:09","slug":"iselin-guttormsen-svarer-om-bryllupsbilde","status":"publish","type":"post","link":"https:\/\/www.europesays.com\/no\/132424\/","title":{"rendered":"Iselin Guttormsen svarer om bryllupsbilde"},"content":{"rendered":"\n<p class=\"_lead_o9xde_2 _lead_xtcu6_50 layout-component text-serif-m layout-normal text-serif-l layout-component layout-wide layout-padded _wide_17hqh_1 layout-padded\">Kjendisparet Iselin Guttormsen (39) og Catalin Mihu (32) delte et romantisk bilde p\u00e5 Instagram. Det satte fyr p\u00e5 kommentarfeltet. <\/p>\n<p><img alt=\" Foto: Gabriel Aas Sk\u00e5levik \/ VG\" class=\"_image_qp4xg_65 layout-component layout-wide\" data-fullscreen- data-track-element-type=\"Article image fullscreen\" data-track-name=\"ImageFullscreen\" fetchpriority=\"high\" decoding=\"sync\" loading=\"eager\" height=\"4000\" itemprop=\"image\"  src=\"https:\/\/www.europesays.com\/no\/wp-content\/uploads\/2026\/01\/6a5f3bf6-da20-49e7-9ecf-17d534205855.jpeg\"  style=\"object-position:0% 0%\" width=\"6000\"\/> Foto: Gabriel Aas Sk\u00e5levik \/ VG<\/p>\n<ul aria-hidden=\"true\" class=\"_images_ntbth_112\">\n<li><a class=\"_link_ntbth_117\" href=\"https:\/\/www.vg.no\/forfatter\/hanne-kretuz-hansen\" style=\"z-index:2\" title=\"Hanne Kreutz-Hansen\" rel=\"nofollow noopener\" target=\"_blank\"><img alt=\"Bilde av Hanne Kreutz-Hansen\" class=\"_image_ntbth_93\" fetchpriority=\"low\" loading=\"lazy\" decoding=\"async\" itemprop=\"image\"  src=\"https:\/\/www.europesays.com\/no\/wp-content\/uploads\/2026\/01\/1767902648_227_91499188-43f5-43fa-b038-5716eac94ffb.jpeg\"  width=\"480\"\/><\/a><\/li>\n<li><a class=\"_link_ntbth_117\" href=\"https:\/\/www.vg.no\/forfatter\/bastian-lunde-hvitmyhr\" style=\"z-index:1\" title=\"Bastian Lunde Hvitmyhr\" rel=\"nofollow noopener\" target=\"_blank\"><img alt=\"Bilde av Bastian Lunde Hvitmyhr\" class=\"_image_ntbth_93\" fetchpriority=\"low\" loading=\"lazy\" decoding=\"async\" itemprop=\"image\"  src=\"https:\/\/www.europesays.com\/no\/wp-content\/uploads\/2026\/01\/1767902648_96_150baf2c-85af-47f9-b506-d8189e6820a4.jpeg\"  width=\"480\"\/><\/a><\/li>\n<\/ul>\n<p> Oppdatert torsdag 8. januar kl. 19:01     <\/p>\n<p class=\"_paragraph_o9xde_4 _paragraph_xtcu6_10 layout-component text-serif-m layout-normal text-serif-m layout-padded\">Bildet har f\u00e5tt flere av hennes 184.000 f\u00f8lgere p\u00e5 <a href=\"https:\/\/www.instagram.com\/p\/DTPfSUrjDvr\/\" class=\"_link_o9xde_39\" rel=\"nofollow noopener\" target=\"_blank\">Instagram <\/a>til \u00e5 spekulere.<\/p>\n<p class=\"_paragraph_o9xde_4 _paragraph_xtcu6_10 layout-component text-serif-m layout-normal text-serif-m layout-padded\"><strong class=\"_strong_o9xde_25\">Skal paret gifte seg?<\/strong><\/p>\n<p class=\"_paragraph_o9xde_4 _paragraph_xtcu6_10 layout-component text-serif-m layout-normal text-serif-m layout-padded\">P\u00e5 bildet kysser influencer og sexolog Guttormsen og danser Catalin Andrei Mihu bak et sl\u00f8r. Hun er kledd i hvit kjole, han i smoking.<\/p>\n<p class=\"_paragraph_o9xde_4 _paragraph_xtcu6_10 layout-component text-serif-m layout-normal text-serif-m layout-padded\">Fotografen som er kreditert, er en bryllupsfotograf. Bildet har f\u00e5tt hundrevis av f\u00f8lgere til \u00e5 tro at de har giftet seg. Kommentarfeltet bugner over av gratulasjoner og sp\u00f8rsm\u00e5l om bryllup.<\/p>\n<p class=\"_paragraph_o9xde_4 _paragraph_xtcu6_10 layout-component text-serif-m layout-normal text-serif-m layout-padded\">Paret m\u00f8ttes f\u00f8rste gang i et dansestudio i 2021, fortalte hun i et <a href=\"https:\/\/www.vg.no\/rampelys\/i\/PpVdJ0\/iselin-guttormsen-om-kjaerligheten-er-jeg-bare-redd-for-aa-vaere-alene\" data-track-element-type=\"Link\" data-track-id=\"link:PpVdJ0\" class=\"_link_o9xde_39\" rel=\"nofollow noopener\" target=\"_blank\">VG-intervju<\/a> i h\u00f8st.<\/p>\n<p class=\"_paragraph_o9xde_4 _paragraph_xtcu6_10 layout-component text-serif-m layout-normal text-serif-m layout-padded\"><strong class=\"_strong_o9xde_25\">Til VG forklarer hun torsdag kveld grunnen til at bildet ble tatt.<\/strong><\/p>\n<p class=\"_paragraph_o9xde_4 _paragraph_xtcu6_10 layout-component text-serif-m layout-normal text-serif-m layout-padded\">\u2013 Bildene er fra en fotoshoot, men jeg h\u00e5per og tror vi en dag skal gifte oss, skriver Guttormsen i en sms til VG.<\/p>\n<p class=\"_paragraph_o9xde_4 _paragraph_xtcu6_10 layout-component text-serif-m layout-normal text-serif-m layout-padded\">Hun forklarer at bildene er tatt for et bryllupsevent senere i januar.<\/p>\n<p class=\"_paragraph_o9xde_4 _paragraph_xtcu6_10 layout-component text-serif-m layout-normal layout-padded\"><strong class=\"_strong_o9xde_25\">Les ogs\u00e5:<\/strong> <a href=\"https:\/\/www.vg.no\/i\/PpVdJ0\" data-track-element-type=\"Link\" data-track-id=\"link:PpVdJ0\" class=\"_link_o9xde_39\" rel=\"nofollow noopener\" target=\"_blank\">\u2013 Er jeg bare redd for \u00e5 v\u00e6re alene?<\/a><\/p>\n<p class=\"_paragraph_o9xde_4 _paragraph_xtcu6_10 layout-component text-serif-m layout-normal text-serif-m layout-padded\">\u2013 Det er min venninne og make-upartist Angelika Wiese som skal \u00abhoste\u00bb denne kvelden. Jeg ble spurt om \u00e5 stille og jeg stiller selvsagt. <\/p>\n<p class=\"_paragraph_o9xde_4 _paragraph_xtcu6_10 layout-component text-serif-m layout-normal text-serif-m layout-padded\">Hun legger til:<\/p>\n<p class=\"_paragraph_o9xde_4 _paragraph_xtcu6_10 layout-component text-serif-m layout-normal text-serif-m layout-padded\">\u2013 Som sexolog har jeg alltid v\u00e6rt \u00e5pen om at jeg savner mer kj\u00e6rlighet i samfunnet. Sex er vel og bra det, men jeg mener vi mister oss selv litt i all sexprat. Folk elsker \u00e5 knulle, men knuller uten \u00e5 elske. Derfor synes jeg det er viktig \u00e5 ha fokus p\u00e5 kj\u00e6rlighet og hva er vel ikke mer kj\u00e6rlighet enn bryllup og alt som h\u00f8rer til.<\/p>\n<p class=\"_paragraph_o9xde_4 _paragraph_xtcu6_10 layout-component text-serif-m layout-normal text-serif-m layout-padded\">Mihu var influenserens dansepartner i \u00abSkal vi danse\u00bb p\u00e5 TV 2. De fant kj\u00e6rligheten under konkurransens \u00abAll Stars\u00bb-sesongen i 2022.<\/p>\n<p class=\"_paragraph_o9xde_4 _paragraph_xtcu6_10 layout-component text-serif-m layout-normal text-serif-m layout-padded\"><strong class=\"_strong_o9xde_25\">Guttormsen er mor til to, fra et tidligere forhold.<\/strong><\/p>\n<p class=\"_paragraph_o9xde_4 _paragraph_xtcu6_10 layout-component text-serif-m layout-normal text-serif-m layout-padded\">De bor fortsatt hver for seg \u2013 Iselin i et  hus i \u00c5ros, og Catalin i en leilighet i Drammen. En gang skal de gifte seg. Dr\u00f8mmen er et stort bryllup i varmere str\u00f8k.<\/p>\n<p class=\"_paragraph_o9xde_4 _paragraph_xtcu6_10 layout-component text-serif-m layout-normal text-serif-m layout-padded\">\u2013 Hvis vi vil ha det s\u00e5nn som vi vil ha det, s\u00e5 m\u00e5 \u00f8konomi og det praktiske v\u00e6re p\u00e5 plass. Vi stresser ikke med det, sa de til VG i 2025.<\/p>\n<p><img alt=\"Iselin Guttormsen og Catalin Mihu i forbindelse med \u00abSkal vi danse: all stars\u00bb i 2022.  Foto: Espen Solli \/ TV 2 \/ NTB\" class=\"_image_qp4xg_65 layout-component layout-normal\" data-fullscreen- data-track-element-type=\"Article image fullscreen\" data-track-name=\"ImageFullscreen\" decoding=\"async\" loading=\"lazy\" height=\"3648\" itemprop=\"image\"  src=\"https:\/\/www.europesays.com\/no\/wp-content\/uploads\/2026\/01\/e1cf9e99-88f4-4b1c-9ef3-b0ff64ddb103.png\"  style=\"object-position:0% 0%\" width=\"5472\"\/>Iselin Guttormsen og Catalin Mihu i forbindelse med \u00abSkal vi danse: all stars\u00bb i 2022.  Foto: Espen Solli \/ TV 2 \/ NTB       <script async src=\"\/\/www.instagram.com\/embed.js\"><\/script><\/p>\n","protected":false},"excerpt":{"rendered":"Kjendisparet Iselin Guttormsen (39) og Catalin Mihu (32) delte et romantisk bilde p\u00e5 Instagram. Det satte fyr p\u00e5&hellip;\n","protected":false},"author":2,"featured_media":132425,"comment_status":"","ping_status":"","sticky":false,"template":"","format":"standard","meta":{"footnotes":""},"categories":[5],"tags":[20,21,24,25,15,19,5891,22,23,17,18,13,30,28,29,14,16,26,27],"class_list":{"0":"post-132424","1":"post","2":"type-post","3":"status-publish","4":"format-standard","5":"has-post-thumbnail","7":"category-overskrifter","8":"tag-breaking-news","9":"tag-breakingnews","10":"tag-featured-news","11":"tag-featurednews","12":"tag-headlines","13":"tag-hovedoppslag","14":"tag-iselin-guttormsen","15":"tag-latest-news","16":"tag-latestnews","17":"tag-main-news","18":"tag-mainnews","19":"tag-news","20":"tag-no","21":"tag-norge","22":"tag-norway","23":"tag-nyheter","24":"tag-overskrifter","25":"tag-top-stories","26":"tag-topstories"},"share_on_mastodon":{"url":"https:\/\/pubeurope.com\/@no\/115861275623487648","error":""},"_links":{"self":[{"href":"https:\/\/www.europesays.com\/no\/wp-json\/wp\/v2\/posts\/132424","targetHints":{"allow":["GET"]}}],"collection":[{"href":"https:\/\/www.europesays.com\/no\/wp-json\/wp\/v2\/posts"}],"about":[{"href":"https:\/\/www.europesays.com\/no\/wp-json\/wp\/v2\/types\/post"}],"author":[{"embeddable":true,"href":"https:\/\/www.europesays.com\/no\/wp-json\/wp\/v2\/users\/2"}],"replies":[{"embeddable":true,"href":"https:\/\/www.europesays.com\/no\/wp-json\/wp\/v2\/comments?post=132424"}],"version-history":[{"count":0,"href":"https:\/\/www.europesays.com\/no\/wp-json\/wp\/v2\/posts\/132424\/revisions"}],"wp:featuredmedia":[{"embeddable":true,"href":"https:\/\/www.europesays.com\/no\/wp-json\/wp\/v2\/media\/132425"}],"wp:attachment":[{"href":"https:\/\/www.europesays.com\/no\/wp-json\/wp\/v2\/media?parent=132424"}],"wp:term":[{"taxonomy":"category","embeddable":true,"href":"https:\/\/www.europesays.com\/no\/wp-json\/wp\/v2\/categories?post=132424"},{"taxonomy":"post_tag","embeddable":true,"href":"https:\/\/www.europesays.com\/no\/wp-json\/wp\/v2\/tags?post=132424"}],"curies":[{"name":"wp","href":"https:\/\/api.w.org\/{rel}","templated":true}]}}